{"id":70708,"date":"2004-08-10T00:00:00","date_gmt":"2004-08-10T00:00:00","guid":{"rendered":"https:\/\/www.deberes.net\/tesis\/sin-categoria\/sujeto-uberal-y-psicoanalisis\/"},"modified":"2004-08-10T00:00:00","modified_gmt":"2004-08-10T00:00:00","slug":"sujeto-uberal-y-psicoanalisis","status":"publish","type":"post","link":"https:\/\/www.deberes.net\/tesis\/ciencia-politica\/sujeto-uberal-y-psicoanalisis\/","title":{"rendered":"Sujeto uberal y psicoan\u00e1lisis"},"content":{"rendered":"<h2>Tesis doctoral de <strong>  Garcia Banchs M. Mallela <\/strong><\/h2>\n<p>La tesis \u00absujeto liberal y psicoan\u00e1lisis\u00bbexpone en detalle los rasgos de la crisis del sujeto liberal, a partir de un modelo de an\u00e1lisis del pensamiento de los diversos te\u00f3ricos que contribuyen a su conceptualizaci\u00f3n.La tesis de base sostiene que dicha crisis se fundamenta en la escisi\u00f3n de la vertiente inconsciente del sujeto, y la exclusi\u00f3n o \u00abautocontrol\u00bbde la naturaleza humana,como principio de su participaci\u00f3n en el lazo social y en el espacio p\u00fablico.A partir de los postulados desarrollados por sigmund freud y por jacques lacan, contrastamos los planteamientos de hannah arent para la resignificaci\u00f3n de lo p\u00fablico y para el concepto de sujeto pol\u00edtico.Asimismo , se analiza otros elementos que dicha autora plantea como convergentes al problema de la desaparici\u00f3n del sujeto pol\u00edtico del espacio p\u00fablico.<\/p>\n<p>&nbsp;<\/p>\n<h3>Datos acad\u00e9micos de la tesis doctoral \u00ab<strong>Sujeto uberal y psicoan\u00e1lisis<\/strong>\u00ab<\/h3>\n<ul>\n<li><strong>T\u00edtulo de la tesis:<\/strong>\u00a0 Sujeto uberal y psicoan\u00e1lisis <\/li>\n<li><strong>Autor:<\/strong>\u00a0  Garcia Banchs M. Mallela <\/li>\n<li><strong>Universidad:<\/strong>\u00a0 Complutense de Madrid<\/li>\n<li><strong>Fecha de lectura de la tesis:<\/strong>\u00a0 08\/10\/2004<\/li>\n<\/ul>\n<p>&nbsp;<\/p>\n<h3>Direcci\u00f3n y tribunal<\/h3>\n<ul>\n<li><strong>Director de la tesis<\/strong>\n<ul>\n<li>Jos\u00e9 Miguel Marinas Herreras<\/li>\n<\/ul>\n<\/li>\n<li><strong>Tribunal<\/strong>\n<ul>\n<li>Presidente del tribunal: esther Del campo garcia <\/li>\n<li> Manuel rodriguez victormanu Jos\u00e9 Manuel (vocal)<\/li>\n<li>Luis Garcia soto (vocal)<\/li>\n<li>pedro Frances gomez (vocal)<\/li>\n<\/ul>\n<\/li>\n<\/ul>\n<p>&nbsp;<\/p>\n","protected":false},"excerpt":{"rendered":"<p>Tesis doctoral de Garcia Banchs M. Mallela La tesis \u00absujeto liberal y psicoan\u00e1lisis\u00bbexpone en detalle los rasgos de la crisis [&hellip;]<\/p>\n","protected":false},"author":1,"featured_media":0,"comment_status":"open","ping_status":"open","sticky":false,"template":"","format":"standard","meta":{"site-sidebar-layout":"default","site-content-layout":"","ast-site-content-layout":"","site-content-style":"default","site-sidebar-style":"default","ast-global-header-display":"","ast-banner-title-visibility":"","ast-main-header-display":"","ast-hfb-above-header-display":"","ast-hfb-below-header-display":"","ast-hfb-mobile-header-display":"","site-post-title":"","ast-breadcrumbs-content":"","ast-featured-img":"","footer-sml-layout":"","theme-transparent-header-meta":"","adv-header-id-meta":"","stick-header-meta":"","header-above-stick-meta":"","header-main-stick-meta":"","header-below-stick-meta":"","astra-migrate-meta-layouts":"default","ast-page-background-enabled":"default","ast-page-background-meta":{"desktop":{"background-color":"var(--ast-global-color-4)","background-image":"","background-repeat":"repeat","background-position":"center center","background-size":"auto","background-attachment":"scroll","background-type":"","background-media":"","overlay-type":"","overlay-color":"","overlay-gradient":""},"tablet":{"background-color":"","background-image":"","background-repeat":"repeat","background-position":"center center","background-size":"auto","background-attachment":"scroll","background-type":"","background-media":"","overlay-type":"","overlay-color":"","overlay-gradient":""},"mobile":{"background-color":"","background-image":"","background-repeat":"repeat","background-position":"center center","background-size":"auto","background-attachment":"scroll","background-type":"","background-media":"","overlay-type":"","overlay-color":"","overlay-gradient":""}},"ast-content-background-meta":{"desktop":{"background-color":"var(--ast-global-color-5)","background-image":"","background-repeat":"repeat","background-position":"center center","background-size":"auto","background-attachment":"scroll","background-type":"","background-media":"","overlay-type":"","overlay-color":"","overlay-gradient":""},"tablet":{"background-color":"var(--ast-global-color-5)","background-image":"","background-repeat":"repeat","background-position":"center center","background-size":"auto","background-attachment":"scroll","background-type":"","background-media":"","overlay-type":"","overlay-color":"","overlay-gradient":""},"mobile":{"background-color":"var(--ast-global-color-5)","background-image":"","background-repeat":"repeat","background-position":"center center","background-size":"auto","background-attachment":"scroll","background-type":"","background-media":"","overlay-type":"","overlay-color":"","overlay-gradient":""}},"footnotes":""},"categories":[838,993],"tags":[37355,154312,34964,34890,154313,85272],"class_list":["post-70708","post","type-post","status-publish","format-standard","hentry","category-ciencia-politica","category-vida-politica","tag-esther-del-campo-garcia","tag-garcia-banchs-m-mallela","tag-jose-miguel-marinas-herreras","tag-luis-garcia-soto","tag-manuel-rodriguez-victormanu-jose-manuel","tag-pedro-frances-gomez"],"_links":{"self":[{"href":"https:\/\/www.deberes.net\/tesis\/wp-json\/wp\/v2\/posts\/70708","targetHints":{"allow":["GET"]}}],"collection":[{"href":"https:\/\/www.deberes.net\/tesis\/wp-json\/wp\/v2\/posts"}],"about":[{"href":"https:\/\/www.deberes.net\/tesis\/wp-json\/wp\/v2\/types\/post"}],"author":[{"embeddable":true,"href":"https:\/\/www.deberes.net\/tesis\/wp-json\/wp\/v2\/users\/1"}],"replies":[{"embeddable":true,"href":"https:\/\/www.deberes.net\/tesis\/wp-json\/wp\/v2\/comments?post=70708"}],"version-history":[{"count":0,"href":"https:\/\/www.deberes.net\/tesis\/wp-json\/wp\/v2\/posts\/70708\/revisions"}],"wp:attachment":[{"href":"https:\/\/www.deberes.net\/tesis\/wp-json\/wp\/v2\/media?parent=70708"}],"wp:term":[{"taxonomy":"category","embeddable":true,"href":"https:\/\/www.deberes.net\/tesis\/wp-json\/wp\/v2\/categories?post=70708"},{"taxonomy":"post_tag","embeddable":true,"href":"https:\/\/www.deberes.net\/tesis\/wp-json\/wp\/v2\/tags?post=70708"}],"curies":[{"name":"wp","href":"https:\/\/api.w.org\/{rel}","templated":true}]}}