{"id":70720,"date":"2004-08-10T00:00:00","date_gmt":"2004-08-10T00:00:00","guid":{"rendered":"https:\/\/www.deberes.net\/tesis\/sin-categoria\/el-futuro-del-empleo-publico-espanol-la-dialectica-entre-lo-institucional-y-lo-organizativo\/"},"modified":"2004-08-10T00:00:00","modified_gmt":"2004-08-10T00:00:00","slug":"el-futuro-del-empleo-publico-espanol-la-dialectica-entre-lo-institucional-y-lo-organizativo","status":"publish","type":"post","link":"https:\/\/www.deberes.net\/tesis\/ciencias-juridicas-y-derecho\/el-futuro-del-empleo-publico-espanol-la-dialectica-entre-lo-institucional-y-lo-organizativo\/","title":{"rendered":"El futuro del empleo publico espa\u00f1ol: la dialectica entre lo institucional y lo organizativo."},"content":{"rendered":"<h2>Tesis doctoral de <strong>  Pinazo Hernandis Francisco Javier <\/strong><\/h2>\n<p>El trabajo  plantea la necesidad de ubicar al empleo p\u00fablico espa\u00f1ol en un espacio \u00e9tico-axiol\u00f3gico, socio-pol\u00edtico y jur\u00eddico-organizativo, situado desde  una tensi\u00f3n entre lo institucional y lo organizativo y dentro del marco que suponen  los paradigmas  postburoctr\u00e1ticos de gesti\u00f3n p\u00fablica y gobernanza.  hay que ir m\u00e1s all\u00e1 de la reivindicaci\u00f3n de un lugar digno y coherente para el empleo p\u00fablico laboral en el marco de una necesaria  reforma de la funci\u00f3n p\u00fablica, para hablar de ordenaci\u00f3n  sist\u00e9mica del empleo p\u00fablico espa\u00f1ol.  la  ausencia de unos criterios concretos de  ordenaci\u00f3n  del tr\u00e1nsito de un modelo de funci\u00f3n p\u00fablica m\u00e1s cerrada a otro m\u00e1s abierto iniciado en 1964;  el r\u00e9gimen jur\u00eddico del empleo p\u00fablico  confuso, sobre todo por su  dispersi\u00f3n e  incoherencia.; Y el de que no se atisbe, a corto o medio plazo, intenci\u00f3n alguna por establecer un modelo  que mejore  esta  situaci\u00f3n, merecen una ordenaci\u00f3n, aun cuando la situaci\u00f3n  no es muy distinta a la de nuestro entorno pol\u00edtico-administrativo.  partiendo de los hechos anteriores, el objeto de la investigaci\u00f3n es  determinar si el empleo p\u00fablico espa\u00f1ol puede responder, dede su complejidad, a un modelo sist\u00e9mico, desde  una concepci\u00f3n m\u00e1s institucional y m\u00e1s abierta.  el recurso a disciplinas confluyentes en el locus y el focus de la investigaci\u00f3n permiten la busqueda de  razones  y elementos sobre los  que  fundamentar unas bases sobre las que reinventar y estructurar la configuraci\u00f3n actual de empleo p\u00fablico  espa\u00f1ol, m\u00e1s flexible y adaptable.  palabras clave : empleo p\u00fablico, administraci\u00f3n p\u00fablica, instituci\u00f3n, organizaci\u00f3n, sistemas, \u00e9tica, valores, sociolog\u00eda de la administraci\u00f3n , pol\u00edticas p\u00fablicas<\/p>\n<p>&nbsp;<\/p>\n<h3>Datos acad\u00e9micos de la tesis doctoral \u00ab<strong>El futuro del empleo publico espa\u00f1ol: la dialectica entre lo institucional y lo organizativo.<\/strong>\u00ab<\/h3>\n<ul>\n<li><strong>T\u00edtulo de la tesis:<\/strong>\u00a0 El futuro del empleo publico espa\u00f1ol: la dialectica entre lo institucional y lo organizativo. <\/li>\n<li><strong>Autor:<\/strong>\u00a0  Pinazo Hernandis Francisco Javier <\/li>\n<li><strong>Universidad:<\/strong>\u00a0 Universitat de val\u00e9ncia (estudi general)<\/li>\n<li><strong>Fecha de lectura de la tesis:<\/strong>\u00a0 08\/10\/2004<\/li>\n<\/ul>\n<p>&nbsp;<\/p>\n<h3>Direcci\u00f3n y tribunal<\/h3>\n<ul>\n<li><strong>Director de la tesis<\/strong>\n<ul>\n<li>Ignacio Sevilla Merino<\/li>\n<\/ul>\n<\/li>\n<li><strong>Tribunal<\/strong>\n<ul>\n<li>Presidente del tribunal: Mar\u00eda no Baena del alcazar <\/li>\n<li>Jos\u00e9 Manuel Canales aliende (vocal)<\/li>\n<li> Climent barbera Juan  ubaldo (vocal)<\/li>\n<li>Rafael Aliena miralles (vocal)<\/li>\n<\/ul>\n<\/li>\n<\/ul>\n<p>&nbsp;<\/p>\n","protected":false},"excerpt":{"rendered":"<p>Tesis doctoral de Pinazo Hernandis Francisco Javier El trabajo plantea la necesidad de ubicar al empleo p\u00fablico espa\u00f1ol en un [&hellip;]<\/p>\n","protected":false},"author":1,"featured_media":0,"comment_status":"open","ping_status":"open","sticky":false,"template":"","format":"standard","meta":{"site-sidebar-layout":"default","site-content-layout":"","ast-site-content-layout":"","site-content-style":"default","site-sidebar-style":"default","ast-global-header-display":"","ast-banner-title-visibility":"","ast-main-header-display":"","ast-hfb-above-header-display":"","ast-hfb-below-header-display":"","ast-hfb-mobile-header-display":"","site-post-title":"","ast-breadcrumbs-content":"","ast-featured-img":"","footer-sml-layout":"","theme-transparent-header-meta":"","adv-header-id-meta":"","stick-header-meta":"","header-above-stick-meta":"","header-main-stick-meta":"","header-below-stick-meta":"","astra-migrate-meta-layouts":"default","ast-page-background-enabled":"default","ast-page-background-meta":{"desktop":{"background-color":"var(--ast-global-color-4)","background-image":"","background-repeat":"repeat","background-position":"center center","background-size":"auto","background-attachment":"scroll","background-type":"","background-media":"","overlay-type":"","overlay-color":"","overlay-gradient":""},"tablet":{"background-color":"","background-image":"","background-repeat":"repeat","background-position":"center center","background-size":"auto","background-attachment":"scroll","background-type":"","background-media":"","overlay-type":"","overlay-color":"","overlay-gradient":""},"mobile":{"background-color":"","background-image":"","background-repeat":"repeat","background-position":"center center","background-size":"auto","background-attachment":"scroll","background-type":"","background-media":"","overlay-type":"","overlay-color":"","overlay-gradient":""}},"ast-content-background-meta":{"desktop":{"background-color":"var(--ast-global-color-5)","background-image":"","background-repeat":"repeat","background-position":"center center","background-size":"auto","background-attachment":"scroll","background-type":"","background-media":"","overlay-type":"","overlay-color":"","overlay-gradient":""},"tablet":{"background-color":"var(--ast-global-color-5)","background-image":"","background-repeat":"repeat","background-position":"center center","background-size":"auto","background-attachment":"scroll","background-type":"","background-media":"","overlay-type":"","overlay-color":"","overlay-gradient":""},"mobile":{"background-color":"var(--ast-global-color-5)","background-image":"","background-repeat":"repeat","background-position":"center center","background-size":"auto","background-attachment":"scroll","background-type":"","background-media":"","overlay-type":"","overlay-color":"","overlay-gradient":""}},"footnotes":""},"categories":[856,838,612,1442,979,2169],"tags":[26162,71247,4176,859,154331,82528],"class_list":["post-70720","post","type-post","status-publish","format-standard","hentry","category-administracion-publica","category-ciencia-politica","category-ciencias-juridicas-y-derecho","category-derecho-administrativo","category-derecho-y-legislacion-nacionales","category-funcion-publica","tag-climent-barbera-juan-ubaldo","tag-ignacio-sevilla-merino","tag-jose-manuel-canales-aliende","tag-maria-no-baena-del-alcazar","tag-pinazo-hernandis-francisco-javier","tag-rafael-aliena-miralles"],"_links":{"self":[{"href":"https:\/\/www.deberes.net\/tesis\/wp-json\/wp\/v2\/posts\/70720","targetHints":{"allow":["GET"]}}],"collection":[{"href":"https:\/\/www.deberes.net\/tesis\/wp-json\/wp\/v2\/posts"}],"about":[{"href":"https:\/\/www.deberes.net\/tesis\/wp-json\/wp\/v2\/types\/post"}],"author":[{"embeddable":true,"href":"https:\/\/www.deberes.net\/tesis\/wp-json\/wp\/v2\/users\/1"}],"replies":[{"embeddable":true,"href":"https:\/\/www.deberes.net\/tesis\/wp-json\/wp\/v2\/comments?post=70720"}],"version-history":[{"count":0,"href":"https:\/\/www.deberes.net\/tesis\/wp-json\/wp\/v2\/posts\/70720\/revisions"}],"wp:attachment":[{"href":"https:\/\/www.deberes.net\/tesis\/wp-json\/wp\/v2\/media?parent=70720"}],"wp:term":[{"taxonomy":"category","embeddable":true,"href":"https:\/\/www.deberes.net\/tesis\/wp-json\/wp\/v2\/categories?post=70720"},{"taxonomy":"post_tag","embeddable":true,"href":"https:\/\/www.deberes.net\/tesis\/wp-json\/wp\/v2\/tags?post=70720"}],"curies":[{"name":"wp","href":"https:\/\/api.w.org\/{rel}","templated":true}]}}