{"id":70747,"date":"2018-03-09T23:15:17","date_gmt":"2018-03-09T23:15:17","guid":{"rendered":"https:\/\/www.deberes.net\/tesis\/sin-categoria\/representaciones-sociales-sobre-la-impunidad-en-la-prensa-colombiana\/"},"modified":"2018-03-09T23:15:17","modified_gmt":"2018-03-09T23:15:17","slug":"representaciones-sociales-sobre-la-impunidad-en-la-prensa-colombiana","status":"publish","type":"post","link":"https:\/\/www.deberes.net\/tesis\/linguistica\/representaciones-sociales-sobre-la-impunidad-en-la-prensa-colombiana\/","title":{"rendered":"Representaciones sociales sobre la impunidad en la prensa colombiana"},"content":{"rendered":"<h2>Tesis doctoral de <strong>  Pardo Abril Neyla Graciela <\/strong><\/h2>\n<p>En el marco del an\u00e1lisis cr\u00edtico del discurso se formula el estudio de la impunidad en la prensa, para evidenciar las formas de representaci\u00f3n social a las que subyacen tipos y modos de conocimiento, producidos y estabilizados en la sociedad, desde distintos niveles de abstracci\u00f3n del significado. se adopta esta perspectiva, dado que se reconoce en el discurso, su car\u00e1cter determinante en la construcci\u00f3n, la utilizaci\u00f3n y la transformaci\u00f3n de lo cognitivo, as\u00ed como su capacidad para la materializaci\u00f3n de los saberes individuales y colectivos.  la postura te\u00f3rica que se asume implica reconocer en los saberes un producto de lo cognitivo y lo social, estructurado en la interacci\u00f3n comunicativa, por lo que los distintos recursos ling\u00ed\u00bc\u00edsticos inscritos en el discurso se conciben portadores de redes conceptuales, esquemas fundacionales, modelos culturales y representaciones sociales. De la manera como se ponen en relaci\u00f3n estas categor\u00edas se infiere el recurso te\u00f3rico-metodol\u00f3gico para la realizaci\u00f3n de este trabajo, mediante el cual es posible establecer el nexo entre la representaci\u00f3n mental, configuradora de los saberes individuales, y las representaciones sociales (rs), en las que se materializan los saberes colectivos consensuados y estabilizados en una sociedad.  del an\u00e1lisis cr\u00edtico del discurso sobre un fen\u00f3meno social como la impunidad se deriva que \u00e9sta es un problema que afecta todos los \u00e1mbitos de la vida colectiva, esto es, lo econ\u00f3mico, lo pol\u00edtico, lo jur\u00eddico, lo cultural y lo social, y se perciba como un fen\u00f3meno abstruso, difuso y contradictorio. frente a esto, la prensa escrita, haciendo acopio de recursos y estrategias ling\u00ed\u00bc\u00edsticas fragmenta, oculta y sirve, intencionalmente o no, a los prop\u00f3sitos e intereses de sectores sociales comprometidos con la crisis socio-pol\u00edtica del pa\u00eds.  desde este marco se desarrolla el trabajo en seis cap\u00edtulos, con el prop\u00f3sito de formular la relaci\u00f3n en<\/p>\n<p>&nbsp;<\/p>\n<h3>Datos acad\u00e9micos de la tesis doctoral \u00ab<strong>Representaciones sociales sobre la impunidad en la prensa colombiana<\/strong>\u00ab<\/h3>\n<ul>\n<li><strong>T\u00edtulo de la tesis:<\/strong>\u00a0 Representaciones sociales sobre la impunidad en la prensa colombiana <\/li>\n<li><strong>Autor:<\/strong>\u00a0  Pardo Abril Neyla Graciela <\/li>\n<li><strong>Universidad:<\/strong>\u00a0 Nacional de educaci\u00f3n a distancia<\/li>\n<li><strong>Fecha de lectura de la tesis:<\/strong>\u00a0 13\/10\/2004<\/li>\n<\/ul>\n<p>&nbsp;<\/p>\n<h3>Direcci\u00f3n y tribunal<\/h3>\n<ul>\n<li><strong>Director de la tesis<\/strong>\n<ul>\n<li>Teun Van Dijk<\/li>\n<\/ul>\n<\/li>\n<li><strong>Tribunal<\/strong>\n<ul>\n<li>Presidente del tribunal: eduardo Bustos guada\u00f1o <\/li>\n<li>Antonio  Miguel Ba\u00f1on hernandez (vocal)<\/li>\n<li>Mar\u00eda Luisa Mart\u00edn rojo (vocal)<\/li>\n<li>mercedes Bengoechea bartolom\u00e9 (vocal)<\/li>\n<\/ul>\n<\/li>\n<\/ul>\n<p>&nbsp;<\/p>\n","protected":false},"excerpt":{"rendered":"<p>Tesis doctoral de Pardo Abril Neyla Graciela En el marco del an\u00e1lisis cr\u00edtico del discurso se formula el estudio de [&hellip;]<\/p>\n","protected":false},"author":1,"featured_media":0,"comment_status":"open","ping_status":"open","sticky":false,"template":"","format":"standard","meta":{"site-sidebar-layout":"default","site-content-layout":"","ast-site-content-layout":"","site-content-style":"default","site-sidebar-style":"default","ast-global-header-display":"","ast-banner-title-visibility":"","ast-main-header-display":"","ast-hfb-above-header-display":"","ast-hfb-below-header-display":"","ast-hfb-mobile-header-display":"","site-post-title":"","ast-breadcrumbs-content":"","ast-featured-img":"","footer-sml-layout":"","theme-transparent-header-meta":"","adv-header-id-meta":"","stick-header-meta":"","header-above-stick-meta":"","header-main-stick-meta":"","header-below-stick-meta":"","astra-migrate-meta-layouts":"default","ast-page-background-enabled":"default","ast-page-background-meta":{"desktop":{"background-color":"var(--ast-global-color-4)","background-image":"","background-repeat":"repeat","background-position":"center center","background-size":"auto","background-attachment":"scroll","background-type":"","background-media":"","overlay-type":"","overlay-color":"","overlay-gradient":""},"tablet":{"background-color":"","background-image":"","background-repeat":"repeat","background-position":"center center","background-size":"auto","background-attachment":"scroll","background-type":"","background-media":"","overlay-type":"","overlay-color":"","overlay-gradient":""},"mobile":{"background-color":"","background-image":"","background-repeat":"repeat","background-position":"center center","background-size":"auto","background-attachment":"scroll","background-type":"","background-media":"","overlay-type":"","overlay-color":"","overlay-gradient":""}},"ast-content-background-meta":{"desktop":{"background-color":"var(--ast-global-color-5)","background-image":"","background-repeat":"repeat","background-position":"center center","background-size":"auto","background-attachment":"scroll","background-type":"","background-media":"","overlay-type":"","overlay-color":"","overlay-gradient":""},"tablet":{"background-color":"var(--ast-global-color-5)","background-image":"","background-repeat":"repeat","background-position":"center center","background-size":"auto","background-attachment":"scroll","background-type":"","background-media":"","overlay-type":"","overlay-color":"","overlay-gradient":""},"mobile":{"background-color":"var(--ast-global-color-5)","background-image":"","background-repeat":"repeat","background-position":"center center","background-size":"auto","background-attachment":"scroll","background-type":"","background-media":"","overlay-type":"","overlay-color":"","overlay-gradient":""}},"footnotes":""},"categories":[838,1624,13411,104,59,62,17070,4840,4841],"tags":[62050,6318,78473,6383,154377,140660],"class_list":["post-70747","post","type-post","status-publish","format-standard","hentry","category-ciencia-politica","category-ciencias-auxiliares-de-la-historia","category-filologia-espanola","category-historia","category-linguistica","category-linguistica-sincronica","category-nacional-de-educacion-a-distancia","category-opinion-publica","category-prensa","tag-antonio-miguel-banon-hernandez","tag-eduardo-bustos-guadano","tag-maria-luisa-martin-rojo","tag-mercedes-bengoechea-bartolome","tag-pardo-abril-neyla-graciela","tag-teun-van-dijk"],"_links":{"self":[{"href":"https:\/\/www.deberes.net\/tesis\/wp-json\/wp\/v2\/posts\/70747","targetHints":{"allow":["GET"]}}],"collection":[{"href":"https:\/\/www.deberes.net\/tesis\/wp-json\/wp\/v2\/posts"}],"about":[{"href":"https:\/\/www.deberes.net\/tesis\/wp-json\/wp\/v2\/types\/post"}],"author":[{"embeddable":true,"href":"https:\/\/www.deberes.net\/tesis\/wp-json\/wp\/v2\/users\/1"}],"replies":[{"embeddable":true,"href":"https:\/\/www.deberes.net\/tesis\/wp-json\/wp\/v2\/comments?post=70747"}],"version-history":[{"count":0,"href":"https:\/\/www.deberes.net\/tesis\/wp-json\/wp\/v2\/posts\/70747\/revisions"}],"wp:attachment":[{"href":"https:\/\/www.deberes.net\/tesis\/wp-json\/wp\/v2\/media?parent=70747"}],"wp:term":[{"taxonomy":"category","embeddable":true,"href":"https:\/\/www.deberes.net\/tesis\/wp-json\/wp\/v2\/categories?post=70747"},{"taxonomy":"post_tag","embeddable":true,"href":"https:\/\/www.deberes.net\/tesis\/wp-json\/wp\/v2\/tags?post=70747"}],"curies":[{"name":"wp","href":"https:\/\/api.w.org\/{rel}","templated":true}]}}