{"id":70749,"date":"2018-03-09T23:15:17","date_gmt":"2018-03-09T23:15:17","guid":{"rendered":"https:\/\/www.deberes.net\/tesis\/sin-categoria\/restricciones-de-energa%c2%ada-electrica-en-cataluna-1944-1958\/"},"modified":"2018-03-09T23:15:17","modified_gmt":"2018-03-09T23:15:17","slug":"restricciones-de-energa%c2%ada-electrica-en-cataluna-1944-1958","status":"publish","type":"post","link":"https:\/\/www.deberes.net\/tesis\/historia\/restricciones-de-energa%c2%ada-electrica-en-cataluna-1944-1958\/","title":{"rendered":"Restricciones de energia el\u00e9ctrica en catalu\u00f1a 1944-1958."},"content":{"rendered":"<h2>Tesis doctoral de <strong> Xavier Bosch Bella <\/strong><\/h2>\n<p>Este proyecto de investigaci\u00f3n se centra en el estudio del fen\u00f3meno de las restricciones de energ\u00eda el\u00e9ctrica en catalu\u00f1a durante los a\u00f1os 1944-1958.Concretamente se pretende relizar un an\u00e1lisis cualitativo y cuantitativo del fen\u00f3meno de las restricciones a partir de las disposiciones y las \u00f3rdenes dictadas en este per\u00edodo por la delegaci\u00f3n t\u00e9cnica especial para la regulaci\u00f3n de energ\u00eda el\u00e9ctrica en catalu\u00f1a , entidad que depend\u00eda del ministerio de industria y comercio.  el fen\u00f3meno de las restricciones de energia el\u00e9ctrica no ha sido estudiado desde una perspectiva anal\u00edtica.El objetivo de este proyecto de investigaci\u00f3n es aportar una nueva dimensi\u00f3n cuantitativa y cualitativa del fen\u00f3meno de las restricciones de energ\u00eda el\u00e9ctrica que se desarrollan con m\u00e1s o menos intensidad desde el a\u00f1o 1944 hasta 1958 en catalu\u00f1a .El an\u00e1lisis para la obtenci\u00f3n de los datos y las conclusiones se han obtenido a partir de las disposiciones y \u00f3rdenes dictadas por el organismo regulador encargado de ordenar , regular y distribuir el consumo de energ\u00eda el\u00e9ctrica en catalu\u00f1a, la delegaci\u00f3n t\u00e9cnica especial para la regulaci\u00f3n de energ\u00eda el\u00e9ctrica.A partir de estas \u00f3rdenes , que se fueron publicando durante estos a\u00f1os , se ha hecho una investigaci\u00f3n de todas ellas y posteriormente se ha hecho un an\u00e1lisis estadistico que nos ha permitido tener una visi\u00f3n y una interpretaci\u00f3n del fen\u00f3meno de las restricciones.  los principales objetivos de este proyecto de investigaci\u00f3n son, en primer lugar, poder disponer, a partir de este estudio , de un an\u00e1lisis cuantitativo del fen\u00f3meno de las restricciones de energ\u00eda el\u00e9ctrica , donde a trav\u00e9s de toda una serie de variables creadas para la interpretaci\u00f3n , podremos valorar la intensidad de las restricciones, la dureza de las restricciones a partir del n\u00famero de d\u00edas a la semana en los que se pod\u00eda disponer de suministro el\u00e9ctrico, las cuotas de restricci\u00f3n y el n\u00fa<\/p>\n<p>&nbsp;<\/p>\n<h3>Datos acad\u00e9micos de la tesis doctoral \u00ab<strong>Restricciones de energia el\u00e9ctrica en catalu\u00f1a 1944-1958.<\/strong>\u00ab<\/h3>\n<ul>\n<li><strong>T\u00edtulo de la tesis:<\/strong>\u00a0 Restricciones de energia el\u00e9ctrica en catalu\u00f1a 1944-1958. <\/li>\n<li><strong>Autor:<\/strong>\u00a0 Xavier Bosch Bella <\/li>\n<li><strong>Universidad:<\/strong>\u00a0 Barcelona<\/li>\n<li><strong>Fecha de lectura de la tesis:<\/strong>\u00a0 14\/10\/2004<\/li>\n<\/ul>\n<p>&nbsp;<\/p>\n<h3>Direcci\u00f3n y tribunal<\/h3>\n<ul>\n<li><strong>Director de la tesis<\/strong>\n<ul>\n<li>Antoni Segura I Mas<\/li>\n<\/ul>\n<\/li>\n<li><strong>Tribunal<\/strong>\n<ul>\n<li>Presidente del tribunal: horacio Capel saez <\/li>\n<li>arcadi Oliveres boadella (vocal)<\/li>\n<li>josep Mar\u00eda Sol\u00e9  sabat\u00e9 (vocal)<\/li>\n<li>andreu Mayayo i artal (vocal)<\/li>\n<\/ul>\n<\/li>\n<\/ul>\n<p>&nbsp;<\/p>\n","protected":false},"excerpt":{"rendered":"<p>Tesis doctoral de Xavier Bosch Bella Este proyecto de investigaci\u00f3n se centra en el estudio del fen\u00f3meno de las restricciones [&hellip;]<\/p>\n","protected":false},"author":1,"featured_media":0,"comment_status":"open","ping_status":"open","sticky":false,"template":"","format":"standard","meta":{"site-sidebar-layout":"default","site-content-layout":"","ast-site-content-layout":"","site-content-style":"default","site-sidebar-style":"default","ast-global-header-display":"","ast-banner-title-visibility":"","ast-main-header-display":"","ast-hfb-above-header-display":"","ast-hfb-below-header-display":"","ast-hfb-mobile-header-display":"","site-post-title":"","ast-breadcrumbs-content":"","ast-featured-img":"","footer-sml-layout":"","theme-transparent-header-meta":"","adv-header-id-meta":"","stick-header-meta":"","header-above-stick-meta":"","header-main-stick-meta":"","header-below-stick-meta":"","astra-migrate-meta-layouts":"default","ast-page-background-enabled":"default","ast-page-background-meta":{"desktop":{"background-color":"var(--ast-global-color-4)","background-image":"","background-repeat":"repeat","background-position":"center center","background-size":"auto","background-attachment":"scroll","background-type":"","background-media":"","overlay-type":"","overlay-color":"","overlay-gradient":""},"tablet":{"background-color":"","background-image":"","background-repeat":"repeat","background-position":"center center","background-size":"auto","background-attachment":"scroll","background-type":"","background-media":"","overlay-type":"","overlay-color":"","overlay-gradient":""},"mobile":{"background-color":"","background-image":"","background-repeat":"repeat","background-position":"center center","background-size":"auto","background-attachment":"scroll","background-type":"","background-media":"","overlay-type":"","overlay-color":"","overlay-gradient":""}},"ast-content-background-meta":{"desktop":{"background-color":"var(--ast-global-color-5)","background-image":"","background-repeat":"repeat","background-position":"center center","background-size":"auto","background-attachment":"scroll","background-type":"","background-media":"","overlay-type":"","overlay-color":"","overlay-gradient":""},"tablet":{"background-color":"var(--ast-global-color-5)","background-image":"","background-repeat":"repeat","background-position":"center center","background-size":"auto","background-attachment":"scroll","background-type":"","background-media":"","overlay-type":"","overlay-color":"","overlay-gradient":""},"mobile":{"background-color":"var(--ast-global-color-5)","background-image":"","background-repeat":"repeat","background-position":"center center","background-size":"auto","background-attachment":"scroll","background-type":"","background-media":"","overlay-type":"","overlay-color":"","overlay-gradient":""}},"footnotes":""},"categories":[951,104,1816,220],"tags":[124822,12941,77412,1404,42162,154380],"class_list":["post-70749","post","type-post","status-publish","format-standard","hentry","category-barcelona","category-historia","category-historia-contemporanea","category-historia-por-epocas","tag-andreu-mayayo-i-artal","tag-antoni-segura-i-mas","tag-arcadi-oliveres-boadella","tag-horacio-capel-saez","tag-josep-maria-sole-sabate","tag-xavier-bosch-bella"],"_links":{"self":[{"href":"https:\/\/www.deberes.net\/tesis\/wp-json\/wp\/v2\/posts\/70749","targetHints":{"allow":["GET"]}}],"collection":[{"href":"https:\/\/www.deberes.net\/tesis\/wp-json\/wp\/v2\/posts"}],"about":[{"href":"https:\/\/www.deberes.net\/tesis\/wp-json\/wp\/v2\/types\/post"}],"author":[{"embeddable":true,"href":"https:\/\/www.deberes.net\/tesis\/wp-json\/wp\/v2\/users\/1"}],"replies":[{"embeddable":true,"href":"https:\/\/www.deberes.net\/tesis\/wp-json\/wp\/v2\/comments?post=70749"}],"version-history":[{"count":0,"href":"https:\/\/www.deberes.net\/tesis\/wp-json\/wp\/v2\/posts\/70749\/revisions"}],"wp:attachment":[{"href":"https:\/\/www.deberes.net\/tesis\/wp-json\/wp\/v2\/media?parent=70749"}],"wp:term":[{"taxonomy":"category","embeddable":true,"href":"https:\/\/www.deberes.net\/tesis\/wp-json\/wp\/v2\/categories?post=70749"},{"taxonomy":"post_tag","embeddable":true,"href":"https:\/\/www.deberes.net\/tesis\/wp-json\/wp\/v2\/tags?post=70749"}],"curies":[{"name":"wp","href":"https:\/\/api.w.org\/{rel}","templated":true}]}}