{"id":70860,"date":"2018-03-09T23:15:25","date_gmt":"2018-03-09T23:15:25","guid":{"rendered":"https:\/\/www.deberes.net\/tesis\/sin-categoria\/el-campo-de-la-valoracion-estetica-en-espanol-investigaciones-funcionales-cognitivas-y-contrastivas\/"},"modified":"2018-03-09T23:15:25","modified_gmt":"2018-03-09T23:15:25","slug":"el-campo-de-la-valoracion-estetica-en-espanol-investigaciones-funcionales-cognitivas-y-contrastivas","status":"publish","type":"post","link":"https:\/\/www.deberes.net\/tesis\/linguistica\/el-campo-de-la-valoracion-estetica-en-espanol-investigaciones-funcionales-cognitivas-y-contrastivas\/","title":{"rendered":"El campo de la valoracion estetica en espa\u00f1ol: investigaciones funcionales, cognitivas y contrastivas"},"content":{"rendered":"<h2>Tesis doctoral de <strong>  Recalde Delgado Ana Isabel <\/strong><\/h2>\n<p>El trabajo se enmarca en una l\u00ednea metodol\u00f3gica, la sem\u00e1ntica estructural o funcional s\u00f3lidamente asentada en la tradici\u00f3n ling\u00ed\u00bc\u00edstica te\u00f3rica y lo suficientemente contrastada en cuanto a su validez descriptiva, partiendo de su revisi\u00f3n en el congreso internacional de la laguna de 1997. Ahora bien, actualmente un estudio de campos l\u00e9xicos queda incompleto si no se tienen en cuenta las aportaciones de la ling\u00ed\u00bc\u00edstica cognitiva o de la cultural, y precisamente hemos integrado conceptos b\u00e1sicos del cognitivismo como la concepci\u00f3n enciclop\u00e9dica del significado, el concepto entendido como prototipo, o la met\u00e1fora como procedimiento de creaci\u00f3n l\u00e9xica. Asimismo, completamos el estudio del concepto de \u00abestetica\u00bbcon el punto de vista de sem\u00e1ntica contrastiva, introduciendo a modo de esbozo la comparaci\u00f3n con el campo de \u00abvaloraci\u00f3n est\u00e9tica\u00bb en euskera, a trav\u00e9s del material lexicogr\u00e1fico monoling\u00ed\u00bce y biling\u00ed\u00bce, y de un micro-corpus literario extra\u00eddo de bernardo atxaga.  partiendo de este marco, conviene explicar sucintamente el desarrollo de la tesis en los cap\u00edtulos que la estructuran. As\u00ed, en el cap\u00edtulo 1, cuestiones metodol\u00f3gicas en torno al campo l\u00e9xico: enfoque funcional y cognitivo, se pasa revista a los principios metodol\u00f3gicos que sustentan la teor\u00eda de los campos l\u00e9xicos uniendo el enfoque funcionalista cl\u00e1sico y el cognitivista, y se justifican las fuentes documentales (corpus literario y lexicogr\u00e1fico del siglo xx).  en el cap\u00edtulo 2, an\u00e1lisis del sector positivo, y en el 3, an\u00e1lisis del sector negativo, estudiamos las lex\u00edas b\u00e1sicas previa identificaci\u00f3n de aqu\u00e9llas que son \u00fatiles para explicar cualitativamente los procedimientos de creaci\u00f3n lexicogen\u00e9sica que lo configuran. La selecci\u00f3n de un sector y otro es aparentemente desigual: en el positivo elegimos s\u00f3lo lex\u00edas simples adjetivas junto con los ponderativos, mientras que en el negativo, menos estudiado en trabajos previos, reco<\/p>\n<p>&nbsp;<\/p>\n<h3>Datos acad\u00e9micos de la tesis doctoral \u00ab<strong>El campo de la valoracion estetica en espa\u00f1ol: investigaciones funcionales, cognitivas y contrastivas<\/strong>\u00ab<\/h3>\n<ul>\n<li><strong>T\u00edtulo de la tesis:<\/strong>\u00a0 El campo de la valoracion estetica en espa\u00f1ol: investigaciones funcionales, cognitivas y contrastivas <\/li>\n<li><strong>Autor:<\/strong>\u00a0  Recalde Delgado Ana Isabel <\/li>\n<li><strong>Universidad:<\/strong>\u00a0 Deusto<\/li>\n<li><strong>Fecha de lectura de la tesis:<\/strong>\u00a0 21\/10\/2004<\/li>\n<\/ul>\n<p>&nbsp;<\/p>\n<h3>Direcci\u00f3n y tribunal<\/h3>\n<ul>\n<li><strong>Director de la tesis<\/strong>\n<ul>\n<li>Hernan Urrutia Cardenas<\/li>\n<\/ul>\n<\/li>\n<li><strong>Tribunal<\/strong>\n<ul>\n<li>Presidente del tribunal: c\u00e9sar Hern\u00e1ndez alonso <\/li>\n<li> Zorriqueta mart\u00ednez Mar\u00eda  elisa (vocal)<\/li>\n<li>humberto L\u00f3pez morales (vocal)<\/li>\n<li> Zubiaur bilbao Jos\u00e9 ram\u00f3n (vocal)<\/li>\n<\/ul>\n<\/li>\n<\/ul>\n<p>&nbsp;<\/p>\n","protected":false},"excerpt":{"rendered":"<p>Tesis doctoral de Recalde Delgado Ana Isabel El trabajo se enmarca en una l\u00ednea metodol\u00f3gica, la sem\u00e1ntica estructural o funcional [&hellip;]<\/p>\n","protected":false},"author":1,"featured_media":0,"comment_status":"open","ping_status":"open","sticky":false,"template":"","format":"standard","meta":{"site-sidebar-layout":"default","site-content-layout":"","ast-site-content-layout":"","site-content-style":"default","site-sidebar-style":"default","ast-global-header-display":"","ast-banner-title-visibility":"","ast-main-header-display":"","ast-hfb-above-header-display":"","ast-hfb-below-header-display":"","ast-hfb-mobile-header-display":"","site-post-title":"","ast-breadcrumbs-content":"","ast-featured-img":"","footer-sml-layout":"","theme-transparent-header-meta":"","adv-header-id-meta":"","stick-header-meta":"","header-above-stick-meta":"","header-main-stick-meta":"","header-below-stick-meta":"","astra-migrate-meta-layouts":"default","ast-page-background-enabled":"default","ast-page-background-meta":{"desktop":{"background-color":"var(--ast-global-color-4)","background-image":"","background-repeat":"repeat","background-position":"center center","background-size":"auto","background-attachment":"scroll","background-type":"","background-media":"","overlay-type":"","overlay-color":"","overlay-gradient":""},"tablet":{"background-color":"","background-image":"","background-repeat":"repeat","background-position":"center center","background-size":"auto","background-attachment":"scroll","background-type":"","background-media":"","overlay-type":"","overlay-color":"","overlay-gradient":""},"mobile":{"background-color":"","background-image":"","background-repeat":"repeat","background-position":"center center","background-size":"auto","background-attachment":"scroll","background-type":"","background-media":"","overlay-type":"","overlay-color":"","overlay-gradient":""}},"ast-content-background-meta":{"desktop":{"background-color":"var(--ast-global-color-5)","background-image":"","background-repeat":"repeat","background-position":"center center","background-size":"auto","background-attachment":"scroll","background-type":"","background-media":"","overlay-type":"","overlay-color":"","overlay-gradient":""},"tablet":{"background-color":"var(--ast-global-color-5)","background-image":"","background-repeat":"repeat","background-position":"center center","background-size":"auto","background-attachment":"scroll","background-type":"","background-media":"","overlay-type":"","overlay-color":"","overlay-gradient":""},"mobile":{"background-color":"var(--ast-global-color-5)","background-image":"","background-repeat":"repeat","background-position":"center center","background-size":"auto","background-attachment":"scroll","background-type":"","background-media":"","overlay-type":"","overlay-color":"","overlay-gradient":""}},"footnotes":""},"categories":[31910,636,2301,59,60,4139,62,886],"tags":[12471,17094,3680,154574,154575,154576],"class_list":["post-70860","post","type-post","status-publish","format-standard","hentry","category-deusto","category-lengua-y-literatura","category-lexicografia","category-linguistica","category-linguistica-aplicada","category-linguistica-comparada","category-linguistica-sincronica","category-semantica","tag-cesar-hernandez-alonso","tag-hernan-urrutia-cardenas","tag-humberto-lopez-morales","tag-recalde-delgado-ana-isabel","tag-zorriqueta-Martinez-maria-elisa","tag-zubiaur-bilbao-jose-ramon"],"_links":{"self":[{"href":"https:\/\/www.deberes.net\/tesis\/wp-json\/wp\/v2\/posts\/70860","targetHints":{"allow":["GET"]}}],"collection":[{"href":"https:\/\/www.deberes.net\/tesis\/wp-json\/wp\/v2\/posts"}],"about":[{"href":"https:\/\/www.deberes.net\/tesis\/wp-json\/wp\/v2\/types\/post"}],"author":[{"embeddable":true,"href":"https:\/\/www.deberes.net\/tesis\/wp-json\/wp\/v2\/users\/1"}],"replies":[{"embeddable":true,"href":"https:\/\/www.deberes.net\/tesis\/wp-json\/wp\/v2\/comments?post=70860"}],"version-history":[{"count":0,"href":"https:\/\/www.deberes.net\/tesis\/wp-json\/wp\/v2\/posts\/70860\/revisions"}],"wp:attachment":[{"href":"https:\/\/www.deberes.net\/tesis\/wp-json\/wp\/v2\/media?parent=70860"}],"wp:term":[{"taxonomy":"category","embeddable":true,"href":"https:\/\/www.deberes.net\/tesis\/wp-json\/wp\/v2\/categories?post=70860"},{"taxonomy":"post_tag","embeddable":true,"href":"https:\/\/www.deberes.net\/tesis\/wp-json\/wp\/v2\/tags?post=70860"}],"curies":[{"name":"wp","href":"https:\/\/api.w.org\/{rel}","templated":true}]}}