{"id":70894,"date":"2018-03-09T23:15:25","date_gmt":"2018-03-09T23:15:25","guid":{"rendered":"https:\/\/www.deberes.net\/tesis\/sin-categoria\/el-impacto-de-lo-cotidiano-realidad-sujeto-e-intimidad-en-al-arte-fotografico-de-los-anos-noventa\/"},"modified":"2018-03-09T23:15:25","modified_gmt":"2018-03-09T23:15:25","slug":"el-impacto-de-lo-cotidiano-realidad-sujeto-e-intimidad-en-al-arte-fotografico-de-los-anos-noventa","status":"publish","type":"post","link":"https:\/\/www.deberes.net\/tesis\/ciencias-de-las-artes-y-las-letras\/el-impacto-de-lo-cotidiano-realidad-sujeto-e-intimidad-en-al-arte-fotografico-de-los-anos-noventa\/","title":{"rendered":"El impacto de lo cotidiano: realidad, sujeto e intimidad en al arte (fotogr\u00e1fico) de los a\u00f1os noventa."},"content":{"rendered":"<h2>Tesis doctoral de <strong> Silvia Marti Mari <\/strong><\/h2>\n<p>La presente tesis efect\u00faa un recorrido a trav\u00e9s de la historia de la fotograf\u00eda, as\u00ed como un an\u00e1lisis de los conceptos te\u00f3ricos de cotidianidad, realidad, sujeto e intimidad con el objeto de obtener una plataforma te\u00f3rica desde la cual posibilitar la argumentaci\u00f3n de la recolonizaci\u00f3n que, planteamos, se ha producido en la d\u00e9cada de los noventa (y se sigue produciendo), tanto en los medios de comunicaci\u00f3n como en el arte (fotogr\u00e1fico), de las emociones y del \u00e1mbito de la intimidad hacia una mercantilizaci\u00f3n, una espectacularizaci\u00f3n. tambi\u00e9n se pretende rastrear posibles causas de este fen\u00f3meno as\u00ed como diversas estrategias que, tanto en la pol\u00edtica cultural de exposiciones como en la obra particular de diversos artistas, que utilizan la fotograf\u00eda como medio, fomentan esta banalizaci\u00f3n o, por el contrario, ayudan a potenciar un esp\u00edritu cr\u00edtico. Para ello se lleva a cabo un an\u00e1lisis de exposiciones representativas de la d\u00e9cada de los noventa respecto de estas tem\u00e1ticas, as\u00ed como se analiza la obra de diversos artistas que trabajan sobre estas cuestiones.<\/p>\n<p>&nbsp;<\/p>\n<h3>Datos acad\u00e9micos de la tesis doctoral \u00ab<strong>El impacto de lo cotidiano: realidad, sujeto e intimidad en al arte (fotogr\u00e1fico) de los a\u00f1os noventa.<\/strong>\u00ab<\/h3>\n<ul>\n<li><strong>T\u00edtulo de la tesis:<\/strong>\u00a0 El impacto de lo cotidiano: realidad, sujeto e intimidad en al arte (fotogr\u00e1fico) de los a\u00f1os noventa. <\/li>\n<li><strong>Autor:<\/strong>\u00a0 Silvia Marti Mari <\/li>\n<li><strong>Universidad:<\/strong>\u00a0 Polit\u00e9cnica de Valencia<\/li>\n<li><strong>Fecha de lectura de la tesis:<\/strong>\u00a0 22\/10\/2004<\/li>\n<\/ul>\n<p>&nbsp;<\/p>\n<h3>Direcci\u00f3n y tribunal<\/h3>\n<ul>\n<li><strong>Director de la tesis<\/strong>\n<ul>\n<li> Aliaga Espert Juan  Vicente<\/li>\n<\/ul>\n<\/li>\n<li><strong>Tribunal<\/strong>\n<ul>\n<li>Presidente del tribunal: Jos\u00e9 Miguel Garc\u00eda cortes <\/li>\n<li>tonia Raquejo grado (vocal)<\/li>\n<li> Buxan bran Jos\u00e9 Manuel (vocal)<\/li>\n<li>josep Benlloch serrano (vocal)<\/li>\n<\/ul>\n<\/li>\n<\/ul>\n<p>&nbsp;<\/p>\n","protected":false},"excerpt":{"rendered":"<p>Tesis doctoral de Silvia Marti Mari La presente tesis efect\u00faa un recorrido a trav\u00e9s de la historia de la fotograf\u00eda, [&hellip;]<\/p>\n","protected":false},"author":1,"featured_media":0,"comment_status":"open","ping_status":"open","sticky":false,"template":"","format":"standard","meta":{"site-sidebar-layout":"default","site-content-layout":"","ast-site-content-layout":"","site-content-style":"default","site-sidebar-style":"default","ast-global-header-display":"","ast-banner-title-visibility":"","ast-main-header-display":"","ast-hfb-above-header-display":"","ast-hfb-below-header-display":"","ast-hfb-mobile-header-display":"","site-post-title":"","ast-breadcrumbs-content":"","ast-featured-img":"","footer-sml-layout":"","theme-transparent-header-meta":"","adv-header-id-meta":"","stick-header-meta":"","header-above-stick-meta":"","header-main-stick-meta":"","header-below-stick-meta":"","astra-migrate-meta-layouts":"default","ast-page-background-enabled":"default","ast-page-background-meta":{"desktop":{"background-color":"var(--ast-global-color-4)","background-image":"","background-repeat":"repeat","background-position":"center center","background-size":"auto","background-attachment":"scroll","background-type":"","background-media":"","overlay-type":"","overlay-color":"","overlay-gradient":""},"tablet":{"background-color":"","background-image":"","background-repeat":"repeat","background-position":"center center","background-size":"auto","background-attachment":"scroll","background-type":"","background-media":"","overlay-type":"","overlay-color":"","overlay-gradient":""},"mobile":{"background-color":"","background-image":"","background-repeat":"repeat","background-position":"center center","background-size":"auto","background-attachment":"scroll","background-type":"","background-media":"","overlay-type":"","overlay-color":"","overlay-gradient":""}},"ast-content-background-meta":{"desktop":{"background-color":"var(--ast-global-color-5)","background-image":"","background-repeat":"repeat","background-position":"center center","background-size":"auto","background-attachment":"scroll","background-type":"","background-media":"","overlay-type":"","overlay-color":"","overlay-gradient":""},"tablet":{"background-color":"var(--ast-global-color-5)","background-image":"","background-repeat":"repeat","background-position":"center center","background-size":"auto","background-attachment":"scroll","background-type":"","background-media":"","overlay-type":"","overlay-color":"","overlay-gradient":""},"mobile":{"background-color":"var(--ast-global-color-5)","background-image":"","background-repeat":"repeat","background-position":"center center","background-size":"auto","background-attachment":"scroll","background-type":"","background-media":"","overlay-type":"","overlay-color":"","overlay-gradient":""}},"footnotes":""},"categories":[147,4363,5270,16820,1111],"tags":[79767,124255,16879,82466,148633,142302],"class_list":["post-70894","post","type-post","status-publish","format-standard","hentry","category-ciencias-de-las-artes-y-las-letras","category-escultura","category-fotografia","category-politecnica-de-valencia","category-teoria-analisis-y-critica-de-las-bellas-artes","tag-aliaga-espert-juan-vicente","tag-buxan-bran-jose-manuel","tag-jose-miguel-garcia-cortes","tag-josep-benlloch-serrano","tag-silvia-marti-mari","tag-tonia-raquejo-grado"],"_links":{"self":[{"href":"https:\/\/www.deberes.net\/tesis\/wp-json\/wp\/v2\/posts\/70894","targetHints":{"allow":["GET"]}}],"collection":[{"href":"https:\/\/www.deberes.net\/tesis\/wp-json\/wp\/v2\/posts"}],"about":[{"href":"https:\/\/www.deberes.net\/tesis\/wp-json\/wp\/v2\/types\/post"}],"author":[{"embeddable":true,"href":"https:\/\/www.deberes.net\/tesis\/wp-json\/wp\/v2\/users\/1"}],"replies":[{"embeddable":true,"href":"https:\/\/www.deberes.net\/tesis\/wp-json\/wp\/v2\/comments?post=70894"}],"version-history":[{"count":0,"href":"https:\/\/www.deberes.net\/tesis\/wp-json\/wp\/v2\/posts\/70894\/revisions"}],"wp:attachment":[{"href":"https:\/\/www.deberes.net\/tesis\/wp-json\/wp\/v2\/media?parent=70894"}],"wp:term":[{"taxonomy":"category","embeddable":true,"href":"https:\/\/www.deberes.net\/tesis\/wp-json\/wp\/v2\/categories?post=70894"},{"taxonomy":"post_tag","embeddable":true,"href":"https:\/\/www.deberes.net\/tesis\/wp-json\/wp\/v2\/tags?post=70894"}],"curies":[{"name":"wp","href":"https:\/\/api.w.org\/{rel}","templated":true}]}}