{"id":70904,"date":"2018-03-09T23:15:25","date_gmt":"2018-03-09T23:15:25","guid":{"rendered":"https:\/\/www.deberes.net\/tesis\/sin-categoria\/los-entes-locales-en-las-relaciones-interadministrativas\/"},"modified":"2018-03-09T23:15:25","modified_gmt":"2018-03-09T23:15:25","slug":"los-entes-locales-en-las-relaciones-interadministrativas","status":"publish","type":"post","link":"https:\/\/www.deberes.net\/tesis\/ciencias-juridicas-y-derecho\/los-entes-locales-en-las-relaciones-interadministrativas\/","title":{"rendered":"Los entes locales en las relaciones interadministrativas"},"content":{"rendered":"<h2>Tesis doctoral de <strong>  Grifo Benedicto Mar\u00eda  Amparo <\/strong><\/h2>\n<p>El papel de la administraci\u00f3n p\u00fablica en el actual estado social de derecho es realmente complejo. Las administraciones p\u00fablicas han tenido que asumir la responsabilidad de la prestaci\u00f3n de multitud de servicios a demanda de los ciudadanos, quienes exigen cada vez m\u00e1s calidad y m\u00e1s eficacia en cada una de las prestaciones.  por otra parte, el estado auton\u00f3mico instaurado en nuestra constituci\u00f3n espa\u00f1ola, ha supuesto la existencia de varias administraciones p\u00fablicas, cada una con unas competencias, que se ven inexorablemente llamadas a relacionarse para responder con mayor calidad y eficacia a la demanda de servicios y prestaciones de toda clase.  el trabajo de investigaci\u00f3n estudia y analiza en qu\u00e9 t\u00e9rminos se producen las imprescindibles relaciones entre las administraciones p\u00fablicas espa\u00f1olas.  en primer lugar, presenta las relaciones en las que intervienen estado y comunidades aut\u00f3nomas, para, despu\u00e9s, haciendo un examen comparativo, demostrar que el legislador, una vez m\u00e1s, no ha tratado del mismo modo a las entidades locales, a los que somete a fuertes controles, poniendo en peligro incluso la autonom\u00eda local constitucionalmente garantizada.<\/p>\n<p>&nbsp;<\/p>\n<h3>Datos acad\u00e9micos de la tesis doctoral \u00ab<strong>Los entes locales en las relaciones interadministrativas<\/strong>\u00ab<\/h3>\n<ul>\n<li><strong>T\u00edtulo de la tesis:<\/strong>\u00a0 Los entes locales en las relaciones interadministrativas <\/li>\n<li><strong>Autor:<\/strong>\u00a0  Grifo Benedicto Mar\u00eda  Amparo <\/li>\n<li><strong>Universidad:<\/strong>\u00a0 Jaume i de castell\u00f3n<\/li>\n<li><strong>Fecha de lectura de la tesis:<\/strong>\u00a0 22\/10\/2004<\/li>\n<\/ul>\n<p>&nbsp;<\/p>\n<h3>Direcci\u00f3n y tribunal<\/h3>\n<ul>\n<li><strong>Director de la tesis<\/strong>\n<ul>\n<li>Ricardo Garcia Macho<\/li>\n<\/ul>\n<\/li>\n<li><strong>Tribunal<\/strong>\n<ul>\n<li>Presidente del tribunal: ramon Martin mateo <\/li>\n<li>lu\u00eds ignacio Ortega \u00e1lvarez (vocal)<\/li>\n<li>Luis Morell oca\u00f1a (vocal)<\/li>\n<li>Antonio Martinez marin (vocal)<\/li>\n<\/ul>\n<\/li>\n<\/ul>\n<p>&nbsp;<\/p>\n","protected":false},"excerpt":{"rendered":"<p>Tesis doctoral de Grifo Benedicto Mar\u00eda Amparo El papel de la administraci\u00f3n p\u00fablica en el actual estado social de derecho [&hellip;]<\/p>\n","protected":false},"author":1,"featured_media":0,"comment_status":"open","ping_status":"open","sticky":false,"template":"","format":"standard","meta":{"site-sidebar-layout":"default","site-content-layout":"","ast-site-content-layout":"","site-content-style":"default","site-sidebar-style":"default","ast-global-header-display":"","ast-banner-title-visibility":"","ast-main-header-display":"","ast-hfb-above-header-display":"","ast-hfb-below-header-display":"","ast-hfb-mobile-header-display":"","site-post-title":"","ast-breadcrumbs-content":"","ast-featured-img":"","footer-sml-layout":"","theme-transparent-header-meta":"","adv-header-id-meta":"","stick-header-meta":"","header-above-stick-meta":"","header-main-stick-meta":"","header-below-stick-meta":"","astra-migrate-meta-layouts":"default","ast-page-background-enabled":"default","ast-page-background-meta":{"desktop":{"background-color":"var(--ast-global-color-4)","background-image":"","background-repeat":"repeat","background-position":"center center","background-size":"auto","background-attachment":"scroll","background-type":"","background-media":"","overlay-type":"","overlay-color":"","overlay-gradient":""},"tablet":{"background-color":"","background-image":"","background-repeat":"repeat","background-position":"center center","background-size":"auto","background-attachment":"scroll","background-type":"","background-media":"","overlay-type":"","overlay-color":"","overlay-gradient":""},"mobile":{"background-color":"","background-image":"","background-repeat":"repeat","background-position":"center center","background-size":"auto","background-attachment":"scroll","background-type":"","background-media":"","overlay-type":"","overlay-color":"","overlay-gradient":""}},"ast-content-background-meta":{"desktop":{"background-color":"var(--ast-global-color-5)","background-image":"","background-repeat":"repeat","background-position":"center center","background-size":"auto","background-attachment":"scroll","background-type":"","background-media":"","overlay-type":"","overlay-color":"","overlay-gradient":""},"tablet":{"background-color":"var(--ast-global-color-5)","background-image":"","background-repeat":"repeat","background-position":"center center","background-size":"auto","background-attachment":"scroll","background-type":"","background-media":"","overlay-type":"","overlay-color":"","overlay-gradient":""},"mobile":{"background-color":"var(--ast-global-color-5)","background-image":"","background-repeat":"repeat","background-position":"center center","background-size":"auto","background-attachment":"scroll","background-type":"","background-media":"","overlay-type":"","overlay-color":"","overlay-gradient":""}},"footnotes":""},"categories":[612,1442,979,18725],"tags":[41830,154644,6454,22286,18453,23360],"class_list":["post-70904","post","type-post","status-publish","format-standard","hentry","category-ciencias-juridicas-y-derecho","category-derecho-administrativo","category-derecho-y-legislacion-nacionales","category-jaume-i-de-castellon","tag-antonio-Martinez-marin","tag-grifo-benedicto-maria-amparo","tag-luis-ignacio-ortega-alvarez","tag-luis-morell-ocana","tag-ramon-martin-mateo","tag-ricardo-garcia-macho"],"_links":{"self":[{"href":"https:\/\/www.deberes.net\/tesis\/wp-json\/wp\/v2\/posts\/70904","targetHints":{"allow":["GET"]}}],"collection":[{"href":"https:\/\/www.deberes.net\/tesis\/wp-json\/wp\/v2\/posts"}],"about":[{"href":"https:\/\/www.deberes.net\/tesis\/wp-json\/wp\/v2\/types\/post"}],"author":[{"embeddable":true,"href":"https:\/\/www.deberes.net\/tesis\/wp-json\/wp\/v2\/users\/1"}],"replies":[{"embeddable":true,"href":"https:\/\/www.deberes.net\/tesis\/wp-json\/wp\/v2\/comments?post=70904"}],"version-history":[{"count":0,"href":"https:\/\/www.deberes.net\/tesis\/wp-json\/wp\/v2\/posts\/70904\/revisions"}],"wp:attachment":[{"href":"https:\/\/www.deberes.net\/tesis\/wp-json\/wp\/v2\/media?parent=70904"}],"wp:term":[{"taxonomy":"category","embeddable":true,"href":"https:\/\/www.deberes.net\/tesis\/wp-json\/wp\/v2\/categories?post=70904"},{"taxonomy":"post_tag","embeddable":true,"href":"https:\/\/www.deberes.net\/tesis\/wp-json\/wp\/v2\/tags?post=70904"}],"curies":[{"name":"wp","href":"https:\/\/api.w.org\/{rel}","templated":true}]}}