{"id":70935,"date":"2018-03-09T23:15:29","date_gmt":"2018-03-09T23:15:29","guid":{"rendered":"https:\/\/www.deberes.net\/tesis\/sin-categoria\/instrumento-para-la-globalizacion\/"},"modified":"2018-03-09T23:15:29","modified_gmt":"2018-03-09T23:15:29","slug":"instrumento-para-la-globalizacion","status":"publish","type":"post","link":"https:\/\/www.deberes.net\/tesis\/sociologia\/instrumento-para-la-globalizacion\/","title":{"rendered":"Instrumento para la globalizaci\u00f3n"},"content":{"rendered":"<h2>Tesis doctoral de <strong>  Da Ponte Louren\u00c1\u00a7o Fernando <\/strong><\/h2>\n<p>S\u00f3lo con m\u00e1s y mejor participaci\u00f3n del conocimiento podremos contribuir a que el rumbo de la globalizaci\u00f3n, se adec\u00fae a estrategias de mejoras condiciones de desarrollo humano.Internet es el instrumento que nos facilitar\u00e1 compartir el conocimiento entre los ciudadanos , nos permitir\u00e1 alcanzar el margen de los desprotegidos y apoyarlos para que todos podamos convivir al mismo nivel.La globalizaci\u00f3n para todos, la que armoniza e incluye , ser\u00e1 as\u00ed un mismo nivel.La globalizaci\u00f3n para todos, la que armoniza e incluye , ser\u00e1 as\u00ed un destino posible de alcanzar navegando en la carabela del siglo xxi: internet.  la elecci\u00f3n del tema,\u00bbinternet instrumento para la globalizaci\u00f3n\u00bb, como objeto de investigaci\u00f3n , se debe no s\u00f3lo al hecho de que, como ciudadanos nos corresponde participar de forma activa en el cambio y entendemos que participar se ha transformado en una de las grandes prioridades de nuestro tiemmpo, sino principalmente porque creemos que es posible colaborar en al construcci\u00f3n de una compresi\u00f3n ser\u00eda y profunda.Para el gobierno de la globalizaci\u00f3n, es tambi\u00e9n aqu\u00ed, en nuestra opini\u00f3n, a trav\u00e9s de una mayor capacidad de intervenci\u00f3n, de todos nosotros , los pueblos del mundo , como podremos crear condiciones para moldear las decisiones que sean tomadas.<\/p>\n<p>&nbsp;<\/p>\n<h3>Datos acad\u00e9micos de la tesis doctoral \u00ab<strong>Instrumento para la globalizaci\u00f3n<\/strong>\u00ab<\/h3>\n<ul>\n<li><strong>T\u00edtulo de la tesis:<\/strong>\u00a0 Instrumento para la globalizaci\u00f3n <\/li>\n<li><strong>Autor:<\/strong>\u00a0  Da Ponte Louren\u00c1\u00a7o Fernando <\/li>\n<li><strong>Universidad:<\/strong>\u00a0 Complutense de Madrid<\/li>\n<li><strong>Fecha de lectura de la tesis:<\/strong>\u00a0 26\/10\/2004<\/li>\n<\/ul>\n<p>&nbsp;<\/p>\n<h3>Direcci\u00f3n y tribunal<\/h3>\n<ul>\n<li><strong>Director de la tesis<\/strong>\n<ul>\n<li>Pinar Agudiez  Calvo<\/li>\n<\/ul>\n<\/li>\n<li><strong>Tribunal<\/strong>\n<ul>\n<li>Presidente del tribunal: Francisco javier Davara rodr\u00edguez <\/li>\n<li>Luis Joyanes aguilar (vocal)<\/li>\n<li>Jos\u00e9 Antonio Figueiredo alma\u00ed\u00a7a (vocal)<\/li>\n<li>  (vocal)<\/li>\n<\/ul>\n<\/li>\n<\/ul>\n<p>&nbsp;<\/p>\n","protected":false},"excerpt":{"rendered":"<p>Tesis doctoral de Da Ponte Louren\u00c1\u00a7o Fernando S\u00f3lo con m\u00e1s y mejor participaci\u00f3n del conocimiento podremos contribuir a que el [&hellip;]<\/p>\n","protected":false},"author":1,"featured_media":0,"comment_status":"open","ping_status":"open","sticky":false,"template":"","format":"standard","meta":{"site-sidebar-layout":"default","site-content-layout":"","ast-site-content-layout":"","site-content-style":"default","site-sidebar-style":"default","ast-global-header-display":"","ast-banner-title-visibility":"","ast-main-header-display":"","ast-hfb-above-header-display":"","ast-hfb-below-header-display":"","ast-hfb-mobile-header-display":"","site-post-title":"","ast-breadcrumbs-content":"","ast-featured-img":"","footer-sml-layout":"","theme-transparent-header-meta":"","adv-header-id-meta":"","stick-header-meta":"","header-above-stick-meta":"","header-main-stick-meta":"","header-below-stick-meta":"","astra-migrate-meta-layouts":"default","ast-page-background-enabled":"default","ast-page-background-meta":{"desktop":{"background-color":"var(--ast-global-color-4)","background-image":"","background-repeat":"repeat","background-position":"center center","background-size":"auto","background-attachment":"scroll","background-type":"","background-media":"","overlay-type":"","overlay-color":"","overlay-gradient":""},"tablet":{"background-color":"","background-image":"","background-repeat":"repeat","background-position":"center center","background-size":"auto","background-attachment":"scroll","background-type":"","background-media":"","overlay-type":"","overlay-color":"","overlay-gradient":""},"mobile":{"background-color":"","background-image":"","background-repeat":"repeat","background-position":"center center","background-size":"auto","background-attachment":"scroll","background-type":"","background-media":"","overlay-type":"","overlay-color":"","overlay-gradient":""}},"ast-content-background-meta":{"desktop":{"background-color":"var(--ast-global-color-5)","background-image":"","background-repeat":"repeat","background-position":"center center","background-size":"auto","background-attachment":"scroll","background-type":"","background-media":"","overlay-type":"","overlay-color":"","overlay-gradient":""},"tablet":{"background-color":"var(--ast-global-color-5)","background-image":"","background-repeat":"repeat","background-position":"center center","background-size":"auto","background-attachment":"scroll","background-type":"","background-media":"","overlay-type":"","overlay-color":"","overlay-gradient":""},"mobile":{"background-color":"var(--ast-global-color-5)","background-image":"","background-repeat":"repeat","background-position":"center center","background-size":"auto","background-attachment":"scroll","background-type":"","background-media":"","overlay-type":"","overlay-color":"","overlay-gradient":""}},"footnotes":""},"categories":[4735,269],"tags":[154707,4845,73796,40865,128924],"class_list":["post-70935","post","type-post","status-publish","format-standard","hentry","category-comunicaciones-sociales","category-sociologia","tag-da-ponte-lourenao-fernando","tag-francisco-javier-davara-rodriguez","tag-jose-antonio-figueiredo-almaia","tag-luis-joyanes-aguilar","tag-pinar-agudiez-calvo"],"_links":{"self":[{"href":"https:\/\/www.deberes.net\/tesis\/wp-json\/wp\/v2\/posts\/70935","targetHints":{"allow":["GET"]}}],"collection":[{"href":"https:\/\/www.deberes.net\/tesis\/wp-json\/wp\/v2\/posts"}],"about":[{"href":"https:\/\/www.deberes.net\/tesis\/wp-json\/wp\/v2\/types\/post"}],"author":[{"embeddable":true,"href":"https:\/\/www.deberes.net\/tesis\/wp-json\/wp\/v2\/users\/1"}],"replies":[{"embeddable":true,"href":"https:\/\/www.deberes.net\/tesis\/wp-json\/wp\/v2\/comments?post=70935"}],"version-history":[{"count":0,"href":"https:\/\/www.deberes.net\/tesis\/wp-json\/wp\/v2\/posts\/70935\/revisions"}],"wp:attachment":[{"href":"https:\/\/www.deberes.net\/tesis\/wp-json\/wp\/v2\/media?parent=70935"}],"wp:term":[{"taxonomy":"category","embeddable":true,"href":"https:\/\/www.deberes.net\/tesis\/wp-json\/wp\/v2\/categories?post=70935"},{"taxonomy":"post_tag","embeddable":true,"href":"https:\/\/www.deberes.net\/tesis\/wp-json\/wp\/v2\/tags?post=70935"}],"curies":[{"name":"wp","href":"https:\/\/api.w.org\/{rel}","templated":true}]}}