{"id":70969,"date":"2018-03-09T23:15:29","date_gmt":"2018-03-09T23:15:29","guid":{"rendered":"https:\/\/www.deberes.net\/tesis\/sin-categoria\/santo-domingo-el-real-de-madrid-ordenacion-economica-de-un-senora%c2%ado-conventual-durante-la-baja-edad-media-1219-1530\/"},"modified":"2018-03-09T23:15:29","modified_gmt":"2018-03-09T23:15:29","slug":"santo-domingo-el-real-de-madrid-ordenacion-economica-de-un-senora%c2%ado-conventual-durante-la-baja-edad-media-1219-1530","status":"publish","type":"post","link":"https:\/\/www.deberes.net\/tesis\/historia\/santo-domingo-el-real-de-madrid-ordenacion-economica-de-un-senora%c2%ado-conventual-durante-la-baja-edad-media-1219-1530\/","title":{"rendered":"Santo domingo el real de Madrid ordenaci\u00f3n econ\u00f3mica de un se\u00f1or\u00edo conventual durante la baja edad media (1219-1530)."},"content":{"rendered":"<h2>Tesis doctoral de <strong> Juan  Ram\u00f3n Romero Fern\u00e1ndez- Pacheco <\/strong><\/h2>\n<p>Bajo la perspectiva del microan\u00e1lisis econ\u00f3mico esta tesis aborda el estudio de la actividad material en su directa relaci\u00f3n con todos los aspectos de la vida en sociedad sobre un entorno geohist\u00f3rico preciso, la comunidad de villa y tierra de Madrid, y en un marco cronol\u00f3gico determinado, la baja edad media. El an\u00e1lisis econ\u00f3mico se plantea no como un c\u00famulo de cifras que  se suman y se restan sino como la actividad esencial del hombre en sociedad en la que son inseparables los elementos contables de los elementos psicol\u00f3gicos. los fines institucionales de santo domingo de Madrid no eran econ\u00f3micos sino religiosos pero el convento fue la mayor y m\u00e1s rutilante unidad econ\u00f3mica del territorio y las due\u00f1as que ingresaron por amor a dios encontraron en la  clausura un espacio de libertad y de realizaci\u00f3n personal a todos los niveles, sociales, econ\u00f3micos y culturales. Esta curiosa s\u00edntesis de opuestos se fundi\u00f3 con la angustia individual e institucional por el futuro y gener\u00f3 un deseo universal por sobrevivir al presente m\u00e1s all\u00e1 de la caducidad temporal de las  personas. Para dar salida a esa obsesi\u00f3n por la perpetuidad institucional s\u00f3lo hab\u00eda una posibilidad, que la instituci\u00f3n de referencia tuviese un soporte econ\u00f3mico lo m\u00e1s amplio posible porque s\u00f3lo as\u00ed estaba garantizada su supervivencia. Por este proceso racional el convento de santo domingo de  Madrid consigui\u00f3 su objetivo convirti\u00e9ndose en una unidad econ\u00f3mica de producci\u00f3n y explotaci\u00f3n. Afirmar que el convento tuvo un sistema empresarial ordenado y meditado y una pol\u00edtica econ\u00f3mica con un rumbo perfectamente fijado no es una hip\u00f3tesis es una certeza probada. La ordenaci\u00f3n del sistema, obviando los vaivenes de las circunstancias, se organiz\u00f3 ya desde el siglo xiii y constituy\u00f3 un \u00e9xito notable a juzgar por los resultados obtenidos. en definitiva, el convento de santo domingo estructur\u00f3 su arquitectura empresarial haciendo lo que les<\/p>\n<p>&nbsp;<\/p>\n<h3>Datos acad\u00e9micos de la tesis doctoral \u00ab<strong>Santo domingo el real de Madrid ordenaci\u00f3n econ\u00f3mica de un se\u00f1or\u00edo conventual durante la baja edad media (1219-1530).<\/strong>\u00ab<\/h3>\n<ul>\n<li><strong>T\u00edtulo de la tesis:<\/strong>\u00a0 Santo domingo el real de Madrid ordenaci\u00f3n econ\u00f3mica de un se\u00f1or\u00edo conventual durante la baja edad media (1219-1530). <\/li>\n<li><strong>Autor:<\/strong>\u00a0 Juan  Ram\u00f3n Romero Fern\u00e1ndez- Pacheco <\/li>\n<li><strong>Universidad:<\/strong>\u00a0 Complutense de Madrid<\/li>\n<li><strong>Fecha de lectura de la tesis:<\/strong>\u00a0 28\/10\/2004<\/li>\n<\/ul>\n<p>&nbsp;<\/p>\n<h3>Direcci\u00f3n y tribunal<\/h3>\n<ul>\n<li><strong>Director de la tesis<\/strong>\n<ul>\n<li>Cristina Segura Grai\u00f1o<\/li>\n<\/ul>\n<\/li>\n<li><strong>Tribunal<\/strong>\n<ul>\n<li>Presidente del tribunal: Miguel \u00e1ngel Ladero quesada <\/li>\n<li>Francisco Ruiz g\u00f3mez (vocal)<\/li>\n<li> Mihura andrade Jos\u00e9 m. (vocal)<\/li>\n<li>Santiago Aguad\u00e9 nieto (vocal)<\/li>\n<\/ul>\n<\/li>\n<\/ul>\n<p>&nbsp;<\/p>\n","protected":false},"excerpt":{"rendered":"<p>Tesis doctoral de Juan Ram\u00f3n Romero Fern\u00e1ndez- Pacheco Bajo la perspectiva del microan\u00e1lisis econ\u00f3mico esta tesis aborda el estudio de [&hellip;]<\/p>\n","protected":false},"author":1,"featured_media":0,"comment_status":"open","ping_status":"open","sticky":false,"template":"","format":"standard","meta":{"site-sidebar-layout":"default","site-content-layout":"","ast-site-content-layout":"","site-content-style":"default","site-sidebar-style":"default","ast-global-header-display":"","ast-banner-title-visibility":"","ast-main-header-display":"","ast-hfb-above-header-display":"","ast-hfb-below-header-display":"","ast-hfb-mobile-header-display":"","site-post-title":"","ast-breadcrumbs-content":"","ast-featured-img":"","footer-sml-layout":"","theme-transparent-header-meta":"","adv-header-id-meta":"","stick-header-meta":"","header-above-stick-meta":"","header-main-stick-meta":"","header-below-stick-meta":"","astra-migrate-meta-layouts":"default","ast-page-background-enabled":"default","ast-page-background-meta":{"desktop":{"background-color":"var(--ast-global-color-4)","background-image":"","background-repeat":"repeat","background-position":"center center","background-size":"auto","background-attachment":"scroll","background-type":"","background-media":"","overlay-type":"","overlay-color":"","overlay-gradient":""},"tablet":{"background-color":"","background-image":"","background-repeat":"repeat","background-position":"center center","background-size":"auto","background-attachment":"scroll","background-type":"","background-media":"","overlay-type":"","overlay-color":"","overlay-gradient":""},"mobile":{"background-color":"","background-image":"","background-repeat":"repeat","background-position":"center center","background-size":"auto","background-attachment":"scroll","background-type":"","background-media":"","overlay-type":"","overlay-color":"","overlay-gradient":""}},"ast-content-background-meta":{"desktop":{"background-color":"var(--ast-global-color-5)","background-image":"","background-repeat":"repeat","background-position":"center center","background-size":"auto","background-attachment":"scroll","background-type":"","background-media":"","overlay-type":"","overlay-color":"","overlay-gradient":""},"tablet":{"background-color":"var(--ast-global-color-5)","background-image":"","background-repeat":"repeat","background-position":"center center","background-size":"auto","background-attachment":"scroll","background-type":"","background-media":"","overlay-type":"","overlay-color":"","overlay-gradient":""},"mobile":{"background-color":"var(--ast-global-color-5)","background-image":"","background-repeat":"repeat","background-position":"center center","background-size":"auto","background-attachment":"scroll","background-type":"","background-media":"","overlay-type":"","overlay-color":"","overlay-gradient":""}},"footnotes":""},"categories":[104,119,220],"tags":[7495,44838,154775,5296,154776,72949],"class_list":["post-70969","post","type-post","status-publish","format-standard","hentry","category-historia","category-historia-medieval","category-historia-por-epocas","tag-cristina-segura-graino","tag-francisco-ruiz-gomez","tag-juan-ramon-romero-fernandez-pacheco","tag-miguel-angel-ladero-quesada","tag-mihura-andrade-jose-m","tag-santiago-aguade-nieto"],"_links":{"self":[{"href":"https:\/\/www.deberes.net\/tesis\/wp-json\/wp\/v2\/posts\/70969","targetHints":{"allow":["GET"]}}],"collection":[{"href":"https:\/\/www.deberes.net\/tesis\/wp-json\/wp\/v2\/posts"}],"about":[{"href":"https:\/\/www.deberes.net\/tesis\/wp-json\/wp\/v2\/types\/post"}],"author":[{"embeddable":true,"href":"https:\/\/www.deberes.net\/tesis\/wp-json\/wp\/v2\/users\/1"}],"replies":[{"embeddable":true,"href":"https:\/\/www.deberes.net\/tesis\/wp-json\/wp\/v2\/comments?post=70969"}],"version-history":[{"count":0,"href":"https:\/\/www.deberes.net\/tesis\/wp-json\/wp\/v2\/posts\/70969\/revisions"}],"wp:attachment":[{"href":"https:\/\/www.deberes.net\/tesis\/wp-json\/wp\/v2\/media?parent=70969"}],"wp:term":[{"taxonomy":"category","embeddable":true,"href":"https:\/\/www.deberes.net\/tesis\/wp-json\/wp\/v2\/categories?post=70969"},{"taxonomy":"post_tag","embeddable":true,"href":"https:\/\/www.deberes.net\/tesis\/wp-json\/wp\/v2\/tags?post=70969"}],"curies":[{"name":"wp","href":"https:\/\/api.w.org\/{rel}","templated":true}]}}