{"id":70993,"date":"2018-03-09T23:15:32","date_gmt":"2018-03-09T23:15:32","guid":{"rendered":"https:\/\/www.deberes.net\/tesis\/sin-categoria\/analisis-de-los-niveles-de-competencia-comunicativa-en-la-produccion-escrita-de-estudiantes-pre-universitarios-de-ingles-como-lengua-extranjera\/"},"modified":"2018-03-09T23:15:32","modified_gmt":"2018-03-09T23:15:32","slug":"analisis-de-los-niveles-de-competencia-comunicativa-en-la-produccion-escrita-de-estudiantes-pre-universitarios-de-ingles-como-lengua-extranjera","status":"publish","type":"post","link":"https:\/\/www.deberes.net\/tesis\/linguistica\/analisis-de-los-niveles-de-competencia-comunicativa-en-la-produccion-escrita-de-estudiantes-pre-universitarios-de-ingles-como-lengua-extranjera\/","title":{"rendered":"An\u00e1lisis de los niveles de competencia comunicativa en la producci\u00f3n escrita de estudiantes pre-universitarios de ingl\u00e9s como lengua extranjera."},"content":{"rendered":"<h2>Tesis doctoral de <strong> Patricia Plaza Arregui <\/strong><\/h2>\n<p>El estudio pretende poner de manifiesto el estado de la competencia comunicativa escrita de los estudiantes de ingl\u00e9s como lengua extranjera en un momento crucial de su interlengua, a saber , en el momento previo a su acceso a la universidad. Para conseguir este objetivo, el trabajo se ha valido de los siguientes procedimientos.  &#8211; la revisi\u00f3n cr\u00edtica de la literatura existente recogida en un marco te\u00f3rico que estudia la relaci\u00f3n entre la evoluci\u00f3n de  modelos de ense\u00f1anza-aprendizaje ling\u00ed\u00bcistico junto con los cambios en las teor\u00edas cient\u00edficas del lenguaje y el contexto hist\u00f3rico:  &#8211; el estudio de los informes disponibles , producidos por unidades de investigaci\u00f3n e innovaci\u00f3n educativa de organismos publicos a escala supranacional y nacional: la eurydice, el consejo  de europa, el consejo escolar del estado , el ince y el cide.  &#8211; el examen de la legislaci\u00f3n pertinente;  &#8211; el an\u00e1lisis de materiales curriculares, concretamente , libreos de texto y proyectos doentes, disposnibles en el mercado editorial y utilizados en la ense\u00f1anza de lengua extranjera, ingl\u00e9s, en educaci\u00f3n secundaria, como indicativos de los objetivos y metodolog\u00edas que se aplican en las aulas.  &#8211; por \u00faltimo, el trabajo de campo que se ha llevado a cabo para la recogida de datos ha consistido en un an\u00e1lisis de errores de  las pruebas de acceso a la universidadc en el \u00e1rea de ingl\u00e9s como lengua extranjera. En concreto , se analizaron los ex\u00e1menes de la convocatoria de junio de 2002 para provincia de c\u00f3rdoba, aunque al ser los ex\u00e1menes id\u00e9nticos en el resto dela comunidad aut\u00f3noma y muy similares en el resto del territorio nacional, los resultados son perfectamente extrapolables. La fecha adem\u00e1s es especialmente relevante pues se trata de la primera generaci\u00f3n enteramente logse.  a trav\u00e9s de la escrupulosa aplicaci\u00f3n de una elaborada metodolog\u00eda de an\u00e1lisis , el trabajo representa un avance en el conocimiento de lo0s niveles de com<\/p>\n<p>&nbsp;<\/p>\n<h3>Datos acad\u00e9micos de la tesis doctoral \u00ab<strong>An\u00e1lisis de los niveles de competencia comunicativa en la producci\u00f3n escrita de estudiantes pre-universitarios de ingl\u00e9s como lengua extranjera.<\/strong>\u00ab<\/h3>\n<ul>\n<li><strong>T\u00edtulo de la tesis:<\/strong>\u00a0 An\u00e1lisis de los niveles de competencia comunicativa en la producci\u00f3n escrita de estudiantes pre-universitarios de ingl\u00e9s como lengua extranjera. <\/li>\n<li><strong>Autor:<\/strong>\u00a0 Patricia Plaza Arregui <\/li>\n<li><strong>Universidad:<\/strong>\u00a0 C\u00f3rdoba<\/li>\n<li><strong>Fecha de lectura de la tesis:<\/strong>\u00a0 29\/10\/2004<\/li>\n<\/ul>\n<p>&nbsp;<\/p>\n<h3>Direcci\u00f3n y tribunal<\/h3>\n<ul>\n<li><strong>Director de la tesis<\/strong>\n<ul>\n<li> Mu\u00f1oz Mu\u00f1oz Jos\u00e9 Manuel<\/li>\n<\/ul>\n<\/li>\n<li><strong>Tribunal<\/strong>\n<ul>\n<li>Presidente del tribunal: vicente Lopez folgado <\/li>\n<li>Marta Falces sierra (vocal)<\/li>\n<li>eulalio Fernandez sanchez (vocal)<\/li>\n<li>eberhard Klein (vocal)<\/li>\n<\/ul>\n<\/li>\n<\/ul>\n<p>&nbsp;<\/p>\n","protected":false},"excerpt":{"rendered":"<p>Tesis doctoral de Patricia Plaza Arregui El estudio pretende poner de manifiesto el estado de la competencia comunicativa escrita de [&hellip;]<\/p>\n","protected":false},"author":1,"featured_media":0,"comment_status":"open","ping_status":"open","sticky":false,"template":"","format":"standard","meta":{"site-sidebar-layout":"default","site-content-layout":"","ast-site-content-layout":"","site-content-style":"default","site-sidebar-style":"default","ast-global-header-display":"","ast-banner-title-visibility":"","ast-main-header-display":"","ast-hfb-above-header-display":"","ast-hfb-below-header-display":"","ast-hfb-mobile-header-display":"","site-post-title":"","ast-breadcrumbs-content":"","ast-featured-img":"","footer-sml-layout":"","theme-transparent-header-meta":"","adv-header-id-meta":"","stick-header-meta":"","header-above-stick-meta":"","header-main-stick-meta":"","header-below-stick-meta":"","astra-migrate-meta-layouts":"default","ast-page-background-enabled":"default","ast-page-background-meta":{"desktop":{"background-color":"var(--ast-global-color-4)","background-image":"","background-repeat":"repeat","background-position":"center center","background-size":"auto","background-attachment":"scroll","background-type":"","background-media":"","overlay-type":"","overlay-color":"","overlay-gradient":""},"tablet":{"background-color":"","background-image":"","background-repeat":"repeat","background-position":"center center","background-size":"auto","background-attachment":"scroll","background-type":"","background-media":"","overlay-type":"","overlay-color":"","overlay-gradient":""},"mobile":{"background-color":"","background-image":"","background-repeat":"repeat","background-position":"center center","background-size":"auto","background-attachment":"scroll","background-type":"","background-media":"","overlay-type":"","overlay-color":"","overlay-gradient":""}},"ast-content-background-meta":{"desktop":{"background-color":"var(--ast-global-color-5)","background-image":"","background-repeat":"repeat","background-position":"center center","background-size":"auto","background-attachment":"scroll","background-type":"","background-media":"","overlay-type":"","overlay-color":"","overlay-gradient":""},"tablet":{"background-color":"var(--ast-global-color-5)","background-image":"","background-repeat":"repeat","background-position":"center center","background-size":"auto","background-attachment":"scroll","background-type":"","background-media":"","overlay-type":"","overlay-color":"","overlay-gradient":""},"mobile":{"background-color":"var(--ast-global-color-5)","background-image":"","background-repeat":"repeat","background-position":"center center","background-size":"auto","background-attachment":"scroll","background-type":"","background-media":"","overlay-type":"","overlay-color":"","overlay-gradient":""}},"footnotes":""},"categories":[973,1891,59,60],"tags":[154825,121156,36978,2303,154824,1897],"class_list":["post-70993","post","type-post","status-publish","format-standard","hentry","category-cordoba","category-ensenanza-de-lenguas","category-linguistica","category-linguistica-aplicada","tag-eberhard-klein","tag-eulalio-fernandez-sanchez","tag-marta-falces-sierra","tag-munoz-munoz-jose-manuel","tag-patricia-plaza-arregui","tag-vicente-lopez-folgado"],"_links":{"self":[{"href":"https:\/\/www.deberes.net\/tesis\/wp-json\/wp\/v2\/posts\/70993","targetHints":{"allow":["GET"]}}],"collection":[{"href":"https:\/\/www.deberes.net\/tesis\/wp-json\/wp\/v2\/posts"}],"about":[{"href":"https:\/\/www.deberes.net\/tesis\/wp-json\/wp\/v2\/types\/post"}],"author":[{"embeddable":true,"href":"https:\/\/www.deberes.net\/tesis\/wp-json\/wp\/v2\/users\/1"}],"replies":[{"embeddable":true,"href":"https:\/\/www.deberes.net\/tesis\/wp-json\/wp\/v2\/comments?post=70993"}],"version-history":[{"count":0,"href":"https:\/\/www.deberes.net\/tesis\/wp-json\/wp\/v2\/posts\/70993\/revisions"}],"wp:attachment":[{"href":"https:\/\/www.deberes.net\/tesis\/wp-json\/wp\/v2\/media?parent=70993"}],"wp:term":[{"taxonomy":"category","embeddable":true,"href":"https:\/\/www.deberes.net\/tesis\/wp-json\/wp\/v2\/categories?post=70993"},{"taxonomy":"post_tag","embeddable":true,"href":"https:\/\/www.deberes.net\/tesis\/wp-json\/wp\/v2\/tags?post=70993"}],"curies":[{"name":"wp","href":"https:\/\/api.w.org\/{rel}","templated":true}]}}