{"id":70996,"date":"2018-03-09T23:15:32","date_gmt":"2018-03-09T23:15:32","guid":{"rendered":"https:\/\/www.deberes.net\/tesis\/sin-categoria\/treba-y-territorium-genesis-y-desarrollo-del-mobiliario-arqueologico-institucional-de-la-gallaecia\/"},"modified":"2018-03-09T23:15:32","modified_gmt":"2018-03-09T23:15:32","slug":"treba-y-territorium-genesis-y-desarrollo-del-mobiliario-arqueologico-institucional-de-la-gallaecia","status":"publish","type":"post","link":"https:\/\/www.deberes.net\/tesis\/linguistica\/treba-y-territorium-genesis-y-desarrollo-del-mobiliario-arqueologico-institucional-de-la-gallaecia\/","title":{"rendered":"Treba y territorium. g\u00e9nesis y desarrollo del mobiliario arqueol\u00f3gico institucional de la gallaecia."},"content":{"rendered":"<h2>Tesis doctoral de <strong> Andr\u00e9s Pena Gra\u00f1a <\/strong><\/h2>\n<p>Sobre un com\u00fan fondo indoeuropeo , sin soluci\u00f3n incluso hasta la edad media, como resultado de infiltraciones y de contactos entre las lenguas y las ideas usadas por los pueblo ribere\u00f1os que inveteradamente emplearon como vasos comunicantes al oc\u00e9ano atl\u00e1ntico y a sus r\u00edos tributarios, tuvo lugar un capilar , osm\u00f3tico, ininterrumpido , amplio proceso de mutua convergencia socio-cultural e institucional, provocando, tras una aparente continua renovaci\u00f3n, un constante flujo y reflujo acumulativo-evolutivo y la consolidaci\u00f3n o el casi obsoluto inmovilismo de las m\u00e1s natiguas instituciones indoeuropeas.Es el estudio y el an\u00e1lisis de este proceso el objeto de nuestra tesis.  no pudi\u00e9ndose analizar o estudiar en un tren de larga duraci\u00f3n la cultura material , obscura per obscuriora, aislando y concidiendo \u00ablas cosas\u00bbora como elementos no seriados de isocr\u00f3nicos modelos de comercio y de cambio entre el mediterr\u00e1neo y lo extra-mediterr\u00e1neo , ora como ansiosos consumos , en ingenuas transposiciones aprior\u00edsticas efectuadas por una postindustrial sociedad globalizada, pensamos y estudiamos la evidencia material con un m\u00e9todo factogr\u00e1fico comparatista propio , acotando y estableciendo fehacientes promptemas (grupos coherentes de evidencia)o \u00abseries relacionales\u00bbintegradas en sistemas arqueol\u00f3gicos.Constituyendo como demostraremos \u00ablas cosas\u00bb la expresi\u00f3n material de sistemas europeos y el registro de creencias , frente a fant\u00e1sticos planteamientos paral\u00f3gicos , seg\u00fan  en 1944 lo viera jacobsthal y casi cuarenta a\u00f1os despu\u00e9s lo reiteraran m.Ruth megaw y j.Vincent s.Megaw, induciendo la persistencia sonrisa del gato de cheshire,la fr\u00edvola cosificaci\u00f3n de la materia arqueol\u00f3gica presente en la taxidermia cient\u00edfica vigente, ahora deconstructiva, fuera de un promptema podr\u00eda no tener otros l\u00edmites y reglas que las decididas por la fentas\u00eda del arque\u00f3logo.  aplicando un m\u00e9todo gen\u00e9rico diacr\u00f3nico-evolutivo similar al<\/p>\n<p>&nbsp;<\/p>\n<h3>Datos acad\u00e9micos de la tesis doctoral \u00ab<strong>Treba y territorium. g\u00e9nesis y desarrollo del mobiliario arqueol\u00f3gico institucional de la gallaecia.<\/strong>\u00ab<\/h3>\n<ul>\n<li><strong>T\u00edtulo de la tesis:<\/strong>\u00a0 Treba y territorium. g\u00e9nesis y desarrollo del mobiliario arqueol\u00f3gico institucional de la gallaecia. <\/li>\n<li><strong>Autor:<\/strong>\u00a0 Andr\u00e9s Pena Gra\u00f1a <\/li>\n<li><strong>Universidad:<\/strong>\u00a0 Santiago de compostela<\/li>\n<li><strong>Fecha de lectura de la tesis:<\/strong>\u00a0 29\/10\/2004<\/li>\n<\/ul>\n<p>&nbsp;<\/p>\n<h3>Direcci\u00f3n y tribunal<\/h3>\n<ul>\n<li><strong>Director de la tesis<\/strong>\n<ul>\n<li>Raquel Casal Garcia<\/li>\n<\/ul>\n<\/li>\n<li><strong>Tribunal<\/strong>\n<ul>\n<li>Presidente del tribunal: martin Almagro gorbea <\/li>\n<li>Fernando Alonso romero (vocal)<\/li>\n<li>venceslas Kruta (vocal)<\/li>\n<li>ladislao Castro p\u00e9rez (vocal)<\/li>\n<\/ul>\n<\/li>\n<\/ul>\n<p>&nbsp;<\/p>\n","protected":false},"excerpt":{"rendered":"<p>Tesis doctoral de Andr\u00e9s Pena Gra\u00f1a Sobre un com\u00fan fondo indoeuropeo , sin soluci\u00f3n incluso hasta la edad media, como [&hellip;]<\/p>\n","protected":false},"author":1,"featured_media":0,"comment_status":"open","ping_status":"open","sticky":false,"template":"","format":"standard","meta":{"site-sidebar-layout":"default","site-content-layout":"","ast-site-content-layout":"","site-content-style":"default","site-sidebar-style":"default","ast-global-header-display":"","ast-banner-title-visibility":"","ast-main-header-display":"","ast-hfb-above-header-display":"","ast-hfb-below-header-display":"","ast-hfb-mobile-header-display":"","site-post-title":"","ast-breadcrumbs-content":"","ast-featured-img":"","footer-sml-layout":"","theme-transparent-header-meta":"","adv-header-id-meta":"","stick-header-meta":"","header-above-stick-meta":"","header-main-stick-meta":"","header-below-stick-meta":"","astra-migrate-meta-layouts":"default","ast-page-background-enabled":"default","ast-page-background-meta":{"desktop":{"background-color":"var(--ast-global-color-4)","background-image":"","background-repeat":"repeat","background-position":"center center","background-size":"auto","background-attachment":"scroll","background-type":"","background-media":"","overlay-type":"","overlay-color":"","overlay-gradient":""},"tablet":{"background-color":"","background-image":"","background-repeat":"repeat","background-position":"center center","background-size":"auto","background-attachment":"scroll","background-type":"","background-media":"","overlay-type":"","overlay-color":"","overlay-gradient":""},"mobile":{"background-color":"","background-image":"","background-repeat":"repeat","background-position":"center center","background-size":"auto","background-attachment":"scroll","background-type":"","background-media":"","overlay-type":"","overlay-color":"","overlay-gradient":""}},"ast-content-background-meta":{"desktop":{"background-color":"var(--ast-global-color-5)","background-image":"","background-repeat":"repeat","background-position":"center center","background-size":"auto","background-attachment":"scroll","background-type":"","background-media":"","overlay-type":"","overlay-color":"","overlay-gradient":""},"tablet":{"background-color":"var(--ast-global-color-5)","background-image":"","background-repeat":"repeat","background-position":"center center","background-size":"auto","background-attachment":"scroll","background-type":"","background-media":"","overlay-type":"","overlay-color":"","overlay-gradient":""},"mobile":{"background-color":"var(--ast-global-color-5)","background-image":"","background-repeat":"repeat","background-position":"center center","background-size":"auto","background-attachment":"scroll","background-type":"","background-media":"","overlay-type":"","overlay-color":"","overlay-gradient":""}},"footnotes":""},"categories":[681,983,1623,1624,7275,38486,104,59,4139,62,977],"tags":[154833,33203,147755,6607,119263,154834],"class_list":["post-70996","post","type-post","status-publish","format-standard","hentry","category-antropologia","category-antropologia-cultural","category-arqueologia","category-ciencias-auxiliares-de-la-historia","category-etnolinguistica","category-etnolinguistica-antropologica","category-historia","category-linguistica","category-linguistica-comparada","category-linguistica-sincronica","category-santiago-de-compostela","tag-andres-pena-grana","tag-fernando-alonso-romero","tag-ladislao-castro-perez","tag-martin-almagro-gorbea","tag-raquel-casal-garcia","tag-venceslas-kruta"],"_links":{"self":[{"href":"https:\/\/www.deberes.net\/tesis\/wp-json\/wp\/v2\/posts\/70996","targetHints":{"allow":["GET"]}}],"collection":[{"href":"https:\/\/www.deberes.net\/tesis\/wp-json\/wp\/v2\/posts"}],"about":[{"href":"https:\/\/www.deberes.net\/tesis\/wp-json\/wp\/v2\/types\/post"}],"author":[{"embeddable":true,"href":"https:\/\/www.deberes.net\/tesis\/wp-json\/wp\/v2\/users\/1"}],"replies":[{"embeddable":true,"href":"https:\/\/www.deberes.net\/tesis\/wp-json\/wp\/v2\/comments?post=70996"}],"version-history":[{"count":0,"href":"https:\/\/www.deberes.net\/tesis\/wp-json\/wp\/v2\/posts\/70996\/revisions"}],"wp:attachment":[{"href":"https:\/\/www.deberes.net\/tesis\/wp-json\/wp\/v2\/media?parent=70996"}],"wp:term":[{"taxonomy":"category","embeddable":true,"href":"https:\/\/www.deberes.net\/tesis\/wp-json\/wp\/v2\/categories?post=70996"},{"taxonomy":"post_tag","embeddable":true,"href":"https:\/\/www.deberes.net\/tesis\/wp-json\/wp\/v2\/tags?post=70996"}],"curies":[{"name":"wp","href":"https:\/\/api.w.org\/{rel}","templated":true}]}}