{"id":71015,"date":"2018-03-09T23:15:32","date_gmt":"2018-03-09T23:15:32","guid":{"rendered":"https:\/\/www.deberes.net\/tesis\/sin-categoria\/edith-stein-de-la-antropologa%c2%ada-a-la-filosofa%c2%ada-pola%c2%adtica\/"},"modified":"2018-03-09T23:15:32","modified_gmt":"2018-03-09T23:15:32","slug":"edith-stein-de-la-antropologa%c2%ada-a-la-filosofa%c2%ada-pola%c2%adtica","status":"publish","type":"post","link":"https:\/\/www.deberes.net\/tesis\/ciencias-juridicas-y-derecho\/edith-stein-de-la-antropologa%c2%ada-a-la-filosofa%c2%ada-pola%c2%adtica\/","title":{"rendered":"Edith stein : de la antropolog\u00eda a la filosof\u00edapol\u00edtica"},"content":{"rendered":"<h2>Tesis doctoral de <strong> Feliciana Merino Escalera <\/strong><\/h2>\n<p>La presente teisis doctoral tiene por objeto el an\u00e1lisis evolutivo del pensamiento de edith stein respecto a la relaci\u00f3n entre el individuo y la comunidad. Dicho an\u00e1lisis comienza por sus obras de inspiraci\u00f3n fenomenol\u00f3gica, en las que se advierte una clara intenci\u00f3n de construir una teor\u00eda antropol\u00f3gica y pol\u00edtico-social de la intersubjetividad: desde la empat\u00eda, a la comunidad y al estado.  el objeto de este trabajo es demostrar que existe una comunidad de fondo entre sus posiciones m\u00e1s tempranas y las m\u00e1s maduras, de manera que los temas son retomados con posterioridad a trav\u00e9s de las nociones de pueblo, tipo social, comunidad y comuni\u00f3n, etc.  la tesis desarrolla los presupuestos fenomenol\u00f3gicos y metaf\u00edsico-teol\u00f3gicos acerca de la relaci\u00f3n entre el individuo y la comunidad, haciendo alusi\u00f3n a los principios antropol\u00f3gicos de la constituci\u00f3n del ser humano, la empat\u00eda como proceso de tr\u00e1nsito del yo al t\u00fa, la relaci\u00f3n var\u00f3n-mujer, y los fundamentos de la comunidad a partir de la intersubjetividad.<\/p>\n<p>&nbsp;<\/p>\n<h3>Datos acad\u00e9micos de la tesis doctoral \u00ab<strong>Edith stein : de la antropolog\u00eda a la filosof\u00edapol\u00edtica<\/strong>\u00ab<\/h3>\n<ul>\n<li><strong>T\u00edtulo de la tesis:<\/strong>\u00a0 Edith stein : de la antropolog\u00eda a la filosof\u00edapol\u00edtica <\/li>\n<li><strong>Autor:<\/strong>\u00a0 Feliciana Merino Escalera <\/li>\n<li><strong>Universidad:<\/strong>\u00a0 Universitat de val\u00e9ncia (estudi general)<\/li>\n<li><strong>Fecha de lectura de la tesis:<\/strong>\u00a0 29\/10\/2004<\/li>\n<\/ul>\n<p>&nbsp;<\/p>\n<h3>Direcci\u00f3n y tribunal<\/h3>\n<ul>\n<li><strong>Director de la tesis<\/strong>\n<ul>\n<li>Jes\u00fas Ballesteros Llompart<\/li>\n<\/ul>\n<\/li>\n<li><strong>Tribunal<\/strong>\n<ul>\n<li>Presidente del tribunal: ernesto Vidal gil <\/li>\n<li>leonardo Rodriguez dupl\u00e1 (vocal)<\/li>\n<li> Palacios Garc\u00eda Juan  Miguel (vocal)<\/li>\n<li> Burgos velasco Juan  Manuel (vocal)<\/li>\n<\/ul>\n<\/li>\n<\/ul>\n<p>&nbsp;<\/p>\n","protected":false},"excerpt":{"rendered":"<p>Tesis doctoral de Feliciana Merino Escalera La presente teisis doctoral tiene por objeto el an\u00e1lisis evolutivo del pensamiento de edith [&hellip;]<\/p>\n","protected":false},"author":1,"featured_media":0,"comment_status":"open","ping_status":"open","sticky":false,"template":"","format":"standard","meta":{"site-sidebar-layout":"default","site-content-layout":"","ast-site-content-layout":"","site-content-style":"default","site-sidebar-style":"default","ast-global-header-display":"","ast-banner-title-visibility":"","ast-main-header-display":"","ast-hfb-above-header-display":"","ast-hfb-below-header-display":"","ast-hfb-mobile-header-display":"","site-post-title":"","ast-breadcrumbs-content":"","ast-featured-img":"","footer-sml-layout":"","theme-transparent-header-meta":"","adv-header-id-meta":"","stick-header-meta":"","header-above-stick-meta":"","header-main-stick-meta":"","header-below-stick-meta":"","astra-migrate-meta-layouts":"default","ast-page-background-enabled":"default","ast-page-background-meta":{"desktop":{"background-color":"var(--ast-global-color-4)","background-image":"","background-repeat":"repeat","background-position":"center center","background-size":"auto","background-attachment":"scroll","background-type":"","background-media":"","overlay-type":"","overlay-color":"","overlay-gradient":""},"tablet":{"background-color":"","background-image":"","background-repeat":"repeat","background-position":"center center","background-size":"auto","background-attachment":"scroll","background-type":"","background-media":"","overlay-type":"","overlay-color":"","overlay-gradient":""},"mobile":{"background-color":"","background-image":"","background-repeat":"repeat","background-position":"center center","background-size":"auto","background-attachment":"scroll","background-type":"","background-media":"","overlay-type":"","overlay-color":"","overlay-gradient":""}},"ast-content-background-meta":{"desktop":{"background-color":"var(--ast-global-color-5)","background-image":"","background-repeat":"repeat","background-position":"center center","background-size":"auto","background-attachment":"scroll","background-type":"","background-media":"","overlay-type":"","overlay-color":"","overlay-gradient":""},"tablet":{"background-color":"var(--ast-global-color-5)","background-image":"","background-repeat":"repeat","background-position":"center center","background-size":"auto","background-attachment":"scroll","background-type":"","background-media":"","overlay-type":"","overlay-color":"","overlay-gradient":""},"mobile":{"background-color":"var(--ast-global-color-5)","background-image":"","background-repeat":"repeat","background-position":"center center","background-size":"auto","background-attachment":"scroll","background-type":"","background-media":"","overlay-type":"","overlay-color":"","overlay-gradient":""}},"footnotes":""},"categories":[612,11777,3193],"tags":[154871,84575,154870,11363,52685,1063],"class_list":["post-71015","post","type-post","status-publish","format-standard","hentry","category-ciencias-juridicas-y-derecho","category-filosofia-del-derecho","category-teoria-y-metodos-generales-del-derecho","tag-burgos-velasco-juan-manuel","tag-ernesto-vidal-gil","tag-feliciana-merino-escalera","tag-jesus-ballesteros-llompart","tag-leonardo-rodriguez-dupla","tag-palacios-garcia-juan-miguel"],"_links":{"self":[{"href":"https:\/\/www.deberes.net\/tesis\/wp-json\/wp\/v2\/posts\/71015","targetHints":{"allow":["GET"]}}],"collection":[{"href":"https:\/\/www.deberes.net\/tesis\/wp-json\/wp\/v2\/posts"}],"about":[{"href":"https:\/\/www.deberes.net\/tesis\/wp-json\/wp\/v2\/types\/post"}],"author":[{"embeddable":true,"href":"https:\/\/www.deberes.net\/tesis\/wp-json\/wp\/v2\/users\/1"}],"replies":[{"embeddable":true,"href":"https:\/\/www.deberes.net\/tesis\/wp-json\/wp\/v2\/comments?post=71015"}],"version-history":[{"count":0,"href":"https:\/\/www.deberes.net\/tesis\/wp-json\/wp\/v2\/posts\/71015\/revisions"}],"wp:attachment":[{"href":"https:\/\/www.deberes.net\/tesis\/wp-json\/wp\/v2\/media?parent=71015"}],"wp:term":[{"taxonomy":"category","embeddable":true,"href":"https:\/\/www.deberes.net\/tesis\/wp-json\/wp\/v2\/categories?post=71015"},{"taxonomy":"post_tag","embeddable":true,"href":"https:\/\/www.deberes.net\/tesis\/wp-json\/wp\/v2\/tags?post=71015"}],"curies":[{"name":"wp","href":"https:\/\/api.w.org\/{rel}","templated":true}]}}