{"id":71019,"date":"2018-03-09T23:15:32","date_gmt":"2018-03-09T23:15:32","guid":{"rendered":"https:\/\/www.deberes.net\/tesis\/sin-categoria\/medida-y-analisis-del-ozono-y-de-la-radiacion-solar-ultravioleta-en-el-arenosillo-inta-huelva\/"},"modified":"2018-03-09T23:15:32","modified_gmt":"2018-03-09T23:15:32","slug":"medida-y-analisis-del-ozono-y-de-la-radiacion-solar-ultravioleta-en-el-arenosillo-inta-huelva","status":"publish","type":"post","link":"https:\/\/www.deberes.net\/tesis\/fisica\/medida-y-analisis-del-ozono-y-de-la-radiacion-solar-ultravioleta-en-el-arenosillo-inta-huelva\/","title":{"rendered":"Medida y an\u00e1lisis del ozono y de la radiaci\u00f3n solar ultravioleta en \u00abel arenosillo &#8211; inta\u00bb, huelva"},"content":{"rendered":"<h2>Tesis doctoral de <strong>  Vilaplana Guerrero Jos\u00e9 Manuel <\/strong><\/h2>\n<p>Se presenta un an\u00e1lisis de las series de observaciones de ozono y radiaci\u00f3n ultravioleta en el observatorio de el arenosillo. Se analiza en detalle la instrumentaci\u00f3n de medida y las incertudimbres asociadas a las medidas, intercomparaci\u00f3n entre instrumentos de tierra, frente a medidas de sat\u00e9lite y modelos de transferencia radiativa. Se establecen tendencias, dependencia entre ozono y radiaci\u00f3n uv y an\u00e1lisis climatol\u00f3gico de las vasribles medidas, as\u00ed como  del \u00edndice ultravioleta y medidas de fotoprotecci\u00f3n.<\/p>\n<p>&nbsp;<\/p>\n<h3>Datos acad\u00e9micos de la tesis doctoral \u00ab<strong>Medida y an\u00e1lisis del ozono y de la radiaci\u00f3n solar ultravioleta en \u00abel arenosillo &#8211; inta\u00bb, huelva<\/strong>\u00ab<\/h3>\n<ul>\n<li><strong>T\u00edtulo de la tesis:<\/strong>\u00a0 Medida y an\u00e1lisis del ozono y de la radiaci\u00f3n solar ultravioleta en \u00abel arenosillo &#8211; inta\u00bb, huelva <\/li>\n<li><strong>Autor:<\/strong>\u00a0  Vilaplana Guerrero Jos\u00e9 Manuel <\/li>\n<li><strong>Universidad:<\/strong>\u00a0 Valladolid<\/li>\n<li><strong>Fecha de lectura de la tesis:<\/strong>\u00a0 29\/10\/2004<\/li>\n<\/ul>\n<p>&nbsp;<\/p>\n<h3>Direcci\u00f3n y tribunal<\/h3>\n<ul>\n<li><strong>Director de la tesis<\/strong>\n<ul>\n<li>Benito De La Morena Carretero<\/li>\n<\/ul>\n<\/li>\n<li><strong>Tribunal<\/strong>\n<ul>\n<li>Presidente del tribunal: Santiago Mar salda\u00f1a <\/li>\n<li>Antonio Labajo salazar (vocal)<\/li>\n<li>Juli\u00e1n Gr\u00ed\u00b6bner (vocal)<\/li>\n<li>Manuel Gil ojeda (vocal)<\/li>\n<\/ul>\n<\/li>\n<\/ul>\n<p>&nbsp;<\/p>\n","protected":false},"excerpt":{"rendered":"<p>Tesis doctoral de Vilaplana Guerrero Jos\u00e9 Manuel Se presenta un an\u00e1lisis de las series de observaciones de ozono y radiaci\u00f3n [&hellip;]<\/p>\n","protected":false},"author":1,"featured_media":0,"comment_status":"open","ping_status":"open","sticky":false,"template":"","format":"standard","meta":{"site-sidebar-layout":"default","site-content-layout":"","ast-site-content-layout":"","site-content-style":"default","site-sidebar-style":"default","ast-global-header-display":"","ast-banner-title-visibility":"","ast-main-header-display":"","ast-hfb-above-header-display":"","ast-hfb-below-header-display":"","ast-hfb-mobile-header-display":"","site-post-title":"","ast-breadcrumbs-content":"","ast-featured-img":"","footer-sml-layout":"","theme-transparent-header-meta":"","adv-header-id-meta":"","stick-header-meta":"","header-above-stick-meta":"","header-main-stick-meta":"","header-below-stick-meta":"","astra-migrate-meta-layouts":"default","ast-page-background-enabled":"default","ast-page-background-meta":{"desktop":{"background-color":"var(--ast-global-color-4)","background-image":"","background-repeat":"repeat","background-position":"center center","background-size":"auto","background-attachment":"scroll","background-type":"","background-media":"","overlay-type":"","overlay-color":"","overlay-gradient":""},"tablet":{"background-color":"","background-image":"","background-repeat":"repeat","background-position":"center center","background-size":"auto","background-attachment":"scroll","background-type":"","background-media":"","overlay-type":"","overlay-color":"","overlay-gradient":""},"mobile":{"background-color":"","background-image":"","background-repeat":"repeat","background-position":"center center","background-size":"auto","background-attachment":"scroll","background-type":"","background-media":"","overlay-type":"","overlay-color":"","overlay-gradient":""}},"ast-content-background-meta":{"desktop":{"background-color":"var(--ast-global-color-5)","background-image":"","background-repeat":"repeat","background-position":"center center","background-size":"auto","background-attachment":"scroll","background-type":"","background-media":"","overlay-type":"","overlay-color":"","overlay-gradient":""},"tablet":{"background-color":"var(--ast-global-color-5)","background-image":"","background-repeat":"repeat","background-position":"center center","background-size":"auto","background-attachment":"scroll","background-type":"","background-media":"","overlay-type":"","overlay-color":"","overlay-gradient":""},"mobile":{"background-color":"var(--ast-global-color-5)","background-image":"","background-repeat":"repeat","background-position":"center center","background-size":"auto","background-attachment":"scroll","background-type":"","background-media":"","overlay-type":"","overlay-color":"","overlay-gradient":""}},"footnotes":""},"categories":[199,1525,14875,35505,12451],"tags":[21895,43084,154881,63605,154880,154879],"class_list":["post-71019","post","type-post","status-publish","format-standard","hentry","category-fisica","category-optica","category-radiacion-ultravioleta","category-radiometria","category-valladolid","tag-antonio-labajo-salazar","tag-benito-de-la-morena-carretero","tag-julian-gribner","tag-manuel-gil-ojeda","tag-santiago-mar-saldana","tag-vilaplana-guerrero-jose-manuel"],"_links":{"self":[{"href":"https:\/\/www.deberes.net\/tesis\/wp-json\/wp\/v2\/posts\/71019","targetHints":{"allow":["GET"]}}],"collection":[{"href":"https:\/\/www.deberes.net\/tesis\/wp-json\/wp\/v2\/posts"}],"about":[{"href":"https:\/\/www.deberes.net\/tesis\/wp-json\/wp\/v2\/types\/post"}],"author":[{"embeddable":true,"href":"https:\/\/www.deberes.net\/tesis\/wp-json\/wp\/v2\/users\/1"}],"replies":[{"embeddable":true,"href":"https:\/\/www.deberes.net\/tesis\/wp-json\/wp\/v2\/comments?post=71019"}],"version-history":[{"count":0,"href":"https:\/\/www.deberes.net\/tesis\/wp-json\/wp\/v2\/posts\/71019\/revisions"}],"wp:attachment":[{"href":"https:\/\/www.deberes.net\/tesis\/wp-json\/wp\/v2\/media?parent=71019"}],"wp:term":[{"taxonomy":"category","embeddable":true,"href":"https:\/\/www.deberes.net\/tesis\/wp-json\/wp\/v2\/categories?post=71019"},{"taxonomy":"post_tag","embeddable":true,"href":"https:\/\/www.deberes.net\/tesis\/wp-json\/wp\/v2\/tags?post=71019"}],"curies":[{"name":"wp","href":"https:\/\/api.w.org\/{rel}","templated":true}]}}