{"id":71035,"date":"2018-03-09T23:15:36","date_gmt":"2018-03-09T23:15:36","guid":{"rendered":"https:\/\/www.deberes.net\/tesis\/sin-categoria\/el-ta%c2%adtulo-de-emision-co2-como-objeto-de-trafico-jura%c2%addico-en-el-mercado\/"},"modified":"2018-03-09T23:15:36","modified_gmt":"2018-03-09T23:15:36","slug":"el-ta%c2%adtulo-de-emision-co2-como-objeto-de-trafico-jura%c2%addico-en-el-mercado","status":"publish","type":"post","link":"https:\/\/www.deberes.net\/tesis\/barcelona\/el-ta%c2%adtulo-de-emision-co2-como-objeto-de-trafico-jura%c2%addico-en-el-mercado\/","title":{"rendered":"El t\u00edtulo de emisi\u00f3n co2 como objeto de tr\u00e1fico jur\u00eddico en el mercado"},"content":{"rendered":"<h2>Tesis doctoral de <strong> Flavia Rosembuj Gonzalez Capitel <\/strong><\/h2>\n<p>El protocolo de kioto a la convenci\u00f3n marco de naciones unidas sobre cambio clim\u00e1tico, propone por primera vez en nuestro \u00e1mbito jur\u00eddico una nueva l\u00f3gica para proteger el medio ambiente. Se prima al que externaliza a la sociedad una buena conducta, es decir, se prima a aquel que no emite gases a la atmosfera otorg\u00e1ndole un derecho subjetivo equivalente jur\u00eddico al derecho de propiedad econ\u00f3mico que tendr\u00e1 un precio en el mercado de los derechos de emisi\u00f3n. La instituci\u00f3n mercantil por excelencia, el mercado, se manifiesta as\u00ed con toda su potencialidad al servicio de la finalidad c\u00edvico-social de reducci\u00f3n de emisiones de gases de efecto invernadero que causan el cambio clim\u00e1tico en el planeta. la tesis plantea, de entrada, la dificultad de clasificaci\u00f3n del bien ambiente en el concepto tradicional de dominio publico al mismo tiempo que describe de manera gen\u00e9rico los cambios acontecidos en los \u00faltimos a\u00f1os insertados en la propia definici\u00f3n del bien que han ampliado sus fundamentos, auspiciados por el concepto de sostenibilidad. La utilizaci\u00f3n de instrumentos econ\u00f3micos y la superaci\u00f3n de la intervenci\u00f3n administrativa tradicional ser\u00e1n cuestiones tratadas en esta parte inicial de la tesis que nos introducir\u00e1n en el n\u00facleo del estudio: la reivindicaci\u00f3n del mercado como m\u00e9todo y como medio para la protecci\u00f3n m\u00e1s eficiente del valor ambiental. Seguidamente, la tesis se adentra en el an\u00e1lisis pormenorizado de las caracter\u00edsticas de los diferentes mercados de t\u00edtulos de emisi\u00f3n para la protecci\u00f3n del valor ambiental escaso. El estudio discurre a trav\u00e9s de los esbozos de algunas propuestas regulatorias alternativas sobre la base de distintas reflexiones acerca de la naturaleza del derecho de emisi\u00f3n como derecho de propiedad (derecho real), como derecho de aprovechamiento publico o como derecho incorporal de cr\u00e9dito. El legislador espa\u00f1ol se anticipa a las tendencias que surgen en sede de mercados financieros y otorga a los titulares de derechos de emisi\u00f3n una esfera de poder independiente y aut\u00f3noma, encontrando encaje jur\u00eddico a la creatividad de los economistas ambientales y utilizando el precio del recurso escaso como instrumento.<\/p>\n<p>&nbsp;<\/p>\n<h3>Datos acad\u00e9micos de la tesis doctoral \u00ab<strong>El t\u00edtulo de emisi\u00f3n co2 como objeto de tr\u00e1fico jur\u00eddico en el mercado<\/strong>\u00ab<\/h3>\n<ul>\n<li><strong>T\u00edtulo de la tesis:<\/strong>\u00a0 El t\u00edtulo de emisi\u00f3n co2 como objeto de tr\u00e1fico jur\u00eddico en el mercado <\/li>\n<li><strong>Autor:<\/strong>\u00a0 Flavia Rosembuj Gonzalez Capitel <\/li>\n<li><strong>Universidad:<\/strong>\u00a0 Barcelona<\/li>\n<li><strong>Fecha de lectura de la tesis:<\/strong>\u00a0 29\/10\/2004<\/li>\n<\/ul>\n<p>&nbsp;<\/p>\n<h3>Direcci\u00f3n y tribunal<\/h3>\n<ul>\n<li><strong>Director de la tesis<\/strong>\n<ul>\n<li>Antonio Font  Ribas<\/li>\n<\/ul>\n<\/li>\n<li><strong>Tribunal<\/strong>\n<ul>\n<li>Presidente del tribunal: Mar\u00eda  teresa De gispert pastor <\/li>\n<li>Javier Divar  garteizaurrecoa (vocal)<\/li>\n<li>Andr\u00e9s Betancor rodriguez (vocal)<\/li>\n<li>german Valencia martin (vocal)<\/li>\n<\/ul>\n<\/li>\n<\/ul>\n<p>&nbsp;<\/p>\n","protected":false},"excerpt":{"rendered":"<p>Tesis doctoral de Flavia Rosembuj Gonzalez Capitel El protocolo de kioto a la convenci\u00f3n marco de naciones unidas sobre cambio [&hellip;]<\/p>\n","protected":false},"author":1,"featured_media":0,"comment_status":"open","ping_status":"open","sticky":false,"template":"","format":"standard","meta":{"site-sidebar-layout":"default","site-content-layout":"","ast-site-content-layout":"","site-content-style":"default","site-sidebar-style":"default","ast-global-header-display":"","ast-banner-title-visibility":"","ast-main-header-display":"","ast-hfb-above-header-display":"","ast-hfb-below-header-display":"","ast-hfb-mobile-header-display":"","site-post-title":"","ast-breadcrumbs-content":"","ast-featured-img":"","footer-sml-layout":"","theme-transparent-header-meta":"","adv-header-id-meta":"","stick-header-meta":"","header-above-stick-meta":"","header-main-stick-meta":"","header-below-stick-meta":"","astra-migrate-meta-layouts":"default","ast-page-background-enabled":"default","ast-page-background-meta":{"desktop":{"background-color":"var(--ast-global-color-4)","background-image":"","background-repeat":"repeat","background-position":"center center","background-size":"auto","background-attachment":"scroll","background-type":"","background-media":"","overlay-type":"","overlay-color":"","overlay-gradient":""},"tablet":{"background-color":"","background-image":"","background-repeat":"repeat","background-position":"center center","background-size":"auto","background-attachment":"scroll","background-type":"","background-media":"","overlay-type":"","overlay-color":"","overlay-gradient":""},"mobile":{"background-color":"","background-image":"","background-repeat":"repeat","background-position":"center center","background-size":"auto","background-attachment":"scroll","background-type":"","background-media":"","overlay-type":"","overlay-color":"","overlay-gradient":""}},"ast-content-background-meta":{"desktop":{"background-color":"var(--ast-global-color-5)","background-image":"","background-repeat":"repeat","background-position":"center center","background-size":"auto","background-attachment":"scroll","background-type":"","background-media":"","overlay-type":"","overlay-color":"","overlay-gradient":""},"tablet":{"background-color":"var(--ast-global-color-5)","background-image":"","background-repeat":"repeat","background-position":"center center","background-size":"auto","background-attachment":"scroll","background-type":"","background-media":"","overlay-type":"","overlay-color":"","overlay-gradient":""},"mobile":{"background-color":"var(--ast-global-color-5)","background-image":"","background-repeat":"repeat","background-position":"center center","background-size":"auto","background-attachment":"scroll","background-type":"","background-media":"","overlay-type":"","overlay-color":"","overlay-gradient":""}},"footnotes":""},"categories":[951,2826],"tags":[22096,74572,154914,66297,31949,71484],"class_list":["post-71035","post","type-post","status-publish","format-standard","hentry","category-barcelona","category-derecho-mercantil","tag-andres-betancor-rodriguez","tag-antonio-font-ribas","tag-flavia-rosembuj-gonzalez-capitel","tag-german-valencia-martin","tag-javier-divar-garteizaurrecoa","tag-maria-teresa-de-gispert-pastor"],"_links":{"self":[{"href":"https:\/\/www.deberes.net\/tesis\/wp-json\/wp\/v2\/posts\/71035","targetHints":{"allow":["GET"]}}],"collection":[{"href":"https:\/\/www.deberes.net\/tesis\/wp-json\/wp\/v2\/posts"}],"about":[{"href":"https:\/\/www.deberes.net\/tesis\/wp-json\/wp\/v2\/types\/post"}],"author":[{"embeddable":true,"href":"https:\/\/www.deberes.net\/tesis\/wp-json\/wp\/v2\/users\/1"}],"replies":[{"embeddable":true,"href":"https:\/\/www.deberes.net\/tesis\/wp-json\/wp\/v2\/comments?post=71035"}],"version-history":[{"count":0,"href":"https:\/\/www.deberes.net\/tesis\/wp-json\/wp\/v2\/posts\/71035\/revisions"}],"wp:attachment":[{"href":"https:\/\/www.deberes.net\/tesis\/wp-json\/wp\/v2\/media?parent=71035"}],"wp:term":[{"taxonomy":"category","embeddable":true,"href":"https:\/\/www.deberes.net\/tesis\/wp-json\/wp\/v2\/categories?post=71035"},{"taxonomy":"post_tag","embeddable":true,"href":"https:\/\/www.deberes.net\/tesis\/wp-json\/wp\/v2\/tags?post=71035"}],"curies":[{"name":"wp","href":"https:\/\/api.w.org\/{rel}","templated":true}]}}