{"id":71078,"date":"2004-04-11T00:00:00","date_gmt":"2004-04-11T00:00:00","guid":{"rendered":"https:\/\/www.deberes.net\/tesis\/sin-categoria\/propuesta-de-una-educacion-social-preventiva-basada-en-valores\/"},"modified":"2004-04-11T00:00:00","modified_gmt":"2004-04-11T00:00:00","slug":"propuesta-de-una-educacion-social-preventiva-basada-en-valores","status":"publish","type":"post","link":"https:\/\/www.deberes.net\/tesis\/psicologia\/propuesta-de-una-educacion-social-preventiva-basada-en-valores\/","title":{"rendered":"\u00abpropuesta de una educaci\u00f3n social preventiva basada en valores\u00bb"},"content":{"rendered":"<h2>Tesis doctoral de <strong>  Galet Macedo Mar\u00eda  Carmen <\/strong><\/h2>\n<p>Se establece un marco conceptual sobre la naturaleza de los valors desde la filosof\u00eda,sociolog\u00eda y antrogolog\u00eda , como contexto en el que se estudian los valores y antivalores de los menores en centros de acogida, con la finalidad de prevenir conductas asociales. As\u00ed mismo, se realiza un estudio desde el a\u00f1o 2000 al 2003, de las conductas asociales sanciondas por la ley de responsabilidad penal del menor en la provincia de c\u00e1ceres, las condiciones socio familiares, escolaridad, delitos y medidas aplicadas a los infractores.  se analizan los dominios de vlor y sus relaciones de compatibilidad e incompatibilidad, seg\u00fan el modelo te\u00f3rico de schwartz y se determinan las jerarqu\u00edas de valores en los menores acogidos en centros.  se encuentra una relaci\u00f3n entre actitudes y conductas entre los menores acogidos y los menores infractores.  finalmente, se realizan recomendaciones para fundamentar loas intervenciones socioeducativas en valores en los centros de acogida como forma de prevenci\u00f3n de las conductas asociales.<\/p>\n<p>&nbsp;<\/p>\n<h3>Datos acad\u00e9micos de la tesis doctoral \u00ab<strong>\u00abpropuesta de una educaci\u00f3n social preventiva basada en valores\u00bb<\/strong>\u00ab<\/h3>\n<ul>\n<li><strong>T\u00edtulo de la tesis:<\/strong>\u00a0 \u00abpropuesta de una educaci\u00f3n social preventiva basada en valores\u00bb <\/li>\n<li><strong>Autor:<\/strong>\u00a0  Galet Macedo Mar\u00eda  Carmen <\/li>\n<li><strong>Universidad:<\/strong>\u00a0 Nacional de educaci\u00f3n a distancia<\/li>\n<li><strong>Fecha de lectura de la tesis:<\/strong>\u00a0 04\/11\/2004<\/li>\n<\/ul>\n<p>&nbsp;<\/p>\n<h3>Direcci\u00f3n y tribunal<\/h3>\n<ul>\n<li><strong>Director de la tesis<\/strong>\n<ul>\n<li>Jos\u00e9 Mar\u00eda Quintana Cabanas<\/li>\n<\/ul>\n<\/li>\n<li><strong>Tribunal<\/strong>\n<ul>\n<li>Presidente del tribunal: antoni Colom ca\u00f1ellas <\/li>\n<li>Jos\u00e9 Oliva gil (vocal)<\/li>\n<li>gloria Perez serrano (vocal)<\/li>\n<li> Due\u00f1as buey Mar\u00eda  Luisa (vocal)<\/li>\n<\/ul>\n<\/li>\n<\/ul>\n<p>&nbsp;<\/p>\n","protected":false},"excerpt":{"rendered":"<p>Tesis doctoral de Galet Macedo Mar\u00eda Carmen Se establece un marco conceptual sobre la naturaleza de los valors desde la [&hellip;]<\/p>\n","protected":false},"author":1,"featured_media":0,"comment_status":"open","ping_status":"open","sticky":false,"template":"","format":"standard","meta":{"site-sidebar-layout":"default","site-content-layout":"","ast-site-content-layout":"","site-content-style":"default","site-sidebar-style":"default","ast-global-header-display":"","ast-banner-title-visibility":"","ast-main-header-display":"","ast-hfb-above-header-display":"","ast-hfb-below-header-display":"","ast-hfb-mobile-header-display":"","site-post-title":"","ast-breadcrumbs-content":"","ast-featured-img":"","footer-sml-layout":"","theme-transparent-header-meta":"","adv-header-id-meta":"","stick-header-meta":"","header-above-stick-meta":"","header-main-stick-meta":"","header-below-stick-meta":"","astra-migrate-meta-layouts":"default","ast-page-background-enabled":"default","ast-page-background-meta":{"desktop":{"background-color":"var(--ast-global-color-4)","background-image":"","background-repeat":"repeat","background-position":"center center","background-size":"auto","background-attachment":"scroll","background-type":"","background-media":"","overlay-type":"","overlay-color":"","overlay-gradient":""},"tablet":{"background-color":"","background-image":"","background-repeat":"repeat","background-position":"center center","background-size":"auto","background-attachment":"scroll","background-type":"","background-media":"","overlay-type":"","overlay-color":"","overlay-gradient":""},"mobile":{"background-color":"","background-image":"","background-repeat":"repeat","background-position":"center center","background-size":"auto","background-attachment":"scroll","background-type":"","background-media":"","overlay-type":"","overlay-color":"","overlay-gradient":""}},"ast-content-background-meta":{"desktop":{"background-color":"var(--ast-global-color-5)","background-image":"","background-repeat":"repeat","background-position":"center center","background-size":"auto","background-attachment":"scroll","background-type":"","background-media":"","overlay-type":"","overlay-color":"","overlay-gradient":""},"tablet":{"background-color":"var(--ast-global-color-5)","background-image":"","background-repeat":"repeat","background-position":"center center","background-size":"auto","background-attachment":"scroll","background-type":"","background-media":"","overlay-type":"","overlay-color":"","overlay-gradient":""},"mobile":{"background-color":"var(--ast-global-color-5)","background-image":"","background-repeat":"repeat","background-position":"center center","background-size":"auto","background-attachment":"scroll","background-type":"","background-media":"","overlay-type":"","overlay-color":"","overlay-gradient":""}},"footnotes":""},"categories":[7757,838,21985,6025,6024,17070,1141,324,996,6408,1341,11958],"tags":[77022,154991,154990,2628,1500,6915],"class_list":["post-71078","post","type-post","status-publish","format-standard","hentry","category-actitudes-sociales","category-ciencia-politica","category-conflictos-sociales","category-estudio-psicologico-de-cuestiones-sociales","category-fenomenos-de-grupos-minoritarios","category-nacional-de-educacion-a-distancia","category-pedagogia","category-psicologia","category-psicologia-social","category-sociologia-politica","category-teoria-y-metodos-educativos","category-teorias-educativas","tag-antoni-colom-canellas","tag-duenas-buey-maria-luisa","tag-galet-macedo-maria-carmen","tag-gloria-perez-serrano","tag-jose-maria-quintana-cabanas","tag-jose-oliva-gil"],"_links":{"self":[{"href":"https:\/\/www.deberes.net\/tesis\/wp-json\/wp\/v2\/posts\/71078","targetHints":{"allow":["GET"]}}],"collection":[{"href":"https:\/\/www.deberes.net\/tesis\/wp-json\/wp\/v2\/posts"}],"about":[{"href":"https:\/\/www.deberes.net\/tesis\/wp-json\/wp\/v2\/types\/post"}],"author":[{"embeddable":true,"href":"https:\/\/www.deberes.net\/tesis\/wp-json\/wp\/v2\/users\/1"}],"replies":[{"embeddable":true,"href":"https:\/\/www.deberes.net\/tesis\/wp-json\/wp\/v2\/comments?post=71078"}],"version-history":[{"count":0,"href":"https:\/\/www.deberes.net\/tesis\/wp-json\/wp\/v2\/posts\/71078\/revisions"}],"wp:attachment":[{"href":"https:\/\/www.deberes.net\/tesis\/wp-json\/wp\/v2\/media?parent=71078"}],"wp:term":[{"taxonomy":"category","embeddable":true,"href":"https:\/\/www.deberes.net\/tesis\/wp-json\/wp\/v2\/categories?post=71078"},{"taxonomy":"post_tag","embeddable":true,"href":"https:\/\/www.deberes.net\/tesis\/wp-json\/wp\/v2\/tags?post=71078"}],"curies":[{"name":"wp","href":"https:\/\/api.w.org\/{rel}","templated":true}]}}