{"id":71112,"date":"2004-05-11T00:00:00","date_gmt":"2004-05-11T00:00:00","guid":{"rendered":"https:\/\/www.deberes.net\/tesis\/sin-categoria\/sida-y-mundo-laboral-una-aproximacion-desde-la-teoria-de-las-representaciones-sociales\/"},"modified":"2004-05-11T00:00:00","modified_gmt":"2004-05-11T00:00:00","slug":"sida-y-mundo-laboral-una-aproximacion-desde-la-teoria-de-las-representaciones-sociales","status":"publish","type":"post","link":"https:\/\/www.deberes.net\/tesis\/psicologia\/sida-y-mundo-laboral-una-aproximacion-desde-la-teoria-de-las-representaciones-sociales\/","title":{"rendered":"Sida y mundo laboral, una aproximacion desde la teoria de las representaciones sociales"},"content":{"rendered":"<h2>Tesis doctoral de <strong> Arrate Aguirrezabal Prado <\/strong><\/h2>\n<p>Se plantea un abordaje socio representacional a la problem\u00e1tica del sida y el mundo laboral. Para ello, presentamos dos estudios relacionados: un primero de corte cualitativo, con una muestra de 40 personas y centrado en los principios organizadores del significado del sida. Un segundo cualitativo correlacional, con una muestra de 454 sujetos pertenecientes a 6 grupos socioprofesionales, en el cu\u00e1l se pretende un abordaje a los sistemas de creencias compartidos en primer lugar, una aproximaci\u00f3n a la estructura de las dimensiones de anclaje de la representaci\u00f3n en segundo lugar, el estudio de los posicionamientos en base a la pertenencia grupal en tercer lugar y el anclaje en discursos relacionados.<\/p>\n<p>&nbsp;<\/p>\n<h3>Datos acad\u00e9micos de la tesis doctoral \u00ab<strong>Sida y mundo laboral, una aproximacion desde la teoria de las representaciones sociales<\/strong>\u00ab<\/h3>\n<ul>\n<li><strong>T\u00edtulo de la tesis:<\/strong>\u00a0 Sida y mundo laboral, una aproximacion desde la teoria de las representaciones sociales <\/li>\n<li><strong>Autor:<\/strong>\u00a0 Arrate Aguirrezabal Prado <\/li>\n<li><strong>Universidad:<\/strong>\u00a0 Pa\u00eds vasco\/euskal herriko unibertsitatea<\/li>\n<li><strong>Fecha de lectura de la tesis:<\/strong>\u00a0 05\/11\/2004<\/li>\n<\/ul>\n<p>&nbsp;<\/p>\n<h3>Direcci\u00f3n y tribunal<\/h3>\n<ul>\n<li><strong>Director de la tesis<\/strong>\n<ul>\n<li> Valencia Garate Jos\u00e9 Francisco<\/li>\n<\/ul>\n<\/li>\n<li><strong>Tribunal<\/strong>\n<ul>\n<li>Presidente del tribunal: agustin Echebarria echabe <\/li>\n<li> Alventosa del rio josefina (vocal)<\/li>\n<li>giovanna Petrillo (vocal)<\/li>\n<li>Francisco Elejabarrieta olabarri (vocal)<\/li>\n<\/ul>\n<\/li>\n<\/ul>\n<p>&nbsp;<\/p>\n","protected":false},"excerpt":{"rendered":"<p>Tesis doctoral de Arrate Aguirrezabal Prado Se plantea un abordaje socio representacional a la problem\u00e1tica del sida y el mundo [&hellip;]<\/p>\n","protected":false},"author":1,"featured_media":0,"comment_status":"open","ping_status":"open","sticky":false,"template":"","format":"standard","meta":{"site-sidebar-layout":"default","site-content-layout":"","ast-site-content-layout":"","site-content-style":"default","site-sidebar-style":"default","ast-global-header-display":"","ast-banner-title-visibility":"","ast-main-header-display":"","ast-hfb-above-header-display":"","ast-hfb-below-header-display":"","ast-hfb-mobile-header-display":"","site-post-title":"","ast-breadcrumbs-content":"","ast-featured-img":"","footer-sml-layout":"","theme-transparent-header-meta":"","adv-header-id-meta":"","stick-header-meta":"","header-above-stick-meta":"","header-main-stick-meta":"","header-below-stick-meta":"","astra-migrate-meta-layouts":"default","ast-page-background-enabled":"default","ast-page-background-meta":{"desktop":{"background-color":"var(--ast-global-color-4)","background-image":"","background-repeat":"repeat","background-position":"center center","background-size":"auto","background-attachment":"scroll","background-type":"","background-media":"","overlay-type":"","overlay-color":"","overlay-gradient":""},"tablet":{"background-color":"","background-image":"","background-repeat":"repeat","background-position":"center center","background-size":"auto","background-attachment":"scroll","background-type":"","background-media":"","overlay-type":"","overlay-color":"","overlay-gradient":""},"mobile":{"background-color":"","background-image":"","background-repeat":"repeat","background-position":"center center","background-size":"auto","background-attachment":"scroll","background-type":"","background-media":"","overlay-type":"","overlay-color":"","overlay-gradient":""}},"ast-content-background-meta":{"desktop":{"background-color":"var(--ast-global-color-5)","background-image":"","background-repeat":"repeat","background-position":"center center","background-size":"auto","background-attachment":"scroll","background-type":"","background-media":"","overlay-type":"","overlay-color":"","overlay-gradient":""},"tablet":{"background-color":"var(--ast-global-color-5)","background-image":"","background-repeat":"repeat","background-position":"center center","background-size":"auto","background-attachment":"scroll","background-type":"","background-media":"","overlay-type":"","overlay-color":"","overlay-gradient":""},"mobile":{"background-color":"var(--ast-global-color-5)","background-image":"","background-repeat":"repeat","background-position":"center center","background-size":"auto","background-attachment":"scroll","background-type":"","background-media":"","overlay-type":"","overlay-color":"","overlay-gradient":""}},"footnotes":""},"categories":[26060,6025,12909,324,996],"tags":[94929,89920,155054,28399,155055,28415],"class_list":["post-71112","post","type-post","status-publish","format-standard","hentry","category-discriminacion","category-estudio-psicologico-de-cuestiones-sociales","category-pais-vasco-euskal-herriko-unibertsitatea","category-psicologia","category-psicologia-social","tag-agustin-echebarria-echabe","tag-alventosa-del-rio-josefina","tag-arrate-aguirrezabal-prado","tag-francisco-elejabarrieta-olabarri","tag-giovanna-petrillo","tag-valencia-garate-jose-francisco"],"_links":{"self":[{"href":"https:\/\/www.deberes.net\/tesis\/wp-json\/wp\/v2\/posts\/71112","targetHints":{"allow":["GET"]}}],"collection":[{"href":"https:\/\/www.deberes.net\/tesis\/wp-json\/wp\/v2\/posts"}],"about":[{"href":"https:\/\/www.deberes.net\/tesis\/wp-json\/wp\/v2\/types\/post"}],"author":[{"embeddable":true,"href":"https:\/\/www.deberes.net\/tesis\/wp-json\/wp\/v2\/users\/1"}],"replies":[{"embeddable":true,"href":"https:\/\/www.deberes.net\/tesis\/wp-json\/wp\/v2\/comments?post=71112"}],"version-history":[{"count":0,"href":"https:\/\/www.deberes.net\/tesis\/wp-json\/wp\/v2\/posts\/71112\/revisions"}],"wp:attachment":[{"href":"https:\/\/www.deberes.net\/tesis\/wp-json\/wp\/v2\/media?parent=71112"}],"wp:term":[{"taxonomy":"category","embeddable":true,"href":"https:\/\/www.deberes.net\/tesis\/wp-json\/wp\/v2\/categories?post=71112"},{"taxonomy":"post_tag","embeddable":true,"href":"https:\/\/www.deberes.net\/tesis\/wp-json\/wp\/v2\/tags?post=71112"}],"curies":[{"name":"wp","href":"https:\/\/api.w.org\/{rel}","templated":true}]}}