{"id":71124,"date":"2004-05-11T00:00:00","date_gmt":"2004-05-11T00:00:00","guid":{"rendered":"https:\/\/www.deberes.net\/tesis\/sin-categoria\/una-comprension-teocentrica-de-la-realidad-juan-calvino\/"},"modified":"2004-05-11T00:00:00","modified_gmt":"2004-05-11T00:00:00","slug":"una-comprension-teocentrica-de-la-realidad-juan-calvino","status":"publish","type":"post","link":"https:\/\/www.deberes.net\/tesis\/filosofia\/una-comprension-teocentrica-de-la-realidad-juan-calvino\/","title":{"rendered":"\u00abuna comprensi\u00f3n teoc\u00e9ntrica de la realidad: juan calvino\u00bb"},"content":{"rendered":"<h2>Tesis doctoral de <strong>  Garcia Alonso Marta Mar\u00eda <\/strong><\/h2>\n<p>Esta tesis doctoral constituye un estudio de historia de las ideas en la  tradici\u00f3n de q. Skinner que intenta discernir cu\u00e1l sea la posici\u00f3n de  calvino a prop\u00f3sito de algunas cuestiones centrales de nuestra modernidad.  para ello se estudian la doctrina de calvino considerando sus antecedentes  intelectuales y su contexto pr\u00e1ctico, como parte de un programa de reforma  de la ciudad de ginebra. En la primera parte se estudian los fundamentos  antropol\u00f3gicos de su posici\u00f3n y, en particular, la radical heteronom\u00eda en la  que sume al creyente, as\u00ed como el uso \u00e9tico y pol\u00edtico que de esta cuesti\u00f3n  hac\u00eda la tradici\u00f3n teol\u00f3gica anterior. En la segunda parte, analizamos la  idea de disciplina como eje de la \u00e9tica calvinista y analizamos  diacr\u00f3nicamente el desarrollo del programa eclesiol\u00f3gico del que se sirvi\u00f3  para imponerla en ginebra. En la tercera parte, analizamos sus consecuencias  pol\u00edticas situando a calvino en relaci\u00f3n con tradiciones anteriores como el  derecho divino de los reyes o el derecho de resistencia. A la vista de todo  ello se discute la dificultad de secularizar una teolog\u00eda que transfiere a  instancias externas al sujeto la direcci\u00f3n de su conducta moral y pol\u00edtica  en raz\u00f3n de su radical incapacidad ontol\u00f3gica. Se muestra adem\u00e1s c\u00f3mo esta  dimensi\u00f3n de la doctrina de calvino se evidencia al analizarse sus ideas  desde su propia realizaci\u00f3n en la ciudad de ginebra.<\/p>\n<p>&nbsp;<\/p>\n<h3>Datos acad\u00e9micos de la tesis doctoral \u00ab<strong>\u00abuna comprensi\u00f3n teoc\u00e9ntrica de la realidad: juan calvino\u00bb<\/strong>\u00ab<\/h3>\n<ul>\n<li><strong>T\u00edtulo de la tesis:<\/strong>\u00a0 \u00abuna comprensi\u00f3n teoc\u00e9ntrica de la realidad: juan calvino\u00bb <\/li>\n<li><strong>Autor:<\/strong>\u00a0  Garcia Alonso Marta Mar\u00eda <\/li>\n<li><strong>Universidad:<\/strong>\u00a0 Nacional de educaci\u00f3n a distancia<\/li>\n<li><strong>Fecha de lectura de la tesis:<\/strong>\u00a0 05\/11\/2004<\/li>\n<\/ul>\n<p>&nbsp;<\/p>\n<h3>Direcci\u00f3n y tribunal<\/h3>\n<ul>\n<li><strong>Director de la tesis<\/strong>\n<ul>\n<li>Manuel Fraijo Nieto<\/li>\n<\/ul>\n<\/li>\n<li><strong>Tribunal<\/strong>\n<ul>\n<li>Presidente del tribunal: joaquin Abellan garcia <\/li>\n<li> Mardones Martinez Jos\u00e9 Mar\u00eda (vocal)<\/li>\n<li>pierre-francois Moreau (vocal)<\/li>\n<li>Antonio Valdecantos alcaide (vocal)<\/li>\n<\/ul>\n<\/li>\n<\/ul>\n<p>&nbsp;<\/p>\n","protected":false},"excerpt":{"rendered":"<p>Tesis doctoral de Garcia Alonso Marta Mar\u00eda Esta tesis doctoral constituye un estudio de historia de las ideas en la [&hellip;]<\/p>\n","protected":false},"author":1,"featured_media":0,"comment_status":"open","ping_status":"open","sticky":false,"template":"","format":"standard","meta":{"site-sidebar-layout":"default","site-content-layout":"","ast-site-content-layout":"","site-content-style":"default","site-sidebar-style":"default","ast-global-header-display":"","ast-banner-title-visibility":"","ast-main-header-display":"","ast-hfb-above-header-display":"","ast-hfb-below-header-display":"","ast-hfb-mobile-header-display":"","site-post-title":"","ast-breadcrumbs-content":"","ast-featured-img":"","footer-sml-layout":"","theme-transparent-header-meta":"","adv-header-id-meta":"","stick-header-meta":"","header-above-stick-meta":"","header-main-stick-meta":"","header-below-stick-meta":"","astra-migrate-meta-layouts":"default","ast-page-background-enabled":"default","ast-page-background-meta":{"desktop":{"background-color":"var(--ast-global-color-4)","background-image":"","background-repeat":"repeat","background-position":"center center","background-size":"auto","background-attachment":"scroll","background-type":"","background-media":"","overlay-type":"","overlay-color":"","overlay-gradient":""},"tablet":{"background-color":"","background-image":"","background-repeat":"repeat","background-position":"center center","background-size":"auto","background-attachment":"scroll","background-type":"","background-media":"","overlay-type":"","overlay-color":"","overlay-gradient":""},"mobile":{"background-color":"","background-image":"","background-repeat":"repeat","background-position":"center center","background-size":"auto","background-attachment":"scroll","background-type":"","background-media":"","overlay-type":"","overlay-color":"","overlay-gradient":""}},"ast-content-background-meta":{"desktop":{"background-color":"var(--ast-global-color-5)","background-image":"","background-repeat":"repeat","background-position":"center center","background-size":"auto","background-attachment":"scroll","background-type":"","background-media":"","overlay-type":"","overlay-color":"","overlay-gradient":""},"tablet":{"background-color":"var(--ast-global-color-5)","background-image":"","background-repeat":"repeat","background-position":"center center","background-size":"auto","background-attachment":"scroll","background-type":"","background-media":"","overlay-type":"","overlay-color":"","overlay-gradient":""},"mobile":{"background-color":"var(--ast-global-color-5)","background-image":"","background-repeat":"repeat","background-position":"center center","background-size":"auto","background-attachment":"scroll","background-type":"","background-media":"","overlay-type":"","overlay-color":"","overlay-gradient":""}},"footnotes":""},"categories":[612,11921,1832,8646,25866,165,1078,17070],"tags":[30237,155076,93035,31404,59975,155077],"class_list":["post-71124","post","type-post","status-publish","format-standard","hentry","category-ciencias-juridicas-y-derecho","category-derecho-canonico","category-doctrinas-filosoficas","category-etica","category-etica-clasica","category-filosofia","category-filosofia-social","category-nacional-de-educacion-a-distancia","tag-antonio-valdecantos-alcaide","tag-garcia-alonso-marta-maria","tag-joaquin-abellan-garcia","tag-manuel-fraijo-nieto","tag-mardones-Martinez-jose-maria","tag-pierre-francois-moreau"],"_links":{"self":[{"href":"https:\/\/www.deberes.net\/tesis\/wp-json\/wp\/v2\/posts\/71124","targetHints":{"allow":["GET"]}}],"collection":[{"href":"https:\/\/www.deberes.net\/tesis\/wp-json\/wp\/v2\/posts"}],"about":[{"href":"https:\/\/www.deberes.net\/tesis\/wp-json\/wp\/v2\/types\/post"}],"author":[{"embeddable":true,"href":"https:\/\/www.deberes.net\/tesis\/wp-json\/wp\/v2\/users\/1"}],"replies":[{"embeddable":true,"href":"https:\/\/www.deberes.net\/tesis\/wp-json\/wp\/v2\/comments?post=71124"}],"version-history":[{"count":0,"href":"https:\/\/www.deberes.net\/tesis\/wp-json\/wp\/v2\/posts\/71124\/revisions"}],"wp:attachment":[{"href":"https:\/\/www.deberes.net\/tesis\/wp-json\/wp\/v2\/media?parent=71124"}],"wp:term":[{"taxonomy":"category","embeddable":true,"href":"https:\/\/www.deberes.net\/tesis\/wp-json\/wp\/v2\/categories?post=71124"},{"taxonomy":"post_tag","embeddable":true,"href":"https:\/\/www.deberes.net\/tesis\/wp-json\/wp\/v2\/tags?post=71124"}],"curies":[{"name":"wp","href":"https:\/\/api.w.org\/{rel}","templated":true}]}}