{"id":71143,"date":"2004-08-11T00:00:00","date_gmt":"2004-08-11T00:00:00","guid":{"rendered":"https:\/\/www.deberes.net\/tesis\/sin-categoria\/manuel-palau-y-la-guitarra-la-llamada-inapelable-de-la-musica-concierto-levantino-praxis-interpretativa\/"},"modified":"2004-08-11T00:00:00","modified_gmt":"2004-08-11T00:00:00","slug":"manuel-palau-y-la-guitarra-la-llamada-inapelable-de-la-musica-concierto-levantino-praxis-interpretativa","status":"publish","type":"post","link":"https:\/\/www.deberes.net\/tesis\/historia\/manuel-palau-y-la-guitarra-la-llamada-inapelable-de-la-musica-concierto-levantino-praxis-interpretativa\/","title":{"rendered":"Manuel palau y la guitarra. la llamada inapelable de la m\u00fasica. concierto levantino: praxis interpretativa."},"content":{"rendered":"<h2>Tesis doctoral de <strong> Rafael Serrallet G\u00f3mez <\/strong><\/h2>\n<p>Manuel palau (1893-1967), es a pesar de su prol\u00edfica producci\u00f3n musical, uno de los grandes desconocidos del panorama musical en nuestro pa\u00eds. La tesis se divide en dos partes bien diferenciadas: de un lado, una aproximaci\u00f3n al panorama hist\u00f3rico, art\u00edstico y musical en el que palau se desenvolvi\u00f3, y en el que se concibe el concierto levantino para guitarra y orquesta. la segunda parte la conforma el estudio y an\u00e1lisis de la pieza en cuesti\u00f3n: el concierto levantino. El concierto levantino es un gran desconocido del cat\u00e1logo palaviano, sin embargo se erige como una de sus obras m\u00e1s ambiciosas, a la que dedic\u00f3 mucho tiempo y en la que invirti\u00f3 muchas ilusiones. Dedicado inicialmente a regino sainz de la maza, fue estrenada finalmente en Madrid por narciso yepes y la orquesta nacional de espa\u00f1a.  Narciso yepes es por m\u00e9ritos propios otro de los protagonistas del trabajo. Bien patente quedar\u00e1 \u00e9sta en el concierto, donde su firma quedar\u00e1 impresa de manera latente. sin embargo parte del m\u00e9rito atribuido a yepes se debe a otro guitarrista, un desconocido y jovenc\u00edsimo manuel cubedo que ayud\u00f3 al maestro palau a rehacer todas aquellas partes de las que no estuvo satisfecho.  En el apartado de an\u00e1lisis se intentan descubrir algunos de los elementos compositivos m\u00e1s caracter\u00edsticos del Valenciano y escudri\u00f1ando en las partituras originales y confrontando los testimonios y la informaci\u00f3n recopilada, desvelar algunos de los secretos que esta pieza esconde.  Las conclusiones de la tesis nos muestran las complicaciones que palau tuvo a la hora de enfrentarse a una combinaci\u00f3n instrumental poco frecuente y las resoluciones que al respecto tom\u00f3. Intentamos aclarar las razones que hicieron que una obra y un m\u00fasico pasen a ser olvidados e intentamos asimismo mostrar el reconocimiento que corresponde a un compositor que nos regal\u00f3 una obra maestra, que permanece dormida y que confiamos pueda muy pronto ser devuelta al repertorio d<\/p>\n<p>&nbsp;<\/p>\n<h3>Datos acad\u00e9micos de la tesis doctoral \u00ab<strong>Manuel palau y la guitarra. la llamada inapelable de la m\u00fasica. concierto levantino: praxis interpretativa.<\/strong>\u00ab<\/h3>\n<ul>\n<li><strong>T\u00edtulo de la tesis:<\/strong>\u00a0 Manuel palau y la guitarra. la llamada inapelable de la m\u00fasica. concierto levantino: praxis interpretativa. <\/li>\n<li><strong>Autor:<\/strong>\u00a0 Rafael Serrallet G\u00f3mez <\/li>\n<li><strong>Universidad:<\/strong>\u00a0 Polit\u00e9cnica de Valencia<\/li>\n<li><strong>Fecha de lectura de la tesis:<\/strong>\u00a0 08\/11\/2004<\/li>\n<\/ul>\n<p>&nbsp;<\/p>\n<h3>Direcci\u00f3n y tribunal<\/h3>\n<ul>\n<li><strong>Director de la tesis<\/strong>\n<ul>\n<li>Joaquin Arnau Amo<\/li>\n<\/ul>\n<\/li>\n<li><strong>Tribunal<\/strong>\n<ul>\n<li>Presidente del tribunal: justo Nieto nieto <\/li>\n<li>Juan  Luis Nicolau gonz\u00e1lbez (vocal)<\/li>\n<li>enrique Mu\u00f1oz rubio (vocal)<\/li>\n<li>  (vocal)<\/li>\n<\/ul>\n<\/li>\n<\/ul>\n<p>&nbsp;<\/p>\n","protected":false},"excerpt":{"rendered":"<p>Tesis doctoral de Rafael Serrallet G\u00f3mez Manuel palau (1893-1967), es a pesar de su prol\u00edfica producci\u00f3n musical, uno de los [&hellip;]<\/p>\n","protected":false},"author":1,"featured_media":0,"comment_status":"open","ping_status":"open","sticky":false,"template":"","format":"standard","meta":{"site-sidebar-layout":"default","site-content-layout":"","ast-site-content-layout":"","site-content-style":"default","site-sidebar-style":"default","ast-global-header-display":"","ast-banner-title-visibility":"","ast-main-header-display":"","ast-hfb-above-header-display":"","ast-hfb-below-header-display":"","ast-hfb-mobile-header-display":"","site-post-title":"","ast-breadcrumbs-content":"","ast-featured-img":"","footer-sml-layout":"","theme-transparent-header-meta":"","adv-header-id-meta":"","stick-header-meta":"","header-above-stick-meta":"","header-main-stick-meta":"","header-below-stick-meta":"","astra-migrate-meta-layouts":"default","ast-page-background-enabled":"default","ast-page-background-meta":{"desktop":{"background-color":"var(--ast-global-color-4)","background-image":"","background-repeat":"repeat","background-position":"center center","background-size":"auto","background-attachment":"scroll","background-type":"","background-media":"","overlay-type":"","overlay-color":"","overlay-gradient":""},"tablet":{"background-color":"","background-image":"","background-repeat":"repeat","background-position":"center center","background-size":"auto","background-attachment":"scroll","background-type":"","background-media":"","overlay-type":"","overlay-color":"","overlay-gradient":""},"mobile":{"background-color":"","background-image":"","background-repeat":"repeat","background-position":"center center","background-size":"auto","background-attachment":"scroll","background-type":"","background-media":"","overlay-type":"","overlay-color":"","overlay-gradient":""}},"ast-content-background-meta":{"desktop":{"background-color":"var(--ast-global-color-5)","background-image":"","background-repeat":"repeat","background-position":"center center","background-size":"auto","background-attachment":"scroll","background-type":"","background-media":"","overlay-type":"","overlay-color":"","overlay-gradient":""},"tablet":{"background-color":"var(--ast-global-color-5)","background-image":"","background-repeat":"repeat","background-position":"center center","background-size":"auto","background-attachment":"scroll","background-type":"","background-media":"","overlay-type":"","overlay-color":"","overlay-gradient":""},"mobile":{"background-color":"var(--ast-global-color-5)","background-image":"","background-repeat":"repeat","background-position":"center center","background-size":"auto","background-attachment":"scroll","background-type":"","background-media":"","overlay-type":"","overlay-color":"","overlay-gradient":""}},"footnotes":""},"categories":[147,104,7632,1014,222,9132,16820,1111],"tags":[66303,16942,63130,16872,155117],"class_list":["post-71143","post","type-post","status-publish","format-standard","hentry","category-ciencias-de-las-artes-y-las-letras","category-historia","category-historia-de-la-musica","category-historia-del-arte","category-historias-especializadas","category-musica-y-musicologia","category-politecnica-de-valencia","category-teoria-analisis-y-critica-de-las-bellas-artes","tag-enrique-munoz-rubio","tag-joaquin-arnau-amo","tag-juan-luis-nicolau-gonzalbez","tag-justo-nieto-nieto","tag-rafael-serrallet-gomez"],"_links":{"self":[{"href":"https:\/\/www.deberes.net\/tesis\/wp-json\/wp\/v2\/posts\/71143","targetHints":{"allow":["GET"]}}],"collection":[{"href":"https:\/\/www.deberes.net\/tesis\/wp-json\/wp\/v2\/posts"}],"about":[{"href":"https:\/\/www.deberes.net\/tesis\/wp-json\/wp\/v2\/types\/post"}],"author":[{"embeddable":true,"href":"https:\/\/www.deberes.net\/tesis\/wp-json\/wp\/v2\/users\/1"}],"replies":[{"embeddable":true,"href":"https:\/\/www.deberes.net\/tesis\/wp-json\/wp\/v2\/comments?post=71143"}],"version-history":[{"count":0,"href":"https:\/\/www.deberes.net\/tesis\/wp-json\/wp\/v2\/posts\/71143\/revisions"}],"wp:attachment":[{"href":"https:\/\/www.deberes.net\/tesis\/wp-json\/wp\/v2\/media?parent=71143"}],"wp:term":[{"taxonomy":"category","embeddable":true,"href":"https:\/\/www.deberes.net\/tesis\/wp-json\/wp\/v2\/categories?post=71143"},{"taxonomy":"post_tag","embeddable":true,"href":"https:\/\/www.deberes.net\/tesis\/wp-json\/wp\/v2\/tags?post=71143"}],"curies":[{"name":"wp","href":"https:\/\/api.w.org\/{rel}","templated":true}]}}