{"id":71169,"date":"2004-10-11T00:00:00","date_gmt":"2004-10-11T00:00:00","guid":{"rendered":"https:\/\/www.deberes.net\/tesis\/sin-categoria\/la-crisis-del-estado-en-un-contexto-regional-y-europeo\/"},"modified":"2004-10-11T00:00:00","modified_gmt":"2004-10-11T00:00:00","slug":"la-crisis-del-estado-en-un-contexto-regional-y-europeo","status":"publish","type":"post","link":"https:\/\/www.deberes.net\/tesis\/ciencias-juridicas-y-derecho\/la-crisis-del-estado-en-un-contexto-regional-y-europeo\/","title":{"rendered":"La crisis del estado en un contexto regional y europeo"},"content":{"rendered":"<h2>Tesis doctoral de <strong>  Fuente Cabero M. Inmaculada De La <\/strong><\/h2>\n<p>Esta tesis doctoral parte de la constataci\u00f3n del hecho de que en el mundo occidental actual el estado, como instituci\u00f3n y forma pol\u00edtica de gobierno, no tiene la misma influencia que ven\u00eda teniendo tradicionalmente, en el sentido de que se le van escapando de sus manos parcelas de poder que van a parar a otras entidades. Se analiza y profundiza, desde una perspectiva especialmente jur\u00eddica, pero tambi\u00e9n pol\u00edtica (y a veces ilustrada con alg\u00fan estudio sociol\u00f3gico), en los distintos factores que a criterio de la doctoranda motivan esa p\u00e9rdida de influencia del estado, centr\u00e1ndose el estudio especialmente en la disminuci\u00f3n de la capacidad del estado para dictar legislaci\u00f3n en cualquier materia (funci\u00f3n legislativa que ven\u00eda consider\u00e1ndose uno de los instrumentos o poderes tradicionales del estado), con la finalidad de poder llegar a concluir si en nuestros d\u00edas nos encontramos o no efectivamente ante una aut\u00e9ntica crisis de la instituci\u00f3n estatal.  de acuerdo con esta investigaci\u00f3n, los factores que motivan esa p\u00e9rdida de influencia del estado ser\u00edan los siguientes:  a) la creciente interdependencia entre los estados como consecuencia de la globalizaci\u00f3n o mundializaci\u00f3n y la creaci\u00f3n de organizaciones supraestatales, como es el caso de la uni\u00f3n europea, a las que los estados miembros ceden una parte de su soberan\u00eda y de sus competencias para que a partir de entonces sea la citada organizaci\u00f3n la que ejercite las funciones en los \u00e1mbitos cedidos.  b) la tendencia general de descentralizaci\u00f3n pol\u00edtica del estado en entidades infraestatales, es decir, dotadas de competencias administrativas y legislativas para la realizaci\u00f3n de todas las atribuciones en una serie de \u00e1mbitos que le han sido previamente cedidos por la entidad estatal.  c) las nuevas corrientes liberalizadoras y privatizadoras que imperan en el mundo occidental son otro motivo de p\u00e9rdida de pujanza del estado en su funci\u00f3n directiva en materia<\/p>\n<p>&nbsp;<\/p>\n<h3>Datos acad\u00e9micos de la tesis doctoral \u00ab<strong>La crisis del estado en un contexto regional y europeo<\/strong>\u00ab<\/h3>\n<ul>\n<li><strong>T\u00edtulo de la tesis:<\/strong>\u00a0 La crisis del estado en un contexto regional y europeo <\/li>\n<li><strong>Autor:<\/strong>\u00a0  Fuente Cabero M. Inmaculada De La <\/li>\n<li><strong>Universidad:<\/strong>\u00a0 Miguel hern\u00e1ndez de elche<\/li>\n<li><strong>Fecha de lectura de la tesis:<\/strong>\u00a0 10\/11\/2004<\/li>\n<\/ul>\n<p>&nbsp;<\/p>\n<h3>Direcci\u00f3n y tribunal<\/h3>\n<ul>\n<li><strong>Director de la tesis<\/strong>\n<ul>\n<li> Tardio Pato Jos\u00e9 Antonio<\/li>\n<\/ul>\n<\/li>\n<li><strong>Tribunal<\/strong>\n<ul>\n<li>Presidente del tribunal: Juan  jos\u00e9 D\u00edez s\u00e1nchez <\/li>\n<li>steffen Gronemeyer (vocal)<\/li>\n<li>franck Moderne (vocal)<\/li>\n<li>Carlos Cassagne Juan (vocal)<\/li>\n<\/ul>\n<\/li>\n<\/ul>\n<p>&nbsp;<\/p>\n","protected":false},"excerpt":{"rendered":"<p>Tesis doctoral de Fuente Cabero M. Inmaculada De La Esta tesis doctoral parte de la constataci\u00f3n del hecho de que [&hellip;]<\/p>\n","protected":false},"author":1,"featured_media":0,"comment_status":"open","ping_status":"open","sticky":false,"template":"","format":"standard","meta":{"site-sidebar-layout":"default","site-content-layout":"","ast-site-content-layout":"","site-content-style":"default","site-sidebar-style":"default","ast-global-header-display":"","ast-banner-title-visibility":"","ast-main-header-display":"","ast-hfb-above-header-display":"","ast-hfb-below-header-display":"","ast-hfb-mobile-header-display":"","site-post-title":"","ast-breadcrumbs-content":"","ast-featured-img":"","footer-sml-layout":"","theme-transparent-header-meta":"","adv-header-id-meta":"","stick-header-meta":"","header-above-stick-meta":"","header-main-stick-meta":"","header-below-stick-meta":"","astra-migrate-meta-layouts":"default","ast-page-background-enabled":"default","ast-page-background-meta":{"desktop":{"background-color":"var(--ast-global-color-4)","background-image":"","background-repeat":"repeat","background-position":"center center","background-size":"auto","background-attachment":"scroll","background-type":"","background-media":"","overlay-type":"","overlay-color":"","overlay-gradient":""},"tablet":{"background-color":"","background-image":"","background-repeat":"repeat","background-position":"center center","background-size":"auto","background-attachment":"scroll","background-type":"","background-media":"","overlay-type":"","overlay-color":"","overlay-gradient":""},"mobile":{"background-color":"","background-image":"","background-repeat":"repeat","background-position":"center center","background-size":"auto","background-attachment":"scroll","background-type":"","background-media":"","overlay-type":"","overlay-color":"","overlay-gradient":""}},"ast-content-background-meta":{"desktop":{"background-color":"var(--ast-global-color-5)","background-image":"","background-repeat":"repeat","background-position":"center center","background-size":"auto","background-attachment":"scroll","background-type":"","background-media":"","overlay-type":"","overlay-color":"","overlay-gradient":""},"tablet":{"background-color":"var(--ast-global-color-5)","background-image":"","background-repeat":"repeat","background-position":"center center","background-size":"auto","background-attachment":"scroll","background-type":"","background-media":"","overlay-type":"","overlay-color":"","overlay-gradient":""},"mobile":{"background-color":"var(--ast-global-color-5)","background-image":"","background-repeat":"repeat","background-position":"center center","background-size":"auto","background-attachment":"scroll","background-type":"","background-media":"","overlay-type":"","overlay-color":"","overlay-gradient":""}},"footnotes":""},"categories":[838,612,1442,4927,1450,979,37169,3193],"tags":[55787,46911,155163,38629,155164,126659],"class_list":["post-71169","post","type-post","status-publish","format-standard","hentry","category-ciencia-politica","category-ciencias-juridicas-y-derecho","category-derecho-administrativo","category-derecho-comparado","category-derecho-constitucional","category-derecho-y-legislacion-nacionales","category-miguel-hernandez-de-elche","category-teoria-y-metodos-generales-del-derecho","tag-carlos-cassagne-juan","tag-franck-moderne","tag-fuente-cabero-m-inmaculada-de-la","tag-juan-jose-diez-sanchez","tag-steffen-gronemeyer","tag-tardio-pato-jose-antonio"],"_links":{"self":[{"href":"https:\/\/www.deberes.net\/tesis\/wp-json\/wp\/v2\/posts\/71169","targetHints":{"allow":["GET"]}}],"collection":[{"href":"https:\/\/www.deberes.net\/tesis\/wp-json\/wp\/v2\/posts"}],"about":[{"href":"https:\/\/www.deberes.net\/tesis\/wp-json\/wp\/v2\/types\/post"}],"author":[{"embeddable":true,"href":"https:\/\/www.deberes.net\/tesis\/wp-json\/wp\/v2\/users\/1"}],"replies":[{"embeddable":true,"href":"https:\/\/www.deberes.net\/tesis\/wp-json\/wp\/v2\/comments?post=71169"}],"version-history":[{"count":0,"href":"https:\/\/www.deberes.net\/tesis\/wp-json\/wp\/v2\/posts\/71169\/revisions"}],"wp:attachment":[{"href":"https:\/\/www.deberes.net\/tesis\/wp-json\/wp\/v2\/media?parent=71169"}],"wp:term":[{"taxonomy":"category","embeddable":true,"href":"https:\/\/www.deberes.net\/tesis\/wp-json\/wp\/v2\/categories?post=71169"},{"taxonomy":"post_tag","embeddable":true,"href":"https:\/\/www.deberes.net\/tesis\/wp-json\/wp\/v2\/tags?post=71169"}],"curies":[{"name":"wp","href":"https:\/\/api.w.org\/{rel}","templated":true}]}}