{"id":71186,"date":"2004-12-11T00:00:00","date_gmt":"2004-12-11T00:00:00","guid":{"rendered":"https:\/\/www.deberes.net\/tesis\/sin-categoria\/analisis-linga%c2%bca%c2%adstico-dialectal-y-sociolinga%c2%bca%c2%adstico-del-valle-de-laciana\/"},"modified":"2004-12-11T00:00:00","modified_gmt":"2004-12-11T00:00:00","slug":"analisis-linga%c2%bca%c2%adstico-dialectal-y-sociolinga%c2%bca%c2%adstico-del-valle-de-laciana","status":"publish","type":"post","link":"https:\/\/www.deberes.net\/tesis\/linguistica\/analisis-linga%c2%bca%c2%adstico-dialectal-y-sociolinga%c2%bca%c2%adstico-del-valle-de-laciana\/","title":{"rendered":"An\u00e1lisis lingu\u00edstico-dialectal y sociolingu\u00edstico del valle de laciana"},"content":{"rendered":"<h2>Tesis doctoral de <strong> Ana Villar Gonzalez <\/strong><\/h2>\n<p>Se realiza un estudio del habla de la comarca lacianiega desde el punto de vista sincr\u00f3nico y socioling\u00ed\u00bc\u00edstico, que, adem\u00e1s, se compara con los resultados obtenidos tras un an\u00e1lisis similar realizado en un pueblo del concejo de cangas del narcea (asturias), la linde. Se entrevista a m\u00e1s de quinientos informantes, de todas las edades, or\u00edgenes y profesiones. se asiste, adem\u00e1s, a conversaciones, reuniones, y se efect\u00faan grabaciones. los resultados de todos estos m\u00e9todos se han analizado desde todas las perspectivas: fon\u00e9tica (articulatoria), morfosint\u00e1ctica, l\u00e9xica y socioling\u00ed\u00bc\u00edstica, y estudiando otros aslpectos, como el topon\u00edmico.  para empezar, exponemos la situaci\u00f3n geogr\u00e1fica de laciana, su historia, su forma de vida y algunos datos sobre la poblaci\u00f3n. Posteriormente, consta una introducci\u00f3n netamente te\u00f3rica, y un cap\u00edtulo titulado planteamiento del an\u00e1lisis; en \u00e9l, se ofrecen res\u00famenes y s\u00edntesis acerca de algunos datos referentes a los informantes, tambi\u00e9n se muestran las t\u00e9cnicas de investigaci\u00f3n y la estructura de esta tesis de doctorado. El tercer bloque est\u00e1 dedicado a la disciplina socioling\u00ed\u00bc\u00edstica. Se ofrece un esbozo general de la situaci\u00f3n que se observa en el valle lacianiego y en el pueblo cangu\u00e9s de la linde, junto con los hechos constatados de manera m\u00e1s detallada en cada uno de los pueblos lacianiegos. Se muestran las conclusiones a las que se ha llegado tras comparar los resultados de las preguntas efectuadas a nuestros informantes con los hechos que se han observado de manera imparcial, es decir, las actitudes de los hablantes.  el cuarto bloque est\u00e1 dedicado al estudio de los rasgos fon\u00e9ticos voc\u00e1licos y conson\u00e1nticos recogidos en el valle lacianiego y comparados con los de la localidad conguesa de la linde. El quinto bloque se dedica a la morfosintaxis: se analizan el sustantivo, el adjetivo, los pronombres, los determinantes, el verbo, el adverbio, la formaci\u00f3n de  palabra<\/p>\n<p>&nbsp;<\/p>\n<h3>Datos acad\u00e9micos de la tesis doctoral \u00ab<strong>An\u00e1lisis lingu\u00edstico-dialectal y sociolingu\u00edstico del valle de laciana<\/strong>\u00ab<\/h3>\n<ul>\n<li><strong>T\u00edtulo de la tesis:<\/strong>\u00a0 An\u00e1lisis lingu\u00edstico-dialectal y sociolingu\u00edstico del valle de laciana <\/li>\n<li><strong>Autor:<\/strong>\u00a0 Ana Villar Gonzalez <\/li>\n<li><strong>Universidad:<\/strong>\u00a0 Le\u00f3n<\/li>\n<li><strong>Fecha de lectura de la tesis:<\/strong>\u00a0 12\/11\/2004<\/li>\n<\/ul>\n<p>&nbsp;<\/p>\n<h3>Direcci\u00f3n y tribunal<\/h3>\n<ul>\n<li><strong>Director de la tesis<\/strong>\n<ul>\n<li>Jos\u00e9 Ramon Morala Rodriguez<\/li>\n<\/ul>\n<\/li>\n<li><strong>Tribunal<\/strong>\n<ul>\n<li>Presidente del tribunal: julio Borrego nieto <\/li>\n<li>ramon De Andr\u00e9s diaz (vocal)<\/li>\n<li> Martinez gavilan M\u00aa dolores (vocal)<\/li>\n<li>hermogenes Perdiguero villarreal (vocal)<\/li>\n<\/ul>\n<\/li>\n<\/ul>\n<p>&nbsp;<\/p>\n","protected":false},"excerpt":{"rendered":"<p>Tesis doctoral de Ana Villar Gonzalez Se realiza un estudio del habla de la comarca lacianiega desde el punto de [&hellip;]<\/p>\n","protected":false},"author":1,"featured_media":0,"comment_status":"open","ping_status":"open","sticky":false,"template":"","format":"standard","meta":{"site-sidebar-layout":"default","site-content-layout":"","ast-site-content-layout":"","site-content-style":"default","site-sidebar-style":"default","ast-global-header-display":"","ast-banner-title-visibility":"","ast-main-header-display":"","ast-hfb-above-header-display":"","ast-hfb-below-header-display":"","ast-hfb-mobile-header-display":"","site-post-title":"","ast-breadcrumbs-content":"","ast-featured-img":"","footer-sml-layout":"","theme-transparent-header-meta":"","adv-header-id-meta":"","stick-header-meta":"","header-above-stick-meta":"","header-main-stick-meta":"","header-below-stick-meta":"","astra-migrate-meta-layouts":"default","ast-page-background-enabled":"default","ast-page-background-meta":{"desktop":{"background-color":"var(--ast-global-color-4)","background-image":"","background-repeat":"repeat","background-position":"center center","background-size":"auto","background-attachment":"scroll","background-type":"","background-media":"","overlay-type":"","overlay-color":"","overlay-gradient":""},"tablet":{"background-color":"","background-image":"","background-repeat":"repeat","background-position":"center center","background-size":"auto","background-attachment":"scroll","background-type":"","background-media":"","overlay-type":"","overlay-color":"","overlay-gradient":""},"mobile":{"background-color":"","background-image":"","background-repeat":"repeat","background-position":"center center","background-size":"auto","background-attachment":"scroll","background-type":"","background-media":"","overlay-type":"","overlay-color":"","overlay-gradient":""}},"ast-content-background-meta":{"desktop":{"background-color":"var(--ast-global-color-5)","background-image":"","background-repeat":"repeat","background-position":"center center","background-size":"auto","background-attachment":"scroll","background-type":"","background-media":"","overlay-type":"","overlay-color":"","overlay-gradient":""},"tablet":{"background-color":"var(--ast-global-color-5)","background-image":"","background-repeat":"repeat","background-position":"center center","background-size":"auto","background-attachment":"scroll","background-type":"","background-media":"","overlay-type":"","overlay-color":"","overlay-gradient":""},"mobile":{"background-color":"var(--ast-global-color-5)","background-image":"","background-repeat":"repeat","background-position":"center center","background-size":"auto","background-attachment":"scroll","background-type":"","background-media":"","overlay-type":"","overlay-color":"","overlay-gradient":""}},"footnotes":""},"categories":[4430,59,12985,62,3676],"tags":[155195,94325,4453,36496,155197,155196],"class_list":["post-71186","post","type-post","status-publish","format-standard","hentry","category-leon","category-linguistica","category-linguistica-geografica","category-linguistica-sincronica","category-sociolinguistica","tag-ana-villar-gonzalez","tag-hermogenes-perdiguero-villarreal","tag-jose-ramon-morala-rodriguez","tag-julio-borrego-nieto","tag-Martinez-gavilan-ma-dolores","tag-ramon-de-andres-diaz"],"_links":{"self":[{"href":"https:\/\/www.deberes.net\/tesis\/wp-json\/wp\/v2\/posts\/71186","targetHints":{"allow":["GET"]}}],"collection":[{"href":"https:\/\/www.deberes.net\/tesis\/wp-json\/wp\/v2\/posts"}],"about":[{"href":"https:\/\/www.deberes.net\/tesis\/wp-json\/wp\/v2\/types\/post"}],"author":[{"embeddable":true,"href":"https:\/\/www.deberes.net\/tesis\/wp-json\/wp\/v2\/users\/1"}],"replies":[{"embeddable":true,"href":"https:\/\/www.deberes.net\/tesis\/wp-json\/wp\/v2\/comments?post=71186"}],"version-history":[{"count":0,"href":"https:\/\/www.deberes.net\/tesis\/wp-json\/wp\/v2\/posts\/71186\/revisions"}],"wp:attachment":[{"href":"https:\/\/www.deberes.net\/tesis\/wp-json\/wp\/v2\/media?parent=71186"}],"wp:term":[{"taxonomy":"category","embeddable":true,"href":"https:\/\/www.deberes.net\/tesis\/wp-json\/wp\/v2\/categories?post=71186"},{"taxonomy":"post_tag","embeddable":true,"href":"https:\/\/www.deberes.net\/tesis\/wp-json\/wp\/v2\/tags?post=71186"}],"curies":[{"name":"wp","href":"https:\/\/api.w.org\/{rel}","templated":true}]}}