{"id":71228,"date":"2018-03-09T23:15:50","date_gmt":"2018-03-09T23:15:50","guid":{"rendered":"https:\/\/www.deberes.net\/tesis\/sin-categoria\/la-memoria-no-es-nostalgia-jose-caballero\/"},"modified":"2018-03-09T23:15:50","modified_gmt":"2018-03-09T23:15:50","slug":"la-memoria-no-es-nostalgia-jose-caballero","status":"publish","type":"post","link":"https:\/\/www.deberes.net\/tesis\/historia\/la-memoria-no-es-nostalgia-jose-caballero\/","title":{"rendered":"La memoria no es nostalgia. jose caballero"},"content":{"rendered":"<h2>Tesis doctoral de <strong> Mari\u00e1n Madrigal Neira <\/strong><\/h2>\n<p>La tesis la memoria no es nostalgia. Jos\u00e9 caballero hace un recorrido por toda  la obra y la vida de uno de los pintores m\u00e1s inquietos e interesantes del siglo xx espa\u00f1ol.  jos\u00e9 caballero lleg\u00f3 a Madrid en 1931 donde entr\u00f3 en contacto con el n\u00facleo  art\u00edst\u00edco m\u00e1s vanguardista y 1 rab\u00f3 una profunda aniis1ad con federico garc\u00eda larca y pablo neruda qu\u00edenes influyeron decisivamente en su vida y en su obra. Gracias a ellos entr\u00f3 de lleno en la po\u00e9tica surreatistareaflzando unos d\u00edblijosllenos de misterio y desasosiego. Fue federico garc\u00eda larca quien le introdujo en el teatro universitario la barraca, donde realiz\u00f3 figurines y decorados, y le hizo los primeros encargos art\u00edsticos: las ilustraciones para el llanto por ignacio s\u00e1nchez mej\u00edas y los decorados para bodas de sangre.  despu\u00e9s de la guerra civil jos\u00e9 caballero se qued\u00f3 en espa\u00f1a solo,  desesperado y rodeado de un inmenso vac\u00edo intelectual. Durante unos a\u00f1os volc\u00f3 toda su actividad en el teatro haciendo decorados y figurines pero poco a poco fue retornando los pinceles hasta que ya al final de la d\u00e9cada de los cuarenta comenz\u00f3 de nuevo a pintar con una actividad febril. Continu\u00f3 con el surrealismo pero enseguida comprendi\u00f3 que necesitaba un nuevo lenguaje por lo que comenz\u00f3 una b\u00fasqueda incesante hacia una nueva forma de expresi\u00f3n. esto se tradujo en una serie de etapas sucesivas en .Las que las formas fueron sufriendo un proceso de deshumanizaci\u00f3n hasta que lleg\u00f3 al informalismo mat\u00e9rico a finales de los cincuenta.  con el \u00c2\u00a1nformalismo y el manejo de las materias encontr\u00f3 un lenguaje personal  que retornaba el hilo que se hab\u00eda roto con la guerra y la posguerra. Comenz\u00f3  haciendo barreras de toros y muros blancos de andaluc\u00eda para pasar a una etapa en la que el principal protagonista fue la forma circular. Tanto con las barreras y los muros como con los c\u00edrculos jos\u00e9 caballero intent\u00f3 expresar todo el desasosiego, -la soledad y el<\/p>\n<p>&nbsp;<\/p>\n<h3>Datos acad\u00e9micos de la tesis doctoral \u00ab<strong>La memoria no es nostalgia. jose caballero<\/strong>\u00ab<\/h3>\n<ul>\n<li><strong>T\u00edtulo de la tesis:<\/strong>\u00a0 La memoria no es nostalgia. jose caballero <\/li>\n<li><strong>Autor:<\/strong>\u00a0 Mari\u00e1n Madrigal Neira <\/li>\n<li><strong>Universidad:<\/strong>\u00a0 Complutense de Madrid<\/li>\n<li><strong>Fecha de lectura de la tesis:<\/strong>\u00a0 15\/11\/2004<\/li>\n<\/ul>\n<p>&nbsp;<\/p>\n<h3>Direcci\u00f3n y tribunal<\/h3>\n<ul>\n<li><strong>Director de la tesis<\/strong>\n<ul>\n<li>Luc\u00eda Garcia De Carpi<\/li>\n<\/ul>\n<\/li>\n<li><strong>Tribunal<\/strong>\n<ul>\n<li>Presidente del tribunal: Francisco Calvo serraller <\/li>\n<li>Miguel Cabanas bravo (vocal)<\/li>\n<li>Carlos P\u00e9rez reyes (vocal)<\/li>\n<li> Mart\u00ednez roger (vocal)<\/li>\n<\/ul>\n<\/li>\n<\/ul>\n<p>&nbsp;<\/p>\n","protected":false},"excerpt":{"rendered":"<p>Tesis doctoral de Mari\u00e1n Madrigal Neira La tesis la memoria no es nostalgia. Jos\u00e9 caballero hace un recorrido por toda [&hellip;]<\/p>\n","protected":false},"author":1,"featured_media":0,"comment_status":"open","ping_status":"open","sticky":false,"template":"","format":"standard","meta":{"site-sidebar-layout":"default","site-content-layout":"","ast-site-content-layout":"","site-content-style":"default","site-sidebar-style":"default","ast-global-header-display":"","ast-banner-title-visibility":"","ast-main-header-display":"","ast-hfb-above-header-display":"","ast-hfb-below-header-display":"","ast-hfb-mobile-header-display":"","site-post-title":"","ast-breadcrumbs-content":"","ast-featured-img":"","footer-sml-layout":"","theme-transparent-header-meta":"","adv-header-id-meta":"","stick-header-meta":"","header-above-stick-meta":"","header-main-stick-meta":"","header-below-stick-meta":"","astra-migrate-meta-layouts":"default","ast-page-background-enabled":"default","ast-page-background-meta":{"desktop":{"background-color":"var(--ast-global-color-4)","background-image":"","background-repeat":"repeat","background-position":"center center","background-size":"auto","background-attachment":"scroll","background-type":"","background-media":"","overlay-type":"","overlay-color":"","overlay-gradient":""},"tablet":{"background-color":"","background-image":"","background-repeat":"repeat","background-position":"center center","background-size":"auto","background-attachment":"scroll","background-type":"","background-media":"","overlay-type":"","overlay-color":"","overlay-gradient":""},"mobile":{"background-color":"","background-image":"","background-repeat":"repeat","background-position":"center center","background-size":"auto","background-attachment":"scroll","background-type":"","background-media":"","overlay-type":"","overlay-color":"","overlay-gradient":""}},"ast-content-background-meta":{"desktop":{"background-color":"var(--ast-global-color-5)","background-image":"","background-repeat":"repeat","background-position":"center center","background-size":"auto","background-attachment":"scroll","background-type":"","background-media":"","overlay-type":"","overlay-color":"","overlay-gradient":""},"tablet":{"background-color":"var(--ast-global-color-5)","background-image":"","background-repeat":"repeat","background-position":"center center","background-size":"auto","background-attachment":"scroll","background-type":"","background-media":"","overlay-type":"","overlay-color":"","overlay-gradient":""},"mobile":{"background-color":"var(--ast-global-color-5)","background-image":"","background-repeat":"repeat","background-position":"center center","background-size":"auto","background-attachment":"scroll","background-type":"","background-media":"","overlay-type":"","overlay-color":"","overlay-gradient":""}},"footnotes":""},"categories":[104,1014,222],"tags":[5816,5788,155284,155283,155285,54171],"class_list":["post-71228","post","type-post","status-publish","format-standard","hentry","category-historia","category-historia-del-arte","category-historias-especializadas","tag-carlos-perez-reyes","tag-francisco-calvo-serraller","tag-lucia-garcia-de-carpi","tag-marian-madrigal-neira","tag-Martinez-roger","tag-miguel-cabanas-bravo"],"_links":{"self":[{"href":"https:\/\/www.deberes.net\/tesis\/wp-json\/wp\/v2\/posts\/71228","targetHints":{"allow":["GET"]}}],"collection":[{"href":"https:\/\/www.deberes.net\/tesis\/wp-json\/wp\/v2\/posts"}],"about":[{"href":"https:\/\/www.deberes.net\/tesis\/wp-json\/wp\/v2\/types\/post"}],"author":[{"embeddable":true,"href":"https:\/\/www.deberes.net\/tesis\/wp-json\/wp\/v2\/users\/1"}],"replies":[{"embeddable":true,"href":"https:\/\/www.deberes.net\/tesis\/wp-json\/wp\/v2\/comments?post=71228"}],"version-history":[{"count":0,"href":"https:\/\/www.deberes.net\/tesis\/wp-json\/wp\/v2\/posts\/71228\/revisions"}],"wp:attachment":[{"href":"https:\/\/www.deberes.net\/tesis\/wp-json\/wp\/v2\/media?parent=71228"}],"wp:term":[{"taxonomy":"category","embeddable":true,"href":"https:\/\/www.deberes.net\/tesis\/wp-json\/wp\/v2\/categories?post=71228"},{"taxonomy":"post_tag","embeddable":true,"href":"https:\/\/www.deberes.net\/tesis\/wp-json\/wp\/v2\/tags?post=71228"}],"curies":[{"name":"wp","href":"https:\/\/api.w.org\/{rel}","templated":true}]}}