{"id":71230,"date":"2018-03-09T23:15:50","date_gmt":"2018-03-09T23:15:50","guid":{"rendered":"https:\/\/www.deberes.net\/tesis\/sin-categoria\/modelo-informatico-de-analisis-de-variables-verbales-en-psicoterapia-psicoanala%c2%adtica\/"},"modified":"2018-03-09T23:15:50","modified_gmt":"2018-03-09T23:15:50","slug":"modelo-informatico-de-analisis-de-variables-verbales-en-psicoterapia-psicoanala%c2%adtica","status":"publish","type":"post","link":"https:\/\/www.deberes.net\/tesis\/historia\/modelo-informatico-de-analisis-de-variables-verbales-en-psicoterapia-psicoanala%c2%adtica\/","title":{"rendered":"Modelo inform\u00e1tico de an\u00e1lisis de variables verbales en psicoterapia psicoanal\u00edtica."},"content":{"rendered":"<h2>Tesis doctoral de <strong>  Sotelo Mart\u00edn Jos\u00e9 Alberto <\/strong><\/h2>\n<p>La creciente informatizaci\u00f3n de pr\u00e1cticamente todos los \u00e1mbitos de la cultura, la filosof\u00eda y la ciencia , produce vac\u00edos tecnolog\u00edcos que tienden a la actualizaci\u00f3n constante. La creacci\u00f3n de un conjunto de aplicaciones inform\u00e1ticas que tienden ala actualizaci\u00f3n constante. La creaci\u00f3n de un conjunto de aplicaciones inform\u00e1ticas y su inclusi\u00f3n en un m\u00e9todo contrastado de trabajo en el \u00e1mbito de la psicoterapia psicoanal\u00edtica y otras terapias verbales, favoreciendo el avance en el estudio de la relaci\u00f3n paciente-terap\u00e9uta.En esta tesis doctoral se recogen los fundamentos b\u00e1sicos conceptuales, metodol\u00f3gicos y psicom\u00e9tricos de usalc, un complejo instrumento computacional complementado con una nueva forma de an\u00e1lisis de contenido y un \u00edndice de balance entre los contenidos manifiesto y latente del discurso analizado.<\/p>\n<p>&nbsp;<\/p>\n<h3>Datos acad\u00e9micos de la tesis doctoral \u00ab<strong>Modelo inform\u00e1tico de an\u00e1lisis de variables verbales en psicoterapia psicoanal\u00edtica.<\/strong>\u00ab<\/h3>\n<ul>\n<li><strong>T\u00edtulo de la tesis:<\/strong>\u00a0 Modelo inform\u00e1tico de an\u00e1lisis de variables verbales en psicoterapia psicoanal\u00edtica. <\/li>\n<li><strong>Autor:<\/strong>\u00a0  Sotelo Mart\u00edn Jos\u00e9 Alberto <\/li>\n<li><strong>Universidad:<\/strong>\u00a0 Complutense de Madrid<\/li>\n<li><strong>Fecha de lectura de la tesis:<\/strong>\u00a0 15\/11\/2004<\/li>\n<\/ul>\n<p>&nbsp;<\/p>\n<h3>Direcci\u00f3n y tribunal<\/h3>\n<ul>\n<li><strong>Director de la tesis<\/strong>\n<ul>\n<li>Alejandro Avila Espada<\/li>\n<\/ul>\n<\/li>\n<li><strong>Tribunal<\/strong>\n<ul>\n<li>Presidente del tribunal: Antonio Benitez lopez <\/li>\n<li>Antonio Garcia  de la hoz (vocal)<\/li>\n<li>Carlos Gomez sanchez (vocal)<\/li>\n<li>merc\u00e9 Mitjavila garcia (vocal)<\/li>\n<\/ul>\n<\/li>\n<\/ul>\n<p>&nbsp;<\/p>\n","protected":false},"excerpt":{"rendered":"<p>Tesis doctoral de Sotelo Mart\u00edn Jos\u00e9 Alberto La creciente informatizaci\u00f3n de pr\u00e1cticamente todos los \u00e1mbitos de la cultura, la filosof\u00eda [&hellip;]<\/p>\n","protected":false},"author":1,"featured_media":0,"comment_status":"open","ping_status":"open","sticky":false,"template":"","format":"standard","meta":{"site-sidebar-layout":"default","site-content-layout":"","ast-site-content-layout":"","site-content-style":"default","site-sidebar-style":"default","ast-global-header-display":"","ast-banner-title-visibility":"","ast-main-header-display":"","ast-hfb-above-header-display":"","ast-hfb-below-header-display":"","ast-hfb-mobile-header-display":"","site-post-title":"","ast-breadcrumbs-content":"","ast-featured-img":"","footer-sml-layout":"","theme-transparent-header-meta":"","adv-header-id-meta":"","stick-header-meta":"","header-above-stick-meta":"","header-main-stick-meta":"","header-below-stick-meta":"","astra-migrate-meta-layouts":"default","ast-page-background-enabled":"default","ast-page-background-meta":{"desktop":{"background-color":"var(--ast-global-color-4)","background-image":"","background-repeat":"repeat","background-position":"center center","background-size":"auto","background-attachment":"scroll","background-type":"","background-media":"","overlay-type":"","overlay-color":"","overlay-gradient":""},"tablet":{"background-color":"","background-image":"","background-repeat":"repeat","background-position":"center center","background-size":"auto","background-attachment":"scroll","background-type":"","background-media":"","overlay-type":"","overlay-color":"","overlay-gradient":""},"mobile":{"background-color":"","background-image":"","background-repeat":"repeat","background-position":"center center","background-size":"auto","background-attachment":"scroll","background-type":"","background-media":"","overlay-type":"","overlay-color":"","overlay-gradient":""}},"ast-content-background-meta":{"desktop":{"background-color":"var(--ast-global-color-5)","background-image":"","background-repeat":"repeat","background-position":"center center","background-size":"auto","background-attachment":"scroll","background-type":"","background-media":"","overlay-type":"","overlay-color":"","overlay-gradient":""},"tablet":{"background-color":"var(--ast-global-color-5)","background-image":"","background-repeat":"repeat","background-position":"center center","background-size":"auto","background-attachment":"scroll","background-type":"","background-media":"","overlay-type":"","overlay-color":"","overlay-gradient":""},"mobile":{"background-color":"var(--ast-global-color-5)","background-image":"","background-repeat":"repeat","background-position":"center center","background-size":"auto","background-attachment":"scroll","background-type":"","background-media":"","overlay-type":"","overlay-color":"","overlay-gradient":""}},"footnotes":""},"categories":[165,1077,1078,104,1795,222],"tags":[7073,24328,79651,5009,13807,155288],"class_list":["post-71230","post","type-post","status-publish","format-standard","hentry","category-filosofia","category-filosofia-de-la-tecnica","category-filosofia-social","category-historia","category-historia-de-la-tecnologia","category-historias-especializadas","tag-alejandro-avila-espada","tag-antonio-benitez-lopez","tag-antonio-garcia-de-la-hoz","tag-carlos-gomez-sanchez","tag-merce-mitjavila-garcia","tag-sotelo-martin-jose-alberto"],"_links":{"self":[{"href":"https:\/\/www.deberes.net\/tesis\/wp-json\/wp\/v2\/posts\/71230","targetHints":{"allow":["GET"]}}],"collection":[{"href":"https:\/\/www.deberes.net\/tesis\/wp-json\/wp\/v2\/posts"}],"about":[{"href":"https:\/\/www.deberes.net\/tesis\/wp-json\/wp\/v2\/types\/post"}],"author":[{"embeddable":true,"href":"https:\/\/www.deberes.net\/tesis\/wp-json\/wp\/v2\/users\/1"}],"replies":[{"embeddable":true,"href":"https:\/\/www.deberes.net\/tesis\/wp-json\/wp\/v2\/comments?post=71230"}],"version-history":[{"count":0,"href":"https:\/\/www.deberes.net\/tesis\/wp-json\/wp\/v2\/posts\/71230\/revisions"}],"wp:attachment":[{"href":"https:\/\/www.deberes.net\/tesis\/wp-json\/wp\/v2\/media?parent=71230"}],"wp:term":[{"taxonomy":"category","embeddable":true,"href":"https:\/\/www.deberes.net\/tesis\/wp-json\/wp\/v2\/categories?post=71230"},{"taxonomy":"post_tag","embeddable":true,"href":"https:\/\/www.deberes.net\/tesis\/wp-json\/wp\/v2\/tags?post=71230"}],"curies":[{"name":"wp","href":"https:\/\/api.w.org\/{rel}","templated":true}]}}