{"id":71237,"date":"2018-03-09T23:15:50","date_gmt":"2018-03-09T23:15:50","guid":{"rendered":"https:\/\/www.deberes.net\/tesis\/sin-categoria\/incidencia-de-la-infeccion-de-la-herida-quirurgica-modelos-de-prediccion\/"},"modified":"2018-03-09T23:15:50","modified_gmt":"2018-03-09T23:15:50","slug":"incidencia-de-la-infeccion-de-la-herida-quirurgica-modelos-de-prediccion","status":"publish","type":"post","link":"https:\/\/www.deberes.net\/tesis\/ciencias-medicas\/incidencia-de-la-infeccion-de-la-herida-quirurgica-modelos-de-prediccion\/","title":{"rendered":"Incidencia de la infecci\u00f3n de la herida quir\u00fargica. modelos de predicci\u00f3n"},"content":{"rendered":"<h2>Tesis doctoral de <strong> Jorge Sampedro Orcero <\/strong><\/h2>\n<p>La infecci\u00f3n de la herida quir\u00fargica es la t\u00edpica infecci\u00f3n nosocomial en pacientes sometidos a cirug\u00eda, con el fin de conocer las caracter\u00edsticas generales de este  tipo de infecci\u00f3n, as\u00ed como encontrar los factores implicados en su aparici\u00f3n, se realiz\u00f3 un estudio de incidencia de infecci\u00f3n de la herida quir\u00fargica en 1.182 pacientes durante los a\u00f1os 1998-2000, agrupados por grado de contaminaci\u00f3n de la cirug\u00eda, encontrando que la infecci\u00f3n de la herida quir\u00fargica es la m\u00e1s frecuente en pacientes sometidos a cirug\u00eda, independientemente del grado de contaminaci\u00f3n de la misma, siendo su localizaci\u00f3n superficial la que mayor porcentaje presenta. El riesgo relativo de padecer esta infecci\u00f3n aumenta de forma significativa con el grado de contaminaci\u00f3n de la cirug\u00eda, as\u00ed como la estancia media de los pacientes que la padecen.  para el riesgo de padecer una infecci\u00f3n de la herida quir\u00fargica no parecen determinantes las caracter\u00edsticas propias del paciente. Por el contrario se evidencia un aumento significativo de la infecci\u00f3n de la herida quir\u00fargica en el an\u00e1lisis de las variables del acto quir\u00fargico.  aunque los factores de riesgo tanto intr\u00ednsecos como extr\u00ednsecos aumentan el riesgo relativo de padecer una infecci\u00f3n de la herida, su significaci\u00f3n estad\u00edstica var\u00eda seg\u00fan el grado de contaminaci\u00f3n de la cirug\u00eda, no pudiendo estratificar su importancia.  a pesar del alto grado de contaminaci\u00f3n correcta de la profilaxis antibi\u00f3tica encontrada, no podemos afirmar que suponga un factor significativo en el riesgo relativo de padecer una infecci\u00f3n de la herida quir\u00fargica, excepto en la cirug\u00eda limpia con implante, pudiendo ser excesivo el coste atribuible a dicha profilaxis.  en el an\u00e1lisis multivariante, no encontramos ning\u00fan factor que se mantenga en todas las localizaciones de infecci\u00f3n de la herida quir\u00fargica, aunque el grado de contaminaci\u00f3n de la cirug\u00eda, enfermedad de base y estancia en uc<\/p>\n<p>&nbsp;<\/p>\n<h3>Datos acad\u00e9micos de la tesis doctoral \u00ab<strong>Incidencia de la infecci\u00f3n de la herida quir\u00fargica. modelos de predicci\u00f3n<\/strong>\u00ab<\/h3>\n<ul>\n<li><strong>T\u00edtulo de la tesis:<\/strong>\u00a0 Incidencia de la infecci\u00f3n de la herida quir\u00fargica. modelos de predicci\u00f3n <\/li>\n<li><strong>Autor:<\/strong>\u00a0 Jorge Sampedro Orcero <\/li>\n<li><strong>Universidad:<\/strong>\u00a0 Pa\u00eds vasco\/euskal herriko unibertsitatea<\/li>\n<li><strong>Fecha de lectura de la tesis:<\/strong>\u00a0 15\/11\/2004<\/li>\n<\/ul>\n<p>&nbsp;<\/p>\n<h3>Direcci\u00f3n y tribunal<\/h3>\n<ul>\n<li><strong>Director de la tesis<\/strong>\n<ul>\n<li> Arevalo Alonso Jos\u00e9 Miguel<\/li>\n<\/ul>\n<\/li>\n<li><strong>Tribunal<\/strong>\n<ul>\n<li>Presidente del tribunal: alfonso Velasco martin <\/li>\n<li>Juan  Jes\u00fas Gestal otero (vocal)<\/li>\n<li> Vaque i rafart josep (vocal)<\/li>\n<li>Fernando Rodr\u00edguez artalejo (vocal)<\/li>\n<\/ul>\n<\/li>\n<\/ul>\n<p>&nbsp;<\/p>\n","protected":false},"excerpt":{"rendered":"<p>Tesis doctoral de Jorge Sampedro Orcero La infecci\u00f3n de la herida quir\u00fargica es la t\u00edpica infecci\u00f3n nosocomial en pacientes sometidos [&hellip;]<\/p>\n","protected":false},"author":1,"featured_media":0,"comment_status":"open","ping_status":"open","sticky":false,"template":"","format":"standard","meta":{"site-sidebar-layout":"default","site-content-layout":"","ast-site-content-layout":"","site-content-style":"default","site-sidebar-style":"default","ast-global-header-display":"","ast-banner-title-visibility":"","ast-main-header-display":"","ast-hfb-above-header-display":"","ast-hfb-below-header-display":"","ast-hfb-mobile-header-display":"","site-post-title":"","ast-breadcrumbs-content":"","ast-featured-img":"","footer-sml-layout":"","theme-transparent-header-meta":"","adv-header-id-meta":"","stick-header-meta":"","header-above-stick-meta":"","header-main-stick-meta":"","header-below-stick-meta":"","astra-migrate-meta-layouts":"default","ast-page-background-enabled":"default","ast-page-background-meta":{"desktop":{"background-color":"var(--ast-global-color-4)","background-image":"","background-repeat":"repeat","background-position":"center center","background-size":"auto","background-attachment":"scroll","background-type":"","background-media":"","overlay-type":"","overlay-color":"","overlay-gradient":""},"tablet":{"background-color":"","background-image":"","background-repeat":"repeat","background-position":"center center","background-size":"auto","background-attachment":"scroll","background-type":"","background-media":"","overlay-type":"","overlay-color":"","overlay-gradient":""},"mobile":{"background-color":"","background-image":"","background-repeat":"repeat","background-position":"center center","background-size":"auto","background-attachment":"scroll","background-type":"","background-media":"","overlay-type":"","overlay-color":"","overlay-gradient":""}},"ast-content-background-meta":{"desktop":{"background-color":"var(--ast-global-color-5)","background-image":"","background-repeat":"repeat","background-position":"center center","background-size":"auto","background-attachment":"scroll","background-type":"","background-media":"","overlay-type":"","overlay-color":"","overlay-gradient":""},"tablet":{"background-color":"var(--ast-global-color-5)","background-image":"","background-repeat":"repeat","background-position":"center center","background-size":"auto","background-attachment":"scroll","background-type":"","background-media":"","overlay-type":"","overlay-color":"","overlay-gradient":""},"mobile":{"background-color":"var(--ast-global-color-5)","background-image":"","background-repeat":"repeat","background-position":"center center","background-size":"auto","background-attachment":"scroll","background-type":"","background-media":"","overlay-type":"","overlay-color":"","overlay-gradient":""}},"footnotes":""},"categories":[9,1086,1686,12909,967],"tags":[12654,12515,12656,155299,2686,87460],"class_list":["post-71237","post","type-post","status-publish","format-standard","hentry","category-ciencias-medicas","category-epidemiologia","category-medicina-preventiva","category-pais-vasco-euskal-herriko-unibertsitatea","category-salud-publica","tag-alfonso-velasco-martin","tag-arevalo-alonso-jose-miguel","tag-fernando-rodriguez-artalejo","tag-jorge-sampedro-orcero","tag-juan-jesus-gestal-otero","tag-vaque-i-rafart-josep"],"_links":{"self":[{"href":"https:\/\/www.deberes.net\/tesis\/wp-json\/wp\/v2\/posts\/71237","targetHints":{"allow":["GET"]}}],"collection":[{"href":"https:\/\/www.deberes.net\/tesis\/wp-json\/wp\/v2\/posts"}],"about":[{"href":"https:\/\/www.deberes.net\/tesis\/wp-json\/wp\/v2\/types\/post"}],"author":[{"embeddable":true,"href":"https:\/\/www.deberes.net\/tesis\/wp-json\/wp\/v2\/users\/1"}],"replies":[{"embeddable":true,"href":"https:\/\/www.deberes.net\/tesis\/wp-json\/wp\/v2\/comments?post=71237"}],"version-history":[{"count":0,"href":"https:\/\/www.deberes.net\/tesis\/wp-json\/wp\/v2\/posts\/71237\/revisions"}],"wp:attachment":[{"href":"https:\/\/www.deberes.net\/tesis\/wp-json\/wp\/v2\/media?parent=71237"}],"wp:term":[{"taxonomy":"category","embeddable":true,"href":"https:\/\/www.deberes.net\/tesis\/wp-json\/wp\/v2\/categories?post=71237"},{"taxonomy":"post_tag","embeddable":true,"href":"https:\/\/www.deberes.net\/tesis\/wp-json\/wp\/v2\/tags?post=71237"}],"curies":[{"name":"wp","href":"https:\/\/api.w.org\/{rel}","templated":true}]}}