{"id":71291,"date":"2018-03-09T23:15:55","date_gmt":"2018-03-09T23:15:55","guid":{"rendered":"https:\/\/www.deberes.net\/tesis\/sin-categoria\/objetivacion-de-una-metodologa%c2%ada-para-la-evaluacion-e-intervencion-interdisciplinar-en-disfona%c2%adas\/"},"modified":"2018-03-09T23:15:55","modified_gmt":"2018-03-09T23:15:55","slug":"objetivacion-de-una-metodologa%c2%ada-para-la-evaluacion-e-intervencion-interdisciplinar-en-disfona%c2%adas","status":"publish","type":"post","link":"https:\/\/www.deberes.net\/tesis\/linguistica\/objetivacion-de-una-metodologa%c2%ada-para-la-evaluacion-e-intervencion-interdisciplinar-en-disfona%c2%adas\/","title":{"rendered":"Objetivaci\u00f3n de una metodolog\u00eda para la evaluaci\u00f3n e intervenci\u00f3n interdisciplinar en disfon\u00edas"},"content":{"rendered":"<h2>Tesis doctoral de <strong>  Rodr\u00edguez Parra M. Jos\u00e9 <\/strong><\/h2>\n<p>El prop\u00f3sito de esta tesis consiste en establecer una metodolog\u00eda interdisciplinar de evaluaci\u00f3n y tratamiento de los trastornos de la voz (disfon\u00edas) donde m\u00e9dicos otorrinolaring\u00f3logos, logopedas y psic\u00f3logos intervengan conjuntamente. en la primera parte de este trabajo se lleva a cabo un repaso de los principales conceptos claves que afectan a la generaci\u00f3n del sonido en el mecanismo vocal, sustrato anat\u00f3mico de la voz, principales clasificaciones cl\u00ednicas y experimentales, as \u00ed como una revisi\u00f3n te\u00f3rica de los m\u00e9todos m\u00e1s relevantes de evaluaci\u00f3n y tratamiento del trastorno disf\u00f3nico donde se comenta las principales dificultades existentes. Tras un sondeo realizado mediante encuestas dirigidas a unidades de orl de hospitales espa\u00f1oles acerca de la situaci\u00f3n actual en el manejo de las disfon\u00edas, se plantean los siguientes objetivos:  1,- realizar un estudio emp\u00edrico con una muestra cl\u00ednica de sujetos disf\u00f3nicos (n=42), que sirva para determinar aquellos que les diferencian significativamente del grupo de sujetos tomados como control (n=21).  2,- sistematizar el proceso de evaluaci\u00f3n de las disfon\u00edas, mediante la propuesta de un instrumento diagn\u00f3stico (protocolo \u00abteatinos\u00bb) que pueda suponer una herramienta de evaluaci\u00f3n integral, permeable a los diferentes tipos y niveles  de gravedad del trastorno disf\u00f3nico.  3,- comparar la efectividad de dos tipos de tratamientos conceptualmente diferentes (terapia logop\u00e9dica vs.Entrenamiento en h\u00e1bitos de higiene vocal), controlando efectivamente la acci\u00f3n espec\u00edfica del cambio terap\u00e9utico a trav\u00e9s de aquellos par\u00e1metros identificados como m\u00e1s sensibles.  los datos obtenidos a trav\u00e9s de an\u00e1lisis cuantitativos y cualitativos ponen de manifiesto:  a,- la mayor eficacia de la rehabilitaci\u00f3n logop\u00e9dica en el manejo de las disfon\u00edas funcionales, manteni\u00e9ndose estas mejoras hasta 4 meses despu\u00e9s de concluido el tratamiento.  b,- aquellos par\u00e1metros con a<\/p>\n<p>&nbsp;<\/p>\n<h3>Datos acad\u00e9micos de la tesis doctoral \u00ab<strong>Objetivaci\u00f3n de una metodolog\u00eda para la evaluaci\u00f3n e intervenci\u00f3n interdisciplinar en disfon\u00edas<\/strong>\u00ab<\/h3>\n<ul>\n<li><strong>T\u00edtulo de la tesis:<\/strong>\u00a0 Objetivaci\u00f3n de una metodolog\u00eda para la evaluaci\u00f3n e intervenci\u00f3n interdisciplinar en disfon\u00edas <\/li>\n<li><strong>Autor:<\/strong>\u00a0  Rodr\u00edguez Parra M. Jos\u00e9 <\/li>\n<li><strong>Universidad:<\/strong>\u00a0 M\u00e1laga<\/li>\n<li><strong>Fecha de lectura de la tesis:<\/strong>\u00a0 18\/11\/2004<\/li>\n<\/ul>\n<p>&nbsp;<\/p>\n<h3>Direcci\u00f3n y tribunal<\/h3>\n<ul>\n<li><strong>Director de la tesis<\/strong>\n<ul>\n<li> Adrian Torres Jos\u00e9 Antonio<\/li>\n<\/ul>\n<\/li>\n<li><strong>Tribunal<\/strong>\n<ul>\n<li>Presidente del tribunal: alfredo Fierro bardaj\u00ed <\/li>\n<li>gloria Carballo Garc\u00eda (vocal)<\/li>\n<li>Jos\u00e9 Carballo Garc\u00eda (vocal)<\/li>\n<li>Juan a Mu\u00f1oz l\u00f3pez (vocal)<\/li>\n<\/ul>\n<\/li>\n<\/ul>\n<p>&nbsp;<\/p>\n","protected":false},"excerpt":{"rendered":"<p>Tesis doctoral de Rodr\u00edguez Parra M. Jos\u00e9 El prop\u00f3sito de esta tesis consiste en establecer una metodolog\u00eda interdisciplinar de evaluaci\u00f3n [&hellip;]<\/p>\n","protected":false},"author":1,"featured_media":0,"comment_status":"open","ping_status":"open","sticky":false,"template":"","format":"standard","meta":{"site-sidebar-layout":"default","site-content-layout":"","ast-site-content-layout":"","site-content-style":"default","site-sidebar-style":"default","ast-global-header-display":"","ast-banner-title-visibility":"","ast-main-header-display":"","ast-hfb-above-header-display":"","ast-hfb-below-header-display":"","ast-hfb-mobile-header-display":"","site-post-title":"","ast-breadcrumbs-content":"","ast-featured-img":"","footer-sml-layout":"","theme-transparent-header-meta":"","adv-header-id-meta":"","stick-header-meta":"","header-above-stick-meta":"","header-main-stick-meta":"","header-below-stick-meta":"","astra-migrate-meta-layouts":"default","ast-page-background-enabled":"default","ast-page-background-meta":{"desktop":{"background-color":"var(--ast-global-color-4)","background-image":"","background-repeat":"repeat","background-position":"center center","background-size":"auto","background-attachment":"scroll","background-type":"","background-media":"","overlay-type":"","overlay-color":"","overlay-gradient":""},"tablet":{"background-color":"","background-image":"","background-repeat":"repeat","background-position":"center center","background-size":"auto","background-attachment":"scroll","background-type":"","background-media":"","overlay-type":"","overlay-color":"","overlay-gradient":""},"mobile":{"background-color":"","background-image":"","background-repeat":"repeat","background-position":"center center","background-size":"auto","background-attachment":"scroll","background-type":"","background-media":"","overlay-type":"","overlay-color":"","overlay-gradient":""}},"ast-content-background-meta":{"desktop":{"background-color":"var(--ast-global-color-5)","background-image":"","background-repeat":"repeat","background-position":"center center","background-size":"auto","background-attachment":"scroll","background-type":"","background-media":"","overlay-type":"","overlay-color":"","overlay-gradient":""},"tablet":{"background-color":"var(--ast-global-color-5)","background-image":"","background-repeat":"repeat","background-position":"center center","background-size":"auto","background-attachment":"scroll","background-type":"","background-media":"","overlay-type":"","overlay-color":"","overlay-gradient":""},"mobile":{"background-color":"var(--ast-global-color-5)","background-image":"","background-repeat":"repeat","background-position":"center center","background-size":"auto","background-attachment":"scroll","background-type":"","background-media":"","overlay-type":"","overlay-color":"","overlay-gradient":""}},"footnotes":""},"categories":[17382,1175,59,60,7834,14221,21799,324,970],"tags":[60440,8150,21800,155402,99926,155401],"class_list":["post-71291","post","type-post","status-publish","format-standard","hentry","category-construccion-del-test","category-evaluacion-y-diagnostico-en-psicologia","category-linguistica","category-linguistica-aplicada","category-malaga","category-patologia-del-lenguaje","category-patologia-y-correccion-del-lenguaje","category-psicologia","category-psicologia-del-nino-y-del-adolescente","tag-adrian-torres-jose-antonio","tag-alfredo-fierro-bardaji","tag-gloria-carballo-garcia","tag-jose-carballo-garcia","tag-juan-a-munoz-lopez","tag-rodriguez-parra-m-jose"],"_links":{"self":[{"href":"https:\/\/www.deberes.net\/tesis\/wp-json\/wp\/v2\/posts\/71291","targetHints":{"allow":["GET"]}}],"collection":[{"href":"https:\/\/www.deberes.net\/tesis\/wp-json\/wp\/v2\/posts"}],"about":[{"href":"https:\/\/www.deberes.net\/tesis\/wp-json\/wp\/v2\/types\/post"}],"author":[{"embeddable":true,"href":"https:\/\/www.deberes.net\/tesis\/wp-json\/wp\/v2\/users\/1"}],"replies":[{"embeddable":true,"href":"https:\/\/www.deberes.net\/tesis\/wp-json\/wp\/v2\/comments?post=71291"}],"version-history":[{"count":0,"href":"https:\/\/www.deberes.net\/tesis\/wp-json\/wp\/v2\/posts\/71291\/revisions"}],"wp:attachment":[{"href":"https:\/\/www.deberes.net\/tesis\/wp-json\/wp\/v2\/media?parent=71291"}],"wp:term":[{"taxonomy":"category","embeddable":true,"href":"https:\/\/www.deberes.net\/tesis\/wp-json\/wp\/v2\/categories?post=71291"},{"taxonomy":"post_tag","embeddable":true,"href":"https:\/\/www.deberes.net\/tesis\/wp-json\/wp\/v2\/tags?post=71291"}],"curies":[{"name":"wp","href":"https:\/\/api.w.org\/{rel}","templated":true}]}}