{"id":71296,"date":"2018-03-09T23:15:55","date_gmt":"2018-03-09T23:15:55","guid":{"rendered":"https:\/\/www.deberes.net\/tesis\/sin-categoria\/papel-del-factor-de-transcripcion-c-ebpbeta-en-diferenciacion-neuronal-y-en-procesos-inflamatorios-y-de-dano-cerebral\/"},"modified":"2018-03-09T23:15:55","modified_gmt":"2018-03-09T23:15:55","slug":"papel-del-factor-de-transcripcion-c-ebpbeta-en-diferenciacion-neuronal-y-en-procesos-inflamatorios-y-de-dano-cerebral","status":"publish","type":"post","link":"https:\/\/www.deberes.net\/tesis\/quimica\/papel-del-factor-de-transcripcion-c-ebpbeta-en-diferenciacion-neuronal-y-en-procesos-inflamatorios-y-de-dano-cerebral\/","title":{"rendered":"Papel del factor de transcripci\u00f3n c\/ebpbeta en diferenciacion neuronal y en procesos inflamatorios y de da\u00f1o cerebral"},"content":{"rendered":"<h2>Tesis doctoral de <strong> Marta Cortes Canteli <\/strong><\/h2>\n<p>C\/ebpbeta es una prote\u00edna que pertenece a la familia de factores de transcripci\u00f3n bzip. Se expresa en multitud de tejidos y desempe\u00f1a una importante funci\u00f3n en muchos procesos celulares, ya que regula la transcripci\u00f3n de numerosos genes implicados en la diferenciaci\u00f3n de adipocitos y macr\u00f3fagos, en distintos procesos metab\u00f3licos, en la regeneraci\u00f3n hep\u00e1tica y en la respuesta a fase aguda, inflamatoria e inmune, entre otros procesos. Sin embargo, tanto la expresi\u00f3n como la funci\u00f3n que esta prote\u00edna desempe\u00f1a en el cerebro no han sido estudiados en profundidad. En los \u00faltimos a\u00f1os, sin embargo, se est\u00e1 implicando a este factor de transcripci\u00f3n en diversos procesos que tienen lugar en el sistema nervioso, como es en la consolidaci\u00f3n de la memoria a largo plazo, la se\u00f1alizaci\u00f3n por neurotrofinas y muy recientemente se han detectado cambios de expresi\u00f3n de esta prote\u00edna en distintas enfermedades neurodegenerativas. En este trabajo demostramos que c\/ebpbeta se expresa ampliamente en distintas zonas del cerebro y que est\u00e1 implicada en la diferenciaci\u00f3n y apoptosis neuronales, as\u00ed como en procesos de inflamaci\u00f3n y de da\u00f1o cerebral. hemos establecido que c\/ebpbeta est\u00e1 implicada en la diferenciaci\u00f3n neuronal ya que promueve la extensi\u00f3n de neuritas y la expresi\u00f3n de marcadores neuronales cuando se sobreexpresa en la l\u00ednea de neuroblastoma n2a, diferenciaci\u00f3n neuronal que parece depender de la ruta de la fosfatidilinositol-3-quinasa. asimismo, hemos puesto de manifiesto que, como ocurre en la diferenciaci\u00f3n de adipocitos, c\/ebpbeta induce la expresi\u00f3n de c\/ebpalpha y que la propia c\/ebpalpha es capaz de inducir ella sola la diferenciaci\u00f3n neuronal. Tambi\u00e9n hemos mostrado que c\/ebpbeta promueve la apoptosis en estas c\u00e9lulas, la cual podr\u00eda estar mediada por las prote\u00ednas p53 y p21. Por otro lado, utilizando microarrays de adn, hemos identificado 48 genes inducidos por c\/ebpbeta en una l\u00ednea celular de neurobl<\/p>\n<p>&nbsp;<\/p>\n<h3>Datos acad\u00e9micos de la tesis doctoral \u00ab<strong>Papel del factor de transcripci\u00f3n c\/ebpbeta en diferenciacion neuronal y en procesos inflamatorios y de da\u00f1o cerebral<\/strong>\u00ab<\/h3>\n<ul>\n<li><strong>T\u00edtulo de la tesis:<\/strong>\u00a0 Papel del factor de transcripci\u00f3n c\/ebpbeta en diferenciacion neuronal y en procesos inflamatorios y de da\u00f1o cerebral <\/li>\n<li><strong>Autor:<\/strong>\u00a0 Marta Cortes Canteli <\/li>\n<li><strong>Universidad:<\/strong>\u00a0 Aut\u00f3noma de Madrid<\/li>\n<li><strong>Fecha de lectura de la tesis:<\/strong>\u00a0 18\/11\/2004<\/li>\n<\/ul>\n<p>&nbsp;<\/p>\n<h3>Direcci\u00f3n y tribunal<\/h3>\n<ul>\n<li><strong>Director de la tesis<\/strong>\n<ul>\n<li>Ana Mar\u00eda P\u00e9rez Castillo<\/li>\n<\/ul>\n<\/li>\n<li><strong>Tribunal<\/strong>\n<ul>\n<li>Presidente del tribunal: rafael Garesse alarc\u00f3n <\/li>\n<li>Jos\u00e9 ramon Naranjo orovio (vocal)<\/li>\n<li>Luis Miguel Garc\u00eda segura (vocal)<\/li>\n<li>pedro Tranque gomez (vocal)<\/li>\n<\/ul>\n<\/li>\n<\/ul>\n<p>&nbsp;<\/p>\n","protected":false},"excerpt":{"rendered":"<p>Tesis doctoral de Marta Cortes Canteli C\/ebpbeta es una prote\u00edna que pertenece a la familia de factores de transcripci\u00f3n bzip. [&hellip;]<\/p>\n","protected":false},"author":1,"featured_media":0,"comment_status":"open","ping_status":"open","sticky":false,"template":"","format":"standard","meta":{"site-sidebar-layout":"default","site-content-layout":"","ast-site-content-layout":"","site-content-style":"default","site-sidebar-style":"default","ast-global-header-display":"","ast-banner-title-visibility":"","ast-main-header-display":"","ast-hfb-above-header-display":"","ast-hfb-below-header-display":"","ast-hfb-mobile-header-display":"","site-post-title":"","ast-breadcrumbs-content":"","ast-featured-img":"","footer-sml-layout":"","theme-transparent-header-meta":"","adv-header-id-meta":"","stick-header-meta":"","header-above-stick-meta":"","header-main-stick-meta":"","header-below-stick-meta":"","astra-migrate-meta-layouts":"default","ast-page-background-enabled":"default","ast-page-background-meta":{"desktop":{"background-color":"var(--ast-global-color-4)","background-image":"","background-repeat":"repeat","background-position":"center center","background-size":"auto","background-attachment":"scroll","background-type":"","background-media":"","overlay-type":"","overlay-color":"","overlay-gradient":""},"tablet":{"background-color":"","background-image":"","background-repeat":"repeat","background-position":"center center","background-size":"auto","background-attachment":"scroll","background-type":"","background-media":"","overlay-type":"","overlay-color":"","overlay-gradient":""},"mobile":{"background-color":"","background-image":"","background-repeat":"repeat","background-position":"center center","background-size":"auto","background-attachment":"scroll","background-type":"","background-media":"","overlay-type":"","overlay-color":"","overlay-gradient":""}},"ast-content-background-meta":{"desktop":{"background-color":"var(--ast-global-color-5)","background-image":"","background-repeat":"repeat","background-position":"center center","background-size":"auto","background-attachment":"scroll","background-type":"","background-media":"","overlay-type":"","overlay-color":"","overlay-gradient":""},"tablet":{"background-color":"var(--ast-global-color-5)","background-image":"","background-repeat":"repeat","background-position":"center center","background-size":"auto","background-attachment":"scroll","background-type":"","background-media":"","overlay-type":"","overlay-color":"","overlay-gradient":""},"mobile":{"background-color":"var(--ast-global-color-5)","background-image":"","background-repeat":"repeat","background-position":"center center","background-size":"auto","background-attachment":"scroll","background-type":"","background-media":"","overlay-type":"","overlay-color":"","overlay-gradient":""}},"footnotes":""},"categories":[160,115,17],"tags":[15335,14321,4892,155408,42474,7832],"class_list":["post-71296","post","type-post","status-publish","format-standard","hentry","category-bioquimica","category-bioquimica-molecular","category-quimica","tag-ana-maria-perez-castillo","tag-jose-ramon-naranjo-orovio","tag-luis-miguel-garcia-segura","tag-marta-cortes-canteli","tag-pedro-tranque-gomez","tag-rafael-garesse-alarcon"],"_links":{"self":[{"href":"https:\/\/www.deberes.net\/tesis\/wp-json\/wp\/v2\/posts\/71296","targetHints":{"allow":["GET"]}}],"collection":[{"href":"https:\/\/www.deberes.net\/tesis\/wp-json\/wp\/v2\/posts"}],"about":[{"href":"https:\/\/www.deberes.net\/tesis\/wp-json\/wp\/v2\/types\/post"}],"author":[{"embeddable":true,"href":"https:\/\/www.deberes.net\/tesis\/wp-json\/wp\/v2\/users\/1"}],"replies":[{"embeddable":true,"href":"https:\/\/www.deberes.net\/tesis\/wp-json\/wp\/v2\/comments?post=71296"}],"version-history":[{"count":0,"href":"https:\/\/www.deberes.net\/tesis\/wp-json\/wp\/v2\/posts\/71296\/revisions"}],"wp:attachment":[{"href":"https:\/\/www.deberes.net\/tesis\/wp-json\/wp\/v2\/media?parent=71296"}],"wp:term":[{"taxonomy":"category","embeddable":true,"href":"https:\/\/www.deberes.net\/tesis\/wp-json\/wp\/v2\/categories?post=71296"},{"taxonomy":"post_tag","embeddable":true,"href":"https:\/\/www.deberes.net\/tesis\/wp-json\/wp\/v2\/tags?post=71296"}],"curies":[{"name":"wp","href":"https:\/\/api.w.org\/{rel}","templated":true}]}}