{"id":71306,"date":"2018-03-09T23:15:55","date_gmt":"2018-03-09T23:15:55","guid":{"rendered":"https:\/\/www.deberes.net\/tesis\/sin-categoria\/analisis-de-la-fotografa%c2%ada-de-prensa-en-espana-durante-la-guerra-civil-1936-39-imagenes-de-guerra-en-el-abc-de-madrid-y-en-la-vanguardia-de-barcelona\/"},"modified":"2018-03-09T23:15:55","modified_gmt":"2018-03-09T23:15:55","slug":"analisis-de-la-fotografa%c2%ada-de-prensa-en-espana-durante-la-guerra-civil-1936-39-imagenes-de-guerra-en-el-abc-de-madrid-y-en-la-vanguardia-de-barcelona","status":"publish","type":"post","link":"https:\/\/www.deberes.net\/tesis\/ciencias-de-las-artes-y-las-letras\/analisis-de-la-fotografa%c2%ada-de-prensa-en-espana-durante-la-guerra-civil-1936-39-imagenes-de-guerra-en-el-abc-de-madrid-y-en-la-vanguardia-de-barcelona\/","title":{"rendered":"An\u00e1lisis de la fotograf\u00edade prensa en espa\u00f1a durante la guerra civil (1936-39). im\u00e1genes de guerra en el abc de Madrid y en la vanguardia de barcelona"},"content":{"rendered":"<h2>Tesis doctoral de <strong> Miquel \u00e1ngel De Santiago Mateos <\/strong><\/h2>\n<p>Esta investigaci\u00f3n analiza la fotograf\u00eda de prensa, durante la guerra civil espa\u00f1ola (1936-39), considerando la forma y el contenido en la imagen aislada y, posteriormente, la fotograf\u00eda en el contexto period\u00edstico.El estudio se ha concretado en dos publicaciones: el abc de Madrid y la vanguardia de barcelona. Ambos diarios se publican en ciudades estrat\u00e9gicas, mantienen sus cabeceras, est\u00e1n presentes pr\u00e1cticamente durante toda la contienda y tienen una intenci\u00f3n expl\u00edcita de cuidar especialmente la fotograf\u00eda. las dos publicaciones suponen una referencia obligada en el panorama de la prensa nacional. La t\u00e9cnica del huecograbado junto al tratamiento de la imagen constituyen un conjunto de caracter\u00edsticas hacen id\u00f3nea su elecci\u00f3n como objeto del estudio para, de este modo, establecer las aportaciones del reportaje de guerra durante el conflicto espa\u00f1ol en la evoluci\u00f3n del fotoperiodismo.<\/p>\n<p>&nbsp;<\/p>\n<h3>Datos acad\u00e9micos de la tesis doctoral \u00ab<strong>An\u00e1lisis de la fotograf\u00edade prensa en espa\u00f1a durante la guerra civil (1936-39). im\u00e1genes de guerra en el abc de Madrid y en la vanguardia de barcelona<\/strong>\u00ab<\/h3>\n<ul>\n<li><strong>T\u00edtulo de la tesis:<\/strong>\u00a0 An\u00e1lisis de la fotograf\u00edade prensa en espa\u00f1a durante la guerra civil (1936-39). im\u00e1genes de guerra en el abc de Madrid y en la vanguardia de barcelona <\/li>\n<li><strong>Autor:<\/strong>\u00a0 Miquel \u00e1ngel De Santiago Mateos <\/li>\n<li><strong>Universidad:<\/strong>\u00a0 San pablo-ceu<\/li>\n<li><strong>Fecha de lectura de la tesis:<\/strong>\u00a0 18\/11\/2004<\/li>\n<\/ul>\n<p>&nbsp;<\/p>\n<h3>Direcci\u00f3n y tribunal<\/h3>\n<ul>\n<li><strong>Director de la tesis<\/strong>\n<ul>\n<li> Casaj\u00fas Quir\u00f3s Mar\u00eda Concepci\u00f3n<\/li>\n<\/ul>\n<\/li>\n<li><strong>Tribunal<\/strong>\n<ul>\n<li>Presidente del tribunal: carmen Pena l\u00f3pez <\/li>\n<li>Manuel Send\u00f3n trillo (vocal)<\/li>\n<li>Luis Blanco vila (vocal)<\/li>\n<li>Antonio Lara Garc\u00eda (vocal)<\/li>\n<\/ul>\n<\/li>\n<\/ul>\n<p>&nbsp;<\/p>\n","protected":false},"excerpt":{"rendered":"<p>Tesis doctoral de Miquel \u00e1ngel De Santiago Mateos Esta investigaci\u00f3n analiza la fotograf\u00eda de prensa, durante la guerra civil espa\u00f1ola [&hellip;]<\/p>\n","protected":false},"author":1,"featured_media":0,"comment_status":"open","ping_status":"open","sticky":false,"template":"","format":"standard","meta":{"site-sidebar-layout":"default","site-content-layout":"","ast-site-content-layout":"","site-content-style":"default","site-sidebar-style":"default","ast-global-header-display":"","ast-banner-title-visibility":"","ast-main-header-display":"","ast-hfb-above-header-display":"","ast-hfb-below-header-display":"","ast-hfb-mobile-header-display":"","site-post-title":"","ast-breadcrumbs-content":"","ast-featured-img":"","footer-sml-layout":"","theme-transparent-header-meta":"","adv-header-id-meta":"","stick-header-meta":"","header-above-stick-meta":"","header-main-stick-meta":"","header-below-stick-meta":"","astra-migrate-meta-layouts":"default","ast-page-background-enabled":"default","ast-page-background-meta":{"desktop":{"background-color":"var(--ast-global-color-4)","background-image":"","background-repeat":"repeat","background-position":"center center","background-size":"auto","background-attachment":"scroll","background-type":"","background-media":"","overlay-type":"","overlay-color":"","overlay-gradient":""},"tablet":{"background-color":"","background-image":"","background-repeat":"repeat","background-position":"center center","background-size":"auto","background-attachment":"scroll","background-type":"","background-media":"","overlay-type":"","overlay-color":"","overlay-gradient":""},"mobile":{"background-color":"","background-image":"","background-repeat":"repeat","background-position":"center center","background-size":"auto","background-attachment":"scroll","background-type":"","background-media":"","overlay-type":"","overlay-color":"","overlay-gradient":""}},"ast-content-background-meta":{"desktop":{"background-color":"var(--ast-global-color-5)","background-image":"","background-repeat":"repeat","background-position":"center center","background-size":"auto","background-attachment":"scroll","background-type":"","background-media":"","overlay-type":"","overlay-color":"","overlay-gradient":""},"tablet":{"background-color":"var(--ast-global-color-5)","background-image":"","background-repeat":"repeat","background-position":"center center","background-size":"auto","background-attachment":"scroll","background-type":"","background-media":"","overlay-type":"","overlay-color":"","overlay-gradient":""},"mobile":{"background-color":"var(--ast-global-color-5)","background-image":"","background-repeat":"repeat","background-position":"center center","background-size":"auto","background-attachment":"scroll","background-type":"","background-media":"","overlay-type":"","overlay-color":"","overlay-gradient":""}},"footnotes":""},"categories":[147,5270,39800,1111],"tags":[5272,6496,155425,98068,89878,155424],"class_list":["post-71306","post","type-post","status-publish","format-standard","hentry","category-ciencias-de-las-artes-y-las-letras","category-fotografia","category-san-pablo-ceu","category-teoria-analisis-y-critica-de-las-bellas-artes","tag-antonio-lara-garcia","tag-carmen-pena-lopez","tag-casajus-quiros-maria-concepcion","tag-luis-blanco-vila","tag-manuel-sendon-trillo","tag-miquel-angel-de-santiago-mateos"],"_links":{"self":[{"href":"https:\/\/www.deberes.net\/tesis\/wp-json\/wp\/v2\/posts\/71306","targetHints":{"allow":["GET"]}}],"collection":[{"href":"https:\/\/www.deberes.net\/tesis\/wp-json\/wp\/v2\/posts"}],"about":[{"href":"https:\/\/www.deberes.net\/tesis\/wp-json\/wp\/v2\/types\/post"}],"author":[{"embeddable":true,"href":"https:\/\/www.deberes.net\/tesis\/wp-json\/wp\/v2\/users\/1"}],"replies":[{"embeddable":true,"href":"https:\/\/www.deberes.net\/tesis\/wp-json\/wp\/v2\/comments?post=71306"}],"version-history":[{"count":0,"href":"https:\/\/www.deberes.net\/tesis\/wp-json\/wp\/v2\/posts\/71306\/revisions"}],"wp:attachment":[{"href":"https:\/\/www.deberes.net\/tesis\/wp-json\/wp\/v2\/media?parent=71306"}],"wp:term":[{"taxonomy":"category","embeddable":true,"href":"https:\/\/www.deberes.net\/tesis\/wp-json\/wp\/v2\/categories?post=71306"},{"taxonomy":"post_tag","embeddable":true,"href":"https:\/\/www.deberes.net\/tesis\/wp-json\/wp\/v2\/tags?post=71306"}],"curies":[{"name":"wp","href":"https:\/\/api.w.org\/{rel}","templated":true}]}}