{"id":71326,"date":"2018-03-09T23:15:55","date_gmt":"2018-03-09T23:15:55","guid":{"rendered":"https:\/\/www.deberes.net\/tesis\/sin-categoria\/la-industria-de-los-materiales-de-construccion-en-espana-y-la-productividad-global-de-los-factores\/"},"modified":"2018-03-09T23:15:55","modified_gmt":"2018-03-09T23:15:55","slug":"la-industria-de-los-materiales-de-construccion-en-espana-y-la-productividad-global-de-los-factores","status":"publish","type":"post","link":"https:\/\/www.deberes.net\/tesis\/ciencias-economicas\/la-industria-de-los-materiales-de-construccion-en-espana-y-la-productividad-global-de-los-factores\/","title":{"rendered":"La industria de los materiales de construcci\u00f3n en espa\u00f1a y la productividad global de los factores"},"content":{"rendered":"<h2>Tesis doctoral de <strong> Sebasti\u00e1n Morales Galleo <\/strong><\/h2>\n<p>En esta tesis se ha planteado como objetivo fundamental el an\u00e1lisis econ\u00f3mico de la situaci\u00f3n actual de la industria de los materiales de construcci\u00f3n en espa\u00f1a y del progreso experimentado por la misma a lo largo de las \u00faltimas d\u00e9cadas a partir de la medida de la productividad total de los factores (ptf), insistiendo en los a\u00f1os que van desde 1965 al 2001.  el estudio de la evoluci\u00f3n de la productividad y de los factores que inciden en lamimas, ocupa un lugar destacado en la investigaci\u00f3n. Su medida y an\u00e1lisis, tanto para cada uno de los sectores considerados, como para el conjunto de la industria, ha constituido uno de los principales objetivos parciales de esta investigaci\u00f3n. De igual forma, la obtenci\u00f3n de las distintas variables y, de forma especial, la medida del factor capital implicado en la producci\u00f3n, han supuesto, por s\u00ed solos, objetivos de este trabajo.  en relaci\u00f3n con otros estudios anteriores en este campo, la tesis presenta, entre otras, las siguientes innovaciones.  se analiza el conjunto de las actividades dedicadas a la producci\u00f3n de materiales que tienen como destino fundamental ser materias primas para el sector de la construcci\u00f3n incluyendo, dentro de las mismas, a las que se dedican a la extracci\u00f3n de los productos minerales y rocas necesarios que sea para su elaboraci\u00f3n o para ser usados directamente en la actividad constructora.  se ha llevado a cabo una cuantificaci\u00f3n y valoraci\u00f3n del stock de capital f\u00edsico inicial, de 1965, para los distintos sectores productivos incluidos en la investigaci\u00f3n, a partir de los cuales se han deducido las series de stock de capital neto a precios de reposici\u00f3n empleadas. Como media alternativa de la intensidad de uso del capital, se ha elaborado un indicador a partir de las series de consumo de las distintas fuentes energ\u00e9ticas (electricidad, combustibles,..) Utilizando, para ello, las cantidades f\u00edsicas homog\u00e9neas consumidas en cada uno de los secto<\/p>\n<p>&nbsp;<\/p>\n<h3>Datos acad\u00e9micos de la tesis doctoral \u00ab<strong>La industria de los materiales de construcci\u00f3n en espa\u00f1a y la productividad global de los factores<\/strong>\u00ab<\/h3>\n<ul>\n<li><strong>T\u00edtulo de la tesis:<\/strong>\u00a0 La industria de los materiales de construcci\u00f3n en espa\u00f1a y la productividad global de los factores <\/li>\n<li><strong>Autor:<\/strong>\u00a0 Sebasti\u00e1n Morales Galleo <\/li>\n<li><strong>Universidad:<\/strong>\u00a0 M\u00e1laga<\/li>\n<li><strong>Fecha de lectura de la tesis:<\/strong>\u00a0 19\/11\/2004<\/li>\n<\/ul>\n<p>&nbsp;<\/p>\n<h3>Direcci\u00f3n y tribunal<\/h3>\n<ul>\n<li><strong>Director de la tesis<\/strong>\n<ul>\n<li>Jos\u00e9 L\u00f3pez Rubio<\/li>\n<\/ul>\n<\/li>\n<li><strong>Tribunal<\/strong>\n<ul>\n<li>Presidente del tribunal: jose Sanchez maldonado <\/li>\n<li>Antonio Narv\u00e9z bueno (vocal)<\/li>\n<li>agustin Molina  morales (vocal)<\/li>\n<li>Jes\u00fas SnaJuan  solis (vocal)<\/li>\n<\/ul>\n<\/li>\n<\/ul>\n<p>&nbsp;<\/p>\n","protected":false},"excerpt":{"rendered":"<p>Tesis doctoral de Sebasti\u00e1n Morales Galleo En esta tesis se ha planteado como objetivo fundamental el an\u00e1lisis econ\u00f3mico de la [&hellip;]<\/p>\n","protected":false},"author":1,"featured_media":0,"comment_status":"open","ping_status":"open","sticky":false,"template":"","format":"standard","meta":{"site-sidebar-layout":"default","site-content-layout":"","ast-site-content-layout":"","site-content-style":"default","site-sidebar-style":"default","ast-global-header-display":"","ast-banner-title-visibility":"","ast-main-header-display":"","ast-hfb-above-header-display":"","ast-hfb-below-header-display":"","ast-hfb-mobile-header-display":"","site-post-title":"","ast-breadcrumbs-content":"","ast-featured-img":"","footer-sml-layout":"","theme-transparent-header-meta":"","adv-header-id-meta":"","stick-header-meta":"","header-above-stick-meta":"","header-main-stick-meta":"","header-below-stick-meta":"","astra-migrate-meta-layouts":"default","ast-page-background-enabled":"default","ast-page-background-meta":{"desktop":{"background-color":"var(--ast-global-color-4)","background-image":"","background-repeat":"repeat","background-position":"center center","background-size":"auto","background-attachment":"scroll","background-type":"","background-media":"","overlay-type":"","overlay-color":"","overlay-gradient":""},"tablet":{"background-color":"","background-image":"","background-repeat":"repeat","background-position":"center center","background-size":"auto","background-attachment":"scroll","background-type":"","background-media":"","overlay-type":"","overlay-color":"","overlay-gradient":""},"mobile":{"background-color":"","background-image":"","background-repeat":"repeat","background-position":"center center","background-size":"auto","background-attachment":"scroll","background-type":"","background-media":"","overlay-type":"","overlay-color":"","overlay-gradient":""}},"ast-content-background-meta":{"desktop":{"background-color":"var(--ast-global-color-5)","background-image":"","background-repeat":"repeat","background-position":"center center","background-size":"auto","background-attachment":"scroll","background-type":"","background-media":"","overlay-type":"","overlay-color":"","overlay-gradient":""},"tablet":{"background-color":"var(--ast-global-color-5)","background-image":"","background-repeat":"repeat","background-position":"center center","background-size":"auto","background-attachment":"scroll","background-type":"","background-media":"","overlay-type":"","overlay-color":"","overlay-gradient":""},"mobile":{"background-color":"var(--ast-global-color-5)","background-image":"","background-repeat":"repeat","background-position":"center center","background-size":"auto","background-attachment":"scroll","background-type":"","background-media":"","overlay-type":"","overlay-color":"","overlay-gradient":""}},"footnotes":""},"categories":[772,82,3132,963,7834,2825],"tags":[7993,155467,155468,155466,7994,155465],"class_list":["post-71326","post","type-post","status-publish","format-standard","hentry","category-actividad-economica","category-ciencias-economicas","category-economia-general","category-economia-sectorial","category-malaga","category-organizacion-industrial-y-sector-publico","tag-agustin-molina-morales","tag-antonio-narvez-bueno","tag-jesus-snajuan-solis","tag-jose-lopez-rubio","tag-jose-sanchez-maldonado","tag-sebastian-morales-galleo"],"_links":{"self":[{"href":"https:\/\/www.deberes.net\/tesis\/wp-json\/wp\/v2\/posts\/71326","targetHints":{"allow":["GET"]}}],"collection":[{"href":"https:\/\/www.deberes.net\/tesis\/wp-json\/wp\/v2\/posts"}],"about":[{"href":"https:\/\/www.deberes.net\/tesis\/wp-json\/wp\/v2\/types\/post"}],"author":[{"embeddable":true,"href":"https:\/\/www.deberes.net\/tesis\/wp-json\/wp\/v2\/users\/1"}],"replies":[{"embeddable":true,"href":"https:\/\/www.deberes.net\/tesis\/wp-json\/wp\/v2\/comments?post=71326"}],"version-history":[{"count":0,"href":"https:\/\/www.deberes.net\/tesis\/wp-json\/wp\/v2\/posts\/71326\/revisions"}],"wp:attachment":[{"href":"https:\/\/www.deberes.net\/tesis\/wp-json\/wp\/v2\/media?parent=71326"}],"wp:term":[{"taxonomy":"category","embeddable":true,"href":"https:\/\/www.deberes.net\/tesis\/wp-json\/wp\/v2\/categories?post=71326"},{"taxonomy":"post_tag","embeddable":true,"href":"https:\/\/www.deberes.net\/tesis\/wp-json\/wp\/v2\/tags?post=71326"}],"curies":[{"name":"wp","href":"https:\/\/api.w.org\/{rel}","templated":true}]}}