{"id":71349,"date":"2018-03-09T23:15:59","date_gmt":"2018-03-09T23:15:59","guid":{"rendered":"https:\/\/www.deberes.net\/tesis\/sin-categoria\/e-learning-en-la-ensenanza-de-lenguas-modernas-estudio-empa%c2%adrico-basado-en-el-curso-virtual-de-aleman-para-hispanohablantes-prim\/"},"modified":"2018-03-09T23:15:59","modified_gmt":"2018-03-09T23:15:59","slug":"e-learning-en-la-ensenanza-de-lenguas-modernas-estudio-empa%c2%adrico-basado-en-el-curso-virtual-de-aleman-para-hispanohablantes-prim","status":"publish","type":"post","link":"https:\/\/www.deberes.net\/tesis\/linguistica\/e-learning-en-la-ensenanza-de-lenguas-modernas-estudio-empa%c2%adrico-basado-en-el-curso-virtual-de-aleman-para-hispanohablantes-prim\/","title":{"rendered":"E-learning en la ense\u00f1anza de lenguas modernas: estudio emp\u00edrico basado en el curso virtual de alem\u00e1n para hispanohablantes \u00abprim@\u00bb"},"content":{"rendered":"<h2>Tesis doctoral de <strong> Mar\u00eda  Dolores Castrillo Larreta Azelain <\/strong><\/h2>\n<p>La generalizaci\u00f3n del uso de la world wide web de internet a partir de los a\u00f1os 90 debida a factores econ\u00f3micos, tecnol\u00f3gicos, pol\u00edticos, culturales y sociales, y su incorporaci\u00f3n progresiva a los procesos educativos, en especial, al aprendizaje y la ense\u00f1anza de lenguas modernas, es un hecho indiscutible, y ha dado lugar a una nueva manera de aprender, conocida habitualmente como e-learning.  no obstante, la inclusi\u00f3n de herramientas digitales en la ense\u00f1anza en general, y en la ense\u00f1anza de lenguas modernas en particular, ha despertado en \u00faltimas fechas un alto grado de inter\u00e9s en cuanto a su efectividad real entre gran n\u00famero de investigadores, que denuncian una carencia importante de estudios emp\u00edricos descriptivos y sistematizados en torno a la estructura y desarrollos de cursos a trav\u00e9s de internet.  ante esta necesidad surge el presente trabajo, que conduce a verificar nuestro postulado e hip\u00f3tesis principal: la validez y adecuaci\u00f3n de la web como recurso para la ense\u00f1anza y el aprendizaje del alem\u00e1n como lengua extranjera.  para probar la veracidad de dicha hip\u00f3tesis, nos planteamos dos l\u00edneas metodol\u00f3gicas diferentes:  1. En primer lugar una l\u00ednea anal\u00edtica que consiste en la revisi\u00f3n de la bibliograf\u00eda te\u00f3rica que trata el tema, reflexionando sobre las caracter\u00edsticas generales de los entornos de aprendizaje virtuales, y en el an\u00e1lisis sistematizado de una muestra significativa de algunos recursos m\u00e1s referenciados en relaci\u00f3n con la ense\u00f1anza y el aprendizaje del alem\u00e1n.  2. En segundo lugar seguimos una l\u00ednea experimental basada en un estudio emp\u00edrico: a la vista de los resultados obtenidos en la investigaci\u00f3n anal\u00edtica, se elaborar\u00e1  desarrollar\u00e1 el curso virtual de alem\u00e1n para hispanohablantes \u00abprim@\u00bb, que ser\u00e1 integrado en la plataforma de gesti\u00f3n de la formaci\u00f3n webct.  los objetivos fundamentales de la evaluaci\u00f3n de este curso virtual, en la que estudiaremos el aprovecha<\/p>\n<p>&nbsp;<\/p>\n<h3>Datos acad\u00e9micos de la tesis doctoral \u00ab<strong>E-learning en la ense\u00f1anza de lenguas modernas: estudio emp\u00edrico basado en el curso virtual de alem\u00e1n para hispanohablantes \u00abprim@\u00bb<\/strong>\u00ab<\/h3>\n<ul>\n<li><strong>T\u00edtulo de la tesis:<\/strong>\u00a0 E-learning en la ense\u00f1anza de lenguas modernas: estudio emp\u00edrico basado en el curso virtual de alem\u00e1n para hispanohablantes \u00abprim@\u00bb <\/li>\n<li><strong>Autor:<\/strong>\u00a0 Mar\u00eda  Dolores Castrillo Larreta Azelain <\/li>\n<li><strong>Universidad:<\/strong>\u00a0 Nacional de educaci\u00f3n a distancia<\/li>\n<li><strong>Fecha de lectura de la tesis:<\/strong>\u00a0 19\/11\/2004<\/li>\n<\/ul>\n<p>&nbsp;<\/p>\n<h3>Direcci\u00f3n y tribunal<\/h3>\n<ul>\n<li><strong>Director de la tesis<\/strong>\n<ul>\n<li>Germ\u00e1n Ruip\u00e9rez Garc\u00eda<\/li>\n<\/ul>\n<\/li>\n<li><strong>Tribunal<\/strong>\n<ul>\n<li>Presidente del tribunal: ricardo Mairal us\u00f3n <\/li>\n<li>joaquin Aranda almansa (vocal)<\/li>\n<li>kurt Sub (vocal)<\/li>\n<li>Santiago Garcia gavin (vocal)<\/li>\n<\/ul>\n<\/li>\n<\/ul>\n<p>&nbsp;<\/p>\n","protected":false},"excerpt":{"rendered":"<p>Tesis doctoral de Mar\u00eda Dolores Castrillo Larreta Azelain La generalizaci\u00f3n del uso de la world wide web de internet a [&hellip;]<\/p>\n","protected":false},"author":1,"featured_media":0,"comment_status":"open","ping_status":"open","sticky":false,"template":"","format":"standard","meta":{"site-sidebar-layout":"default","site-content-layout":"","ast-site-content-layout":"","site-content-style":"default","site-sidebar-style":"default","ast-global-header-display":"","ast-banner-title-visibility":"","ast-main-header-display":"","ast-hfb-above-header-display":"","ast-hfb-below-header-display":"","ast-hfb-mobile-header-display":"","site-post-title":"","ast-breadcrumbs-content":"","ast-featured-img":"","footer-sml-layout":"","theme-transparent-header-meta":"","adv-header-id-meta":"","stick-header-meta":"","header-above-stick-meta":"","header-main-stick-meta":"","header-below-stick-meta":"","astra-migrate-meta-layouts":"default","ast-page-background-enabled":"default","ast-page-background-meta":{"desktop":{"background-color":"var(--ast-global-color-4)","background-image":"","background-repeat":"repeat","background-position":"center center","background-size":"auto","background-attachment":"scroll","background-type":"","background-media":"","overlay-type":"","overlay-color":"","overlay-gradient":""},"tablet":{"background-color":"","background-image":"","background-repeat":"repeat","background-position":"center center","background-size":"auto","background-attachment":"scroll","background-type":"","background-media":"","overlay-type":"","overlay-color":"","overlay-gradient":""},"mobile":{"background-color":"","background-image":"","background-repeat":"repeat","background-position":"center center","background-size":"auto","background-attachment":"scroll","background-type":"","background-media":"","overlay-type":"","overlay-color":"","overlay-gradient":""}},"ast-content-background-meta":{"desktop":{"background-color":"var(--ast-global-color-5)","background-image":"","background-repeat":"repeat","background-position":"center center","background-size":"auto","background-attachment":"scroll","background-type":"","background-media":"","overlay-type":"","overlay-color":"","overlay-gradient":""},"tablet":{"background-color":"var(--ast-global-color-5)","background-image":"","background-repeat":"repeat","background-position":"center center","background-size":"auto","background-attachment":"scroll","background-type":"","background-media":"","overlay-type":"","overlay-color":"","overlay-gradient":""},"mobile":{"background-color":"var(--ast-global-color-5)","background-image":"","background-repeat":"repeat","background-position":"center center","background-size":"auto","background-attachment":"scroll","background-type":"","background-media":"","overlay-type":"","overlay-color":"","overlay-gradient":""}},"footnotes":""},"categories":[1891,59,60,17070],"tags":[8355,47311,135311,155514,2308,116779],"class_list":["post-71349","post","type-post","status-publish","format-standard","hentry","category-ensenanza-de-lenguas","category-linguistica","category-linguistica-aplicada","category-nacional-de-educacion-a-distancia","tag-german-ruiperez-garcia","tag-joaquin-aranda-almansa","tag-kurt-sub","tag-maria-dolores-castrillo-larreta-azelain","tag-ricardo-mairal-uson","tag-santiago-garcia-gavin"],"_links":{"self":[{"href":"https:\/\/www.deberes.net\/tesis\/wp-json\/wp\/v2\/posts\/71349","targetHints":{"allow":["GET"]}}],"collection":[{"href":"https:\/\/www.deberes.net\/tesis\/wp-json\/wp\/v2\/posts"}],"about":[{"href":"https:\/\/www.deberes.net\/tesis\/wp-json\/wp\/v2\/types\/post"}],"author":[{"embeddable":true,"href":"https:\/\/www.deberes.net\/tesis\/wp-json\/wp\/v2\/users\/1"}],"replies":[{"embeddable":true,"href":"https:\/\/www.deberes.net\/tesis\/wp-json\/wp\/v2\/comments?post=71349"}],"version-history":[{"count":0,"href":"https:\/\/www.deberes.net\/tesis\/wp-json\/wp\/v2\/posts\/71349\/revisions"}],"wp:attachment":[{"href":"https:\/\/www.deberes.net\/tesis\/wp-json\/wp\/v2\/media?parent=71349"}],"wp:term":[{"taxonomy":"category","embeddable":true,"href":"https:\/\/www.deberes.net\/tesis\/wp-json\/wp\/v2\/categories?post=71349"},{"taxonomy":"post_tag","embeddable":true,"href":"https:\/\/www.deberes.net\/tesis\/wp-json\/wp\/v2\/tags?post=71349"}],"curies":[{"name":"wp","href":"https:\/\/api.w.org\/{rel}","templated":true}]}}