{"id":71360,"date":"2018-03-09T23:15:59","date_gmt":"2018-03-09T23:15:59","guid":{"rendered":"https:\/\/www.deberes.net\/tesis\/sin-categoria\/ceramica-de-barniz-rojo-corespondiente-a-la-edad-de-hierro-de-la-meseta-sur\/"},"modified":"2018-03-09T23:15:59","modified_gmt":"2018-03-09T23:15:59","slug":"ceramica-de-barniz-rojo-corespondiente-a-la-edad-de-hierro-de-la-meseta-sur","status":"publish","type":"post","link":"https:\/\/www.deberes.net\/tesis\/historia\/ceramica-de-barniz-rojo-corespondiente-a-la-edad-de-hierro-de-la-meseta-sur\/","title":{"rendered":"Cer\u00e1mica de barniz rojo, corespondiente a la edad de hierro de la meseta sur."},"content":{"rendered":"<h2>Tesis doctoral de <strong>  Fern\u00e1ndez Rodriguez M.dolores Malarena <\/strong><\/h2>\n<p>La tesis aborda un estudio global de la cer\u00e1mica de barniz rojo, correspondiente a la edad del hierro de la meseta sur.Comienza con una aproximaci\u00f3n geogr\u00e1fica que servir\u00e1 de base para evaluar las posibilidades de obtenci\u00f3n de materia prima para la manufactura cer\u00e1mica y los sistemas de comunicaci\u00f3n, relacionados con la introducci\u00f3n y distribuci\u00f3n de productos de este tipo en el mercado social de la \u00e9poca.  se continua con la valoraci\u00f3n de lo que supone la introducci\u00f3n de una nueva vajilla desde el punto de vista de la configuraci\u00f3n social y de la manufactura de la producci\u00f3n.En primer lugar,se establece la caracterizaci\u00f3n de las cer\u00e1micas de barniz rojo criterios empleados y se realiza un cat\u00e1logo completo de piezas, yacimientos , contextos y cronolg\u00edas.A ello se a\u00f1ade un cap\u00edtulo de an\u00e1lisis para determinar composici\u00f3n, proceso de manufactura y procedencia de las materias en la actualidad siguiendo los mismos pasos que en la fase ib\u00e9rica.El proceso productivo complejo ha sido objeto de un estudio etnogr\u00e1fico con alfareros de la zona.  en las conclusiones se trata el problema de la integraci\u00f3n de esta vajilla de barniz rojo en los h\u00e1bitos de consumo, siendo su empleo complementario y a veces sustiturorio de la cer\u00e1mica \u00e1tica.Se destaca la necesidad de una producci\u00f3n especializada y un mercado amplio y permanente, a juzgar por el volumen de.<\/p>\n<p>&nbsp;<\/p>\n<h3>Datos acad\u00e9micos de la tesis doctoral \u00ab<strong>Cer\u00e1mica de barniz rojo, corespondiente a la edad de hierro de la meseta sur.<\/strong>\u00ab<\/h3>\n<ul>\n<li><strong>T\u00edtulo de la tesis:<\/strong>\u00a0 Cer\u00e1mica de barniz rojo, corespondiente a la edad de hierro de la meseta sur. <\/li>\n<li><strong>Autor:<\/strong>\u00a0  Fern\u00e1ndez Rodriguez M.dolores Malarena <\/li>\n<li><strong>Universidad:<\/strong>\u00a0 Complutense de Madrid<\/li>\n<li><strong>Fecha de lectura de la tesis:<\/strong>\u00a0 22\/11\/2004<\/li>\n<\/ul>\n<p>&nbsp;<\/p>\n<h3>Direcci\u00f3n y tribunal<\/h3>\n<ul>\n<li><strong>Director de la tesis<\/strong>\n<ul>\n<li>Teresa Chapa Brunet<\/li>\n<\/ul>\n<\/li>\n<li><strong>Tribunal<\/strong>\n<ul>\n<li>Presidente del tribunal: martin Almagro gorbea <\/li>\n<li>emili Junyent sanchez (vocal)<\/li>\n<li>arturo Ruiz rodriguez (vocal)<\/li>\n<li>Juan Pereira sieso (vocal)<\/li>\n<\/ul>\n<\/li>\n<\/ul>\n<p>&nbsp;<\/p>\n","protected":false},"excerpt":{"rendered":"<p>Tesis doctoral de Fern\u00e1ndez Rodriguez M.dolores Malarena La tesis aborda un estudio global de la cer\u00e1mica de barniz rojo, correspondiente [&hellip;]<\/p>\n","protected":false},"author":1,"featured_media":0,"comment_status":"open","ping_status":"open","sticky":false,"template":"","format":"standard","meta":{"site-sidebar-layout":"default","site-content-layout":"","ast-site-content-layout":"","site-content-style":"default","site-sidebar-style":"default","ast-global-header-display":"","ast-banner-title-visibility":"","ast-main-header-display":"","ast-hfb-above-header-display":"","ast-hfb-below-header-display":"","ast-hfb-mobile-header-display":"","site-post-title":"","ast-breadcrumbs-content":"","ast-featured-img":"","footer-sml-layout":"","theme-transparent-header-meta":"","adv-header-id-meta":"","stick-header-meta":"","header-above-stick-meta":"","header-main-stick-meta":"","header-below-stick-meta":"","astra-migrate-meta-layouts":"default","ast-page-background-enabled":"default","ast-page-background-meta":{"desktop":{"background-color":"var(--ast-global-color-4)","background-image":"","background-repeat":"repeat","background-position":"center center","background-size":"auto","background-attachment":"scroll","background-type":"","background-media":"","overlay-type":"","overlay-color":"","overlay-gradient":""},"tablet":{"background-color":"","background-image":"","background-repeat":"repeat","background-position":"center center","background-size":"auto","background-attachment":"scroll","background-type":"","background-media":"","overlay-type":"","overlay-color":"","overlay-gradient":""},"mobile":{"background-color":"","background-image":"","background-repeat":"repeat","background-position":"center center","background-size":"auto","background-attachment":"scroll","background-type":"","background-media":"","overlay-type":"","overlay-color":"","overlay-gradient":""}},"ast-content-background-meta":{"desktop":{"background-color":"var(--ast-global-color-5)","background-image":"","background-repeat":"repeat","background-position":"center center","background-size":"auto","background-attachment":"scroll","background-type":"","background-media":"","overlay-type":"","overlay-color":"","overlay-gradient":""},"tablet":{"background-color":"var(--ast-global-color-5)","background-image":"","background-repeat":"repeat","background-position":"center center","background-size":"auto","background-attachment":"scroll","background-type":"","background-media":"","overlay-type":"","overlay-color":"","overlay-gradient":""},"mobile":{"background-color":"var(--ast-global-color-5)","background-image":"","background-repeat":"repeat","background-position":"center center","background-size":"auto","background-attachment":"scroll","background-type":"","background-media":"","overlay-type":"","overlay-color":"","overlay-gradient":""}},"footnotes":""},"categories":[104,220,2635],"tags":[27123,90046,155529,24336,6607,24335],"class_list":["post-71360","post","type-post","status-publish","format-standard","hentry","category-historia","category-historia-por-epocas","category-prehistoria","tag-arturo-ruiz-rodriguez","tag-emili-junyent-sanchez","tag-fernandez-rodriguez-m-dolores-malarena","tag-juan-pereira-sieso","tag-martin-almagro-gorbea","tag-teresa-chapa-brunet"],"_links":{"self":[{"href":"https:\/\/www.deberes.net\/tesis\/wp-json\/wp\/v2\/posts\/71360","targetHints":{"allow":["GET"]}}],"collection":[{"href":"https:\/\/www.deberes.net\/tesis\/wp-json\/wp\/v2\/posts"}],"about":[{"href":"https:\/\/www.deberes.net\/tesis\/wp-json\/wp\/v2\/types\/post"}],"author":[{"embeddable":true,"href":"https:\/\/www.deberes.net\/tesis\/wp-json\/wp\/v2\/users\/1"}],"replies":[{"embeddable":true,"href":"https:\/\/www.deberes.net\/tesis\/wp-json\/wp\/v2\/comments?post=71360"}],"version-history":[{"count":0,"href":"https:\/\/www.deberes.net\/tesis\/wp-json\/wp\/v2\/posts\/71360\/revisions"}],"wp:attachment":[{"href":"https:\/\/www.deberes.net\/tesis\/wp-json\/wp\/v2\/media?parent=71360"}],"wp:term":[{"taxonomy":"category","embeddable":true,"href":"https:\/\/www.deberes.net\/tesis\/wp-json\/wp\/v2\/categories?post=71360"},{"taxonomy":"post_tag","embeddable":true,"href":"https:\/\/www.deberes.net\/tesis\/wp-json\/wp\/v2\/tags?post=71360"}],"curies":[{"name":"wp","href":"https:\/\/api.w.org\/{rel}","templated":true}]}}