{"id":71370,"date":"2018-03-09T23:15:59","date_gmt":"2018-03-09T23:15:59","guid":{"rendered":"https:\/\/www.deberes.net\/tesis\/sin-categoria\/nacion-y-nacionalismo-en-mexico-a-traves-de-los-relatos-de-viajeros\/"},"modified":"2018-03-09T23:15:59","modified_gmt":"2018-03-09T23:15:59","slug":"nacion-y-nacionalismo-en-mexico-a-traves-de-los-relatos-de-viajeros","status":"publish","type":"post","link":"https:\/\/www.deberes.net\/tesis\/historia\/nacion-y-nacionalismo-en-mexico-a-traves-de-los-relatos-de-viajeros\/","title":{"rendered":"Nacion y nacionalismo en mexico a traves de los relatos de viajeros"},"content":{"rendered":"<h2>Tesis doctoral de <strong> Mayabel Ranero Castro <\/strong><\/h2>\n<p>De los siglos xvi al xix arribaron a m\u00e9xico numerosos viajeros que elaboraron (por v\u00eda ic\u00f3nica y textual) descripciones del pa\u00eds y su gente para consumo de las metr\u00f3polis. Ese constructo descriptivo frecuentemente se acompa\u00f1\u00f3 de juicios y valoraciones que justificaron la acci\u00f3n directa y la ingerencia de sus pa\u00edses de origen en la pol\u00edtica, econom\u00eda e ideolog\u00eda del m\u00e9xico decimon\u00f3nico. Se analizan dichos relatos de viajeros como productos culturales expresivos de los procesos imperialistas que en el siglo xix implementaron las potencias occidentales (inglaterra, francia y estados unidos principalmente) para posicionarse en los continentes americano, africano y asi\u00e1tico. El caso mexicano reviste caracteres definitorios que se analizan en los amplios corpus textuales e ic\u00f3nicos que los viajeros decimon\u00f3nicos crearon y que a su vez fueron referencia para las generaciones de intelectuales, artistas y pol\u00edticos mexicanos que en el siglo xix formaron las ideas de naci\u00f3n y nacionalismo mexicano.<\/p>\n<p>&nbsp;<\/p>\n<h3>Datos acad\u00e9micos de la tesis doctoral \u00ab<strong>Nacion y nacionalismo en mexico a traves de los relatos de viajeros<\/strong>\u00ab<\/h3>\n<ul>\n<li><strong>T\u00edtulo de la tesis:<\/strong>\u00a0 Nacion y nacionalismo en mexico a traves de los relatos de viajeros <\/li>\n<li><strong>Autor:<\/strong>\u00a0 Mayabel Ranero Castro <\/li>\n<li><strong>Universidad:<\/strong>\u00a0 Pa\u00eds vasco\/euskal herriko unibertsitatea<\/li>\n<li><strong>Fecha de lectura de la tesis:<\/strong>\u00a0 22\/11\/2004<\/li>\n<\/ul>\n<p>&nbsp;<\/p>\n<h3>Direcci\u00f3n y tribunal<\/h3>\n<ul>\n<li><strong>Director de la tesis<\/strong>\n<ul>\n<li>Luis Castells Arteche<\/li>\n<\/ul>\n<\/li>\n<li><strong>Tribunal<\/strong>\n<ul>\n<li>Presidente del tribunal: manuel Gonzalez portilla <\/li>\n<li>pilar P\u00e9rez cant\u00f3 (vocal)<\/li>\n<li>carmen Blazquez dominguez (vocal)<\/li>\n<li> Minguez cornelles victor Manuel (vocal)<\/li>\n<\/ul>\n<\/li>\n<\/ul>\n<p>&nbsp;<\/p>\n","protected":false},"excerpt":{"rendered":"<p>Tesis doctoral de Mayabel Ranero Castro De los siglos xvi al xix arribaron a m\u00e9xico numerosos viajeros que elaboraron (por [&hellip;]<\/p>\n","protected":false},"author":1,"featured_media":0,"comment_status":"open","ping_status":"open","sticky":false,"template":"","format":"standard","meta":{"site-sidebar-layout":"default","site-content-layout":"","ast-site-content-layout":"","site-content-style":"default","site-sidebar-style":"default","ast-global-header-display":"","ast-banner-title-visibility":"","ast-main-header-display":"","ast-hfb-above-header-display":"","ast-hfb-below-header-display":"","ast-hfb-mobile-header-display":"","site-post-title":"","ast-breadcrumbs-content":"","ast-featured-img":"","footer-sml-layout":"","theme-transparent-header-meta":"","adv-header-id-meta":"","stick-header-meta":"","header-above-stick-meta":"","header-main-stick-meta":"","header-below-stick-meta":"","astra-migrate-meta-layouts":"default","ast-page-background-enabled":"default","ast-page-background-meta":{"desktop":{"background-color":"var(--ast-global-color-4)","background-image":"","background-repeat":"repeat","background-position":"center center","background-size":"auto","background-attachment":"scroll","background-type":"","background-media":"","overlay-type":"","overlay-color":"","overlay-gradient":""},"tablet":{"background-color":"","background-image":"","background-repeat":"repeat","background-position":"center center","background-size":"auto","background-attachment":"scroll","background-type":"","background-media":"","overlay-type":"","overlay-color":"","overlay-gradient":""},"mobile":{"background-color":"","background-image":"","background-repeat":"repeat","background-position":"center center","background-size":"auto","background-attachment":"scroll","background-type":"","background-media":"","overlay-type":"","overlay-color":"","overlay-gradient":""}},"ast-content-background-meta":{"desktop":{"background-color":"var(--ast-global-color-5)","background-image":"","background-repeat":"repeat","background-position":"center center","background-size":"auto","background-attachment":"scroll","background-type":"","background-media":"","overlay-type":"","overlay-color":"","overlay-gradient":""},"tablet":{"background-color":"var(--ast-global-color-5)","background-image":"","background-repeat":"repeat","background-position":"center center","background-size":"auto","background-attachment":"scroll","background-type":"","background-media":"","overlay-type":"","overlay-color":"","overlay-gradient":""},"mobile":{"background-color":"var(--ast-global-color-5)","background-image":"","background-repeat":"repeat","background-position":"center center","background-size":"auto","background-attachment":"scroll","background-type":"","background-media":"","overlay-type":"","overlay-color":"","overlay-gradient":""}},"footnotes":""},"categories":[856,838,9374,1399,1401,104,1816,220,59060,12909],"tags":[155546,13361,3996,155545,80992,36399],"class_list":["post-71370","post","type-post","status-publish","format-standard","hentry","category-administracion-publica","category-ciencia-politica","category-demogeografia","category-geografia","category-geografia-humana","category-historia","category-historia-contemporanea","category-historia-por-epocas","category-instituciones-centrales","category-pais-vasco-euskal-herriko-unibertsitatea","tag-carmen-blazquez-dominguez","tag-luis-castells-arteche","tag-manuel-gonzalez-portilla","tag-mayabel-ranero-castro","tag-minguez-cornelles-victor-manuel","tag-pilar-perez-canto"],"_links":{"self":[{"href":"https:\/\/www.deberes.net\/tesis\/wp-json\/wp\/v2\/posts\/71370","targetHints":{"allow":["GET"]}}],"collection":[{"href":"https:\/\/www.deberes.net\/tesis\/wp-json\/wp\/v2\/posts"}],"about":[{"href":"https:\/\/www.deberes.net\/tesis\/wp-json\/wp\/v2\/types\/post"}],"author":[{"embeddable":true,"href":"https:\/\/www.deberes.net\/tesis\/wp-json\/wp\/v2\/users\/1"}],"replies":[{"embeddable":true,"href":"https:\/\/www.deberes.net\/tesis\/wp-json\/wp\/v2\/comments?post=71370"}],"version-history":[{"count":0,"href":"https:\/\/www.deberes.net\/tesis\/wp-json\/wp\/v2\/posts\/71370\/revisions"}],"wp:attachment":[{"href":"https:\/\/www.deberes.net\/tesis\/wp-json\/wp\/v2\/media?parent=71370"}],"wp:term":[{"taxonomy":"category","embeddable":true,"href":"https:\/\/www.deberes.net\/tesis\/wp-json\/wp\/v2\/categories?post=71370"},{"taxonomy":"post_tag","embeddable":true,"href":"https:\/\/www.deberes.net\/tesis\/wp-json\/wp\/v2\/tags?post=71370"}],"curies":[{"name":"wp","href":"https:\/\/api.w.org\/{rel}","templated":true}]}}