{"id":71373,"date":"2018-03-09T23:15:59","date_gmt":"2018-03-09T23:15:59","guid":{"rendered":"https:\/\/www.deberes.net\/tesis\/sin-categoria\/centros-titulaciones-y-planes-de-estudio-de-educacion-fa%c2%adsica-y-deportes-en-espana\/"},"modified":"2018-03-09T23:15:59","modified_gmt":"2018-03-09T23:15:59","slug":"centros-titulaciones-y-planes-de-estudio-de-educacion-fa%c2%adsica-y-deportes-en-espana","status":"publish","type":"post","link":"https:\/\/www.deberes.net\/tesis\/pedagogia\/centros-titulaciones-y-planes-de-estudio-de-educacion-fa%c2%adsica-y-deportes-en-espana\/","title":{"rendered":"Centros, titulaciones y planes de estudio de educaci\u00f3n f\u00edsica y deportes en espa\u00f1a."},"content":{"rendered":"<h2>Tesis doctoral de <strong> Jes\u00fas Luna Torres <\/strong><\/h2>\n<p>La educaci\u00f3n f\u00edsica y el deporte han tenido a lo largo de nuestra historia una desigual manifestaci\u00f3n, formaci\u00f3n y consideraci\u00f3n.  la tesis que aqu\u00ed presentamos es la plasmaci\u00f3n de sus luces y sombras a trav\u00e9s de los centros y   planes de estudios de la educaci\u00f3n f\u00edsica y el deporte en espa\u00f1a durante el per\u00edodo comprendido entre 1883-2003.  desde los inicios, la pionera escuela central de profesoras y profesores de gimnastica (1883) naci\u00f3 marcada por la pol\u00e9mica en cuanto a la incorporaci\u00f3n de su profesorado y la plasmaci\u00f3n de su plan de estudios. Aspectos estos que se han seguido reiterado hasta la historia m\u00e1s reciente.  no obstante, tambi\u00e9n es cierto su m\u00e9rito fue mucho pues signific\u00f3 el arranque oficial  de unos estudios que aunque tarde  respecto al resto de lops pa\u00edses europeos, comenzaba su andadura. Injustamente tratada por la clase poltica dominante cerr\u00f3 sus puertas cuando cumplia sus cinco primeros a\u00f1os de existencia. a partir de aqu\u00ed, la educaci\u00f3n f\u00edsica estuvo abandnada  y relegada   durante demasido tiempo. Hasta que dos nuevos proyectos intentaron sacarla del olvido , me refiero, a la escuela central de gimnasia del ejericito  (1919) y  posteriormente a la fallida escuela nacional de educaci\u00f3n f\u00edsica de la ii\u00aa rep\u00fablica (1933).<\/p>\n<p>&nbsp;<\/p>\n<h3>Datos acad\u00e9micos de la tesis doctoral \u00ab<strong>Centros, titulaciones y planes de estudio de educaci\u00f3n f\u00edsica y deportes en espa\u00f1a.<\/strong>\u00ab<\/h3>\n<ul>\n<li><strong>T\u00edtulo de la tesis:<\/strong>\u00a0 Centros, titulaciones y planes de estudio de educaci\u00f3n f\u00edsica y deportes en espa\u00f1a. <\/li>\n<li><strong>Autor:<\/strong>\u00a0 Jes\u00fas Luna Torres <\/li>\n<li><strong>Universidad:<\/strong>\u00a0 Polit\u00e9cnica de Madrid<\/li>\n<li><strong>Fecha de lectura de la tesis:<\/strong>\u00a0 22\/11\/2004<\/li>\n<\/ul>\n<p>&nbsp;<\/p>\n<h3>Direcci\u00f3n y tribunal<\/h3>\n<ul>\n<li><strong>Director de la tesis<\/strong>\n<ul>\n<li>Antonio Aguilera Fern\u00e1ndez<\/li>\n<\/ul>\n<\/li>\n<li><strong>Tribunal<\/strong>\n<ul>\n<li>Presidente del tribunal: carmen Gonzalez chamorro <\/li>\n<li> Zorrilla sanz pedro pablo (vocal)<\/li>\n<li>david Mata verdejo (vocal)<\/li>\n<li>Francisco Javier Calderon montero (vocal)<\/li>\n<\/ul>\n<\/li>\n<\/ul>\n<p>&nbsp;<\/p>\n","protected":false},"excerpt":{"rendered":"<p>Tesis doctoral de Jes\u00fas Luna Torres La educaci\u00f3n f\u00edsica y el deporte han tenido a lo largo de nuestra historia [&hellip;]<\/p>\n","protected":false},"author":1,"featured_media":0,"comment_status":"open","ping_status":"open","sticky":false,"template":"","format":"standard","meta":{"site-sidebar-layout":"default","site-content-layout":"","ast-site-content-layout":"","site-content-style":"default","site-sidebar-style":"default","ast-global-header-display":"","ast-banner-title-visibility":"","ast-main-header-display":"","ast-hfb-above-header-display":"","ast-hfb-below-header-display":"","ast-hfb-mobile-header-display":"","site-post-title":"","ast-breadcrumbs-content":"","ast-featured-img":"","footer-sml-layout":"","theme-transparent-header-meta":"","adv-header-id-meta":"","stick-header-meta":"","header-above-stick-meta":"","header-main-stick-meta":"","header-below-stick-meta":"","astra-migrate-meta-layouts":"default","ast-page-background-enabled":"default","ast-page-background-meta":{"desktop":{"background-color":"var(--ast-global-color-4)","background-image":"","background-repeat":"repeat","background-position":"center center","background-size":"auto","background-attachment":"scroll","background-type":"","background-media":"","overlay-type":"","overlay-color":"","overlay-gradient":""},"tablet":{"background-color":"","background-image":"","background-repeat":"repeat","background-position":"center center","background-size":"auto","background-attachment":"scroll","background-type":"","background-media":"","overlay-type":"","overlay-color":"","overlay-gradient":""},"mobile":{"background-color":"","background-image":"","background-repeat":"repeat","background-position":"center center","background-size":"auto","background-attachment":"scroll","background-type":"","background-media":"","overlay-type":"","overlay-color":"","overlay-gradient":""}},"ast-content-background-meta":{"desktop":{"background-color":"var(--ast-global-color-5)","background-image":"","background-repeat":"repeat","background-position":"center center","background-size":"auto","background-attachment":"scroll","background-type":"","background-media":"","overlay-type":"","overlay-color":"","overlay-gradient":""},"tablet":{"background-color":"var(--ast-global-color-5)","background-image":"","background-repeat":"repeat","background-position":"center center","background-size":"auto","background-attachment":"scroll","background-type":"","background-media":"","overlay-type":"","overlay-color":"","overlay-gradient":""},"mobile":{"background-color":"var(--ast-global-color-5)","background-image":"","background-repeat":"repeat","background-position":"center center","background-size":"auto","background-attachment":"scroll","background-type":"","background-media":"","overlay-type":"","overlay-color":"","overlay-gradient":""}},"footnotes":""},"categories":[7611,1184,1141,1340,16008,1341],"tags":[31084,93112,155552,43859,155550,155551],"class_list":["post-71373","post","type-post","status-publish","format-standard","hentry","category-organizacion-y-direccion-de-las-instituciones-educativas","category-organizacion-y-planificacion-de-la-educacion","category-pedagogia","category-planes-de-estudios","category-politecnica-de-madrid","category-teoria-y-metodos-educativos","tag-antonio-aguilera-fernandez","tag-carmen-gonzalez-chamorro","tag-david-mata-verdejo","tag-francisco-javier-calderon-montero","tag-jesus-luna-torres","tag-zorrilla-sanz-pedro-pablo"],"_links":{"self":[{"href":"https:\/\/www.deberes.net\/tesis\/wp-json\/wp\/v2\/posts\/71373","targetHints":{"allow":["GET"]}}],"collection":[{"href":"https:\/\/www.deberes.net\/tesis\/wp-json\/wp\/v2\/posts"}],"about":[{"href":"https:\/\/www.deberes.net\/tesis\/wp-json\/wp\/v2\/types\/post"}],"author":[{"embeddable":true,"href":"https:\/\/www.deberes.net\/tesis\/wp-json\/wp\/v2\/users\/1"}],"replies":[{"embeddable":true,"href":"https:\/\/www.deberes.net\/tesis\/wp-json\/wp\/v2\/comments?post=71373"}],"version-history":[{"count":0,"href":"https:\/\/www.deberes.net\/tesis\/wp-json\/wp\/v2\/posts\/71373\/revisions"}],"wp:attachment":[{"href":"https:\/\/www.deberes.net\/tesis\/wp-json\/wp\/v2\/media?parent=71373"}],"wp:term":[{"taxonomy":"category","embeddable":true,"href":"https:\/\/www.deberes.net\/tesis\/wp-json\/wp\/v2\/categories?post=71373"},{"taxonomy":"post_tag","embeddable":true,"href":"https:\/\/www.deberes.net\/tesis\/wp-json\/wp\/v2\/tags?post=71373"}],"curies":[{"name":"wp","href":"https:\/\/api.w.org\/{rel}","templated":true}]}}