{"id":71387,"date":"2018-03-09T23:15:59","date_gmt":"2018-03-09T23:15:59","guid":{"rendered":"https:\/\/www.deberes.net\/tesis\/sin-categoria\/el-estado-viable-no-cultivable-interacciones-con-el-medio-circundante-y-caracterizacion-molecular\/"},"modified":"2018-03-09T23:15:59","modified_gmt":"2018-03-09T23:15:59","slug":"el-estado-viable-no-cultivable-interacciones-con-el-medio-circundante-y-caracterizacion-molecular","status":"publish","type":"post","link":"https:\/\/www.deberes.net\/tesis\/ciencias-de-la-vida\/el-estado-viable-no-cultivable-interacciones-con-el-medio-circundante-y-caracterizacion-molecular\/","title":{"rendered":"El estado viable no cultivable, interacciones con el medio circundante y caracterizacion molecular"},"content":{"rendered":"<h2>Tesis doctoral de <strong> Carolina Seco Mu\u00f1oz <\/strong><\/h2>\n<p>Bajo condiciones adversas las bacterias gram negativas, como escherichia coli, entran en estado viable no cultivable (vnc). Este estado vnc comprende c\u00e9lulas que, si bien no crecen en medios de cultivo convencionales, presentan signos de actividad o determinadas funciones fisiol\u00f3gicas. El significado biol\u00f3gico y las implicaciones de este estado celular han sido objeto de pol\u00e9mica y desacuerdo entre los microbi\u00f3logos. Actualmente nos encontramos con dos interpretaciones; el estado vnc es una estrategia de adaptaci\u00f3n a condiciones ambientales adversas que adoptan algunos procariotas no sujetos a procesos de diferenciaci\u00f3n celular; o bien, este estado es el resultado de un proceso degenerativo que conduce a la muerte celular. Los estudios encaminados a dirimir estas dos opciones se centran en dos aspectos fundamentales: la b\u00fasqueda de se\u00f1ales moleculares implicadas en la entrada y salida del estado vnc y; el an\u00e1lisis de la composici\u00f3n proteica de las c\u00e9lulas en este estado como paso previo a la identificaci\u00f3n de los genes implicados en el proceso y como conocimiento global del fenotipo molecular del estado vnc.  en el contexto de las se\u00f1ales moleculares, nuestra hip\u00f3tesis de trabajo plantea que el tr\u00e1nsito al estado vnc tiene lugar con la participaci\u00f3n de se\u00f1ales c\u00e9lula-c\u00e9lula. Estas se\u00f1ales moleculares estar\u00edan presentes en los sobrenadantes provenientes de las experiencias de supervivencia. en este trabajo, estudiamos las interrelaciones entre e. Coli y la composici\u00f3n qu\u00edmica del medio circundante a lo largo de un proceso de supervivencia. as\u00ed, se obtuvieron extractos libres de c\u00e9lulas con el fin de caracterizarlos qu\u00edmicamente y de estudiar su efecto en poblaciones de e. Coli bajo condiciones adversas y en crecimiento activo. Nuestros resultados nos permiten concluir que durante el tr\u00e1nsito desde el estado cultivable al estado vnc, e. Coli libera mol\u00e9culas org\u00e1nicas al medio circundante si bien no existe relac<\/p>\n<p>&nbsp;<\/p>\n<h3>Datos acad\u00e9micos de la tesis doctoral \u00ab<strong>El estado viable no cultivable, interacciones con el medio circundante y caracterizacion molecular<\/strong>\u00ab<\/h3>\n<ul>\n<li><strong>T\u00edtulo de la tesis:<\/strong>\u00a0 El estado viable no cultivable, interacciones con el medio circundante y caracterizacion molecular <\/li>\n<li><strong>Autor:<\/strong>\u00a0 Carolina Seco Mu\u00f1oz <\/li>\n<li><strong>Universidad:<\/strong>\u00a0 Pa\u00eds vasco\/euskal herriko unibertsitatea<\/li>\n<li><strong>Fecha de lectura de la tesis:<\/strong>\u00a0 23\/11\/2004<\/li>\n<\/ul>\n<p>&nbsp;<\/p>\n<h3>Direcci\u00f3n y tribunal<\/h3>\n<ul>\n<li><strong>Director de la tesis<\/strong>\n<ul>\n<li>Isabel Barcina Lopez<\/li>\n<\/ul>\n<\/li>\n<li><strong>Tribunal<\/strong>\n<ul>\n<li>Presidente del tribunal: ramon Cisterna cancer <\/li>\n<li>Antonio Lopez Juan (vocal)<\/li>\n<li>Miguel Vi\u00f1as ciordia (vocal)<\/li>\n<li>concepcion Gil garcia (vocal)<\/li>\n<\/ul>\n<\/li>\n<\/ul>\n<p>&nbsp;<\/p>\n","protected":false},"excerpt":{"rendered":"<p>Tesis doctoral de Carolina Seco Mu\u00f1oz Bajo condiciones adversas las bacterias gram negativas, como escherichia coli, entran en estado viable [&hellip;]<\/p>\n","protected":false},"author":1,"featured_media":0,"comment_status":"open","ping_status":"open","sticky":false,"template":"","format":"standard","meta":{"site-sidebar-layout":"default","site-content-layout":"","ast-site-content-layout":"","site-content-style":"default","site-sidebar-style":"default","ast-global-header-display":"","ast-banner-title-visibility":"","ast-main-header-display":"","ast-hfb-above-header-display":"","ast-hfb-below-header-display":"","ast-hfb-mobile-header-display":"","site-post-title":"","ast-breadcrumbs-content":"","ast-featured-img":"","footer-sml-layout":"","theme-transparent-header-meta":"","adv-header-id-meta":"","stick-header-meta":"","header-above-stick-meta":"","header-main-stick-meta":"","header-below-stick-meta":"","astra-migrate-meta-layouts":"default","ast-page-background-enabled":"default","ast-page-background-meta":{"desktop":{"background-color":"var(--ast-global-color-4)","background-image":"","background-repeat":"repeat","background-position":"center center","background-size":"auto","background-attachment":"scroll","background-type":"","background-media":"","overlay-type":"","overlay-color":"","overlay-gradient":""},"tablet":{"background-color":"","background-image":"","background-repeat":"repeat","background-position":"center center","background-size":"auto","background-attachment":"scroll","background-type":"","background-media":"","overlay-type":"","overlay-color":"","overlay-gradient":""},"mobile":{"background-color":"","background-image":"","background-repeat":"repeat","background-position":"center center","background-size":"auto","background-attachment":"scroll","background-type":"","background-media":"","overlay-type":"","overlay-color":"","overlay-gradient":""}},"ast-content-background-meta":{"desktop":{"background-color":"var(--ast-global-color-5)","background-image":"","background-repeat":"repeat","background-position":"center center","background-size":"auto","background-attachment":"scroll","background-type":"","background-media":"","overlay-type":"","overlay-color":"","overlay-gradient":""},"tablet":{"background-color":"var(--ast-global-color-5)","background-image":"","background-repeat":"repeat","background-position":"center center","background-size":"auto","background-attachment":"scroll","background-type":"","background-media":"","overlay-type":"","overlay-color":"","overlay-gradient":""},"mobile":{"background-color":"var(--ast-global-color-5)","background-image":"","background-repeat":"repeat","background-position":"center center","background-size":"auto","background-attachment":"scroll","background-type":"","background-media":"","overlay-type":"","overlay-color":"","overlay-gradient":""}},"footnotes":""},"categories":[35,278,12909],"tags":[155576,155575,50945,28093,1241,5148],"class_list":["post-71387","post","type-post","status-publish","format-standard","hentry","category-ciencias-de-la-vida","category-microbiologia","category-pais-vasco-euskal-herriko-unibertsitatea","tag-antonio-lopez-juan","tag-carolina-seco-munoz","tag-concepcion-gil-garcia","tag-isabel-barcina-lopez","tag-miguel-vinas-ciordia","tag-ramon-cisterna-cancer"],"_links":{"self":[{"href":"https:\/\/www.deberes.net\/tesis\/wp-json\/wp\/v2\/posts\/71387","targetHints":{"allow":["GET"]}}],"collection":[{"href":"https:\/\/www.deberes.net\/tesis\/wp-json\/wp\/v2\/posts"}],"about":[{"href":"https:\/\/www.deberes.net\/tesis\/wp-json\/wp\/v2\/types\/post"}],"author":[{"embeddable":true,"href":"https:\/\/www.deberes.net\/tesis\/wp-json\/wp\/v2\/users\/1"}],"replies":[{"embeddable":true,"href":"https:\/\/www.deberes.net\/tesis\/wp-json\/wp\/v2\/comments?post=71387"}],"version-history":[{"count":0,"href":"https:\/\/www.deberes.net\/tesis\/wp-json\/wp\/v2\/posts\/71387\/revisions"}],"wp:attachment":[{"href":"https:\/\/www.deberes.net\/tesis\/wp-json\/wp\/v2\/media?parent=71387"}],"wp:term":[{"taxonomy":"category","embeddable":true,"href":"https:\/\/www.deberes.net\/tesis\/wp-json\/wp\/v2\/categories?post=71387"},{"taxonomy":"post_tag","embeddable":true,"href":"https:\/\/www.deberes.net\/tesis\/wp-json\/wp\/v2\/tags?post=71387"}],"curies":[{"name":"wp","href":"https:\/\/api.w.org\/{rel}","templated":true}]}}