{"id":71438,"date":"2018-03-09T23:16:03","date_gmt":"2018-03-09T23:16:03","guid":{"rendered":"https:\/\/www.deberes.net\/tesis\/sin-categoria\/la-casa-criolla-en-la-formacion-de-la-ciudad-de-rosario-1890-1920\/"},"modified":"2018-03-09T23:16:03","modified_gmt":"2018-03-09T23:16:03","slug":"la-casa-criolla-en-la-formacion-de-la-ciudad-de-rosario-1890-1920","status":"publish","type":"post","link":"https:\/\/www.deberes.net\/tesis\/historia\/la-casa-criolla-en-la-formacion-de-la-ciudad-de-rosario-1890-1920\/","title":{"rendered":"La casa criolla en la formaci\u00f3n de la ciudad de rosario 1890-1920"},"content":{"rendered":"<h2>Tesis doctoral de <strong>  Gregorio Beltrame Roberto H\u00e9ctor De <\/strong><\/h2>\n<p>La ciudad de rosario, en la pampa h\u00fameda argentina, crece de un modo sorpresivamente inusitado. Un gran aluvi\u00f3n de inmigrantes procedentes de las m\u00e1s diversas naciones, llega a ella atra\u00eddos por su enorme oferta de trabajo y encuentran su soluci\u00f3n de vivienda en el tipo llamada criolla, que al ser tan masivamente elegida, forma y constituye el tejido urbano.Casa y gestores conforman el escenario de un caso singular dentro del panorama sudamericano.<\/p>\n<p>&nbsp;<\/p>\n<h3>Datos acad\u00e9micos de la tesis doctoral \u00ab<strong>La casa criolla en la formaci\u00f3n de la ciudad de rosario 1890-1920<\/strong>\u00ab<\/h3>\n<ul>\n<li><strong>T\u00edtulo de la tesis:<\/strong>\u00a0 La casa criolla en la formaci\u00f3n de la ciudad de rosario 1890-1920 <\/li>\n<li><strong>Autor:<\/strong>\u00a0  Gregorio Beltrame Roberto H\u00e9ctor De <\/li>\n<li><strong>Universidad:<\/strong>\u00a0 Pablo de olavide<\/li>\n<li><strong>Fecha de lectura de la tesis:<\/strong>\u00a0 25\/11\/2004<\/li>\n<\/ul>\n<p>&nbsp;<\/p>\n<h3>Direcci\u00f3n y tribunal<\/h3>\n<ul>\n<li><strong>Director de la tesis<\/strong>\n<ul>\n<li>Diego Lecuona<\/li>\n<\/ul>\n<\/li>\n<li><strong>Tribunal<\/strong>\n<ul>\n<li>Presidente del tribunal: victor Perez escolano <\/li>\n<li>pablo Dia\u00f1ez rubio (vocal)<\/li>\n<li>Mar\u00eda del valle G\u00f3mez de terreros guardiola (vocal)<\/li>\n<li>arsenio Moreno mendoza (vocal)<\/li>\n<\/ul>\n<\/li>\n<\/ul>\n<p>&nbsp;<\/p>\n","protected":false},"excerpt":{"rendered":"<p>Tesis doctoral de Gregorio Beltrame Roberto H\u00e9ctor De La ciudad de rosario, en la pampa h\u00fameda argentina, crece de un [&hellip;]<\/p>\n","protected":false},"author":1,"featured_media":0,"comment_status":"open","ping_status":"open","sticky":false,"template":"","format":"standard","meta":{"site-sidebar-layout":"default","site-content-layout":"","ast-site-content-layout":"","site-content-style":"default","site-sidebar-style":"default","ast-global-header-display":"","ast-banner-title-visibility":"","ast-main-header-display":"","ast-hfb-above-header-display":"","ast-hfb-below-header-display":"","ast-hfb-mobile-header-display":"","site-post-title":"","ast-breadcrumbs-content":"","ast-featured-img":"","footer-sml-layout":"","theme-transparent-header-meta":"","adv-header-id-meta":"","stick-header-meta":"","header-above-stick-meta":"","header-main-stick-meta":"","header-below-stick-meta":"","astra-migrate-meta-layouts":"default","ast-page-background-enabled":"default","ast-page-background-meta":{"desktop":{"background-color":"var(--ast-global-color-4)","background-image":"","background-repeat":"repeat","background-position":"center center","background-size":"auto","background-attachment":"scroll","background-type":"","background-media":"","overlay-type":"","overlay-color":"","overlay-gradient":""},"tablet":{"background-color":"","background-image":"","background-repeat":"repeat","background-position":"center center","background-size":"auto","background-attachment":"scroll","background-type":"","background-media":"","overlay-type":"","overlay-color":"","overlay-gradient":""},"mobile":{"background-color":"","background-image":"","background-repeat":"repeat","background-position":"center center","background-size":"auto","background-attachment":"scroll","background-type":"","background-media":"","overlay-type":"","overlay-color":"","overlay-gradient":""}},"ast-content-background-meta":{"desktop":{"background-color":"var(--ast-global-color-5)","background-image":"","background-repeat":"repeat","background-position":"center center","background-size":"auto","background-attachment":"scroll","background-type":"","background-media":"","overlay-type":"","overlay-color":"","overlay-gradient":""},"tablet":{"background-color":"var(--ast-global-color-5)","background-image":"","background-repeat":"repeat","background-position":"center center","background-size":"auto","background-attachment":"scroll","background-type":"","background-media":"","overlay-type":"","overlay-color":"","overlay-gradient":""},"mobile":{"background-color":"var(--ast-global-color-5)","background-image":"","background-repeat":"repeat","background-position":"center center","background-size":"auto","background-attachment":"scroll","background-type":"","background-media":"","overlay-type":"","overlay-color":"","overlay-gradient":""}},"footnotes":""},"categories":[104,6049,1745,1014,220,222,37286],"tags":[115063,155665,155664,49304,20818,11230],"class_list":["post-71438","post","type-post","status-publish","format-standard","hentry","category-historia","category-historia-contemporanea-del-area-americana","category-historia-de-la-arquitectura","category-historia-del-arte","category-historia-por-epocas","category-historias-especializadas","category-pablo-de-olavide","tag-arsenio-moreno-mendoza","tag-diego-lecuona","tag-gregorio-beltrame-roberto-hector-de","tag-maria-del-valle-gomez-de-terreros-guardiola","tag-pablo-dianez-rubio","tag-victor-perez-escolano"],"_links":{"self":[{"href":"https:\/\/www.deberes.net\/tesis\/wp-json\/wp\/v2\/posts\/71438","targetHints":{"allow":["GET"]}}],"collection":[{"href":"https:\/\/www.deberes.net\/tesis\/wp-json\/wp\/v2\/posts"}],"about":[{"href":"https:\/\/www.deberes.net\/tesis\/wp-json\/wp\/v2\/types\/post"}],"author":[{"embeddable":true,"href":"https:\/\/www.deberes.net\/tesis\/wp-json\/wp\/v2\/users\/1"}],"replies":[{"embeddable":true,"href":"https:\/\/www.deberes.net\/tesis\/wp-json\/wp\/v2\/comments?post=71438"}],"version-history":[{"count":0,"href":"https:\/\/www.deberes.net\/tesis\/wp-json\/wp\/v2\/posts\/71438\/revisions"}],"wp:attachment":[{"href":"https:\/\/www.deberes.net\/tesis\/wp-json\/wp\/v2\/media?parent=71438"}],"wp:term":[{"taxonomy":"category","embeddable":true,"href":"https:\/\/www.deberes.net\/tesis\/wp-json\/wp\/v2\/categories?post=71438"},{"taxonomy":"post_tag","embeddable":true,"href":"https:\/\/www.deberes.net\/tesis\/wp-json\/wp\/v2\/tags?post=71438"}],"curies":[{"name":"wp","href":"https:\/\/api.w.org\/{rel}","templated":true}]}}