{"id":71448,"date":"2018-03-09T23:16:03","date_gmt":"2018-03-09T23:16:03","guid":{"rendered":"https:\/\/www.deberes.net\/tesis\/sin-categoria\/contingencia-y-realismo-en-el-pensamiento-moral-de-iris-murdoch\/"},"modified":"2018-03-09T23:16:03","modified_gmt":"2018-03-09T23:16:03","slug":"contingencia-y-realismo-en-el-pensamiento-moral-de-iris-murdoch","status":"publish","type":"post","link":"https:\/\/www.deberes.net\/tesis\/historia\/contingencia-y-realismo-en-el-pensamiento-moral-de-iris-murdoch\/","title":{"rendered":"Contingencia y realismo en el pensamiento moral de iris murdoch"},"content":{"rendered":"<h2>Tesis doctoral de <strong> Alfonso L\u00f3pez Hern\u00e1ndez <\/strong><\/h2>\n<p>Esta tesis propone una interpretaci\u00f3n filos\u00f3fica de la reflexi\u00f3n moral que iris murdoch lleva a cabo tanto en sus ensayos te\u00f3ricos como  en su obra novesl\u00edstica.Como hilo conductor de este enfoque sin\u00f3ptico del pensamiento murdoquiano, mi investigaci\u00f3n se centra en los diferentes usos que la autora hace del concepto de contingencia para articular su descripci\u00f3n y defensa del car\u00e1cter \u00fanico y digno de valor del individuo humano.En el plano te\u00f3rico , la contingencia humana exige un realismo metodol\u00f3gico que la autora cree ausente de las principales corrientes de filosof\u00eda moral en el siglo xx.Para esbozar las exigencias de un realismo tal, mundoch acude a los discursos de aproximaci\u00f3n dela realidad moral que nos ofrecen el arte y la religi\u00f3n.Por otro lado, un estudio de su vertiente creativa revela que la ficci\u00f3n murdoquiana y en especial su novel\u00edstica-contituye un elemento original e insollayable de su propuesta descriptivo-moral.Espec\u00edficamente, el realismo moral c\u00f3mico que muestran algunas de sus mejores novelas funciona como un correctivo importante y necesario del realismo moral tr\u00e1gico que tanto enfatiza su pensamiento religioso.<\/p>\n<p>&nbsp;<\/p>\n<h3>Datos acad\u00e9micos de la tesis doctoral \u00ab<strong>Contingencia y realismo en el pensamiento moral de iris murdoch<\/strong>\u00ab<\/h3>\n<ul>\n<li><strong>T\u00edtulo de la tesis:<\/strong>\u00a0 Contingencia y realismo en el pensamiento moral de iris murdoch <\/li>\n<li><strong>Autor:<\/strong>\u00a0 Alfonso L\u00f3pez Hern\u00e1ndez <\/li>\n<li><strong>Universidad:<\/strong>\u00a0 Complutense de Madrid<\/li>\n<li><strong>Fecha de lectura de la tesis:<\/strong>\u00a0 26\/11\/2004<\/li>\n<\/ul>\n<p>&nbsp;<\/p>\n<h3>Direcci\u00f3n y tribunal<\/h3>\n<ul>\n<li><strong>Director de la tesis<\/strong>\n<ul>\n<li> De Salas Ortreta Jaime<\/li>\n<\/ul>\n<\/li>\n<li><strong>Tribunal<\/strong>\n<ul>\n<li>Presidente del tribunal: jacobo Mu\u00f1oz veiga <\/li>\n<li> Alvarez fernandez lLuis xavier (vocal)<\/li>\n<li>Ana Mar\u00eda Leyra soriano (vocal)<\/li>\n<li>Fernando Galva\u00edn renla (vocal)<\/li>\n<\/ul>\n<\/li>\n<\/ul>\n<p>&nbsp;<\/p>\n","protected":false},"excerpt":{"rendered":"<p>Tesis doctoral de Alfonso L\u00f3pez Hern\u00e1ndez Esta tesis propone una interpretaci\u00f3n filos\u00f3fica de la reflexi\u00f3n moral que iris murdoch lleva [&hellip;]<\/p>\n","protected":false},"author":1,"featured_media":0,"comment_status":"open","ping_status":"open","sticky":false,"template":"","format":"standard","meta":{"site-sidebar-layout":"default","site-content-layout":"","ast-site-content-layout":"","site-content-style":"default","site-sidebar-style":"default","ast-global-header-display":"","ast-banner-title-visibility":"","ast-main-header-display":"","ast-hfb-above-header-display":"","ast-hfb-below-header-display":"","ast-hfb-mobile-header-display":"","site-post-title":"","ast-breadcrumbs-content":"","ast-featured-img":"","footer-sml-layout":"","theme-transparent-header-meta":"","adv-header-id-meta":"","stick-header-meta":"","header-above-stick-meta":"","header-main-stick-meta":"","header-below-stick-meta":"","astra-migrate-meta-layouts":"default","ast-page-background-enabled":"default","ast-page-background-meta":{"desktop":{"background-color":"var(--ast-global-color-4)","background-image":"","background-repeat":"repeat","background-position":"center center","background-size":"auto","background-attachment":"scroll","background-type":"","background-media":"","overlay-type":"","overlay-color":"","overlay-gradient":""},"tablet":{"background-color":"","background-image":"","background-repeat":"repeat","background-position":"center center","background-size":"auto","background-attachment":"scroll","background-type":"","background-media":"","overlay-type":"","overlay-color":"","overlay-gradient":""},"mobile":{"background-color":"","background-image":"","background-repeat":"repeat","background-position":"center center","background-size":"auto","background-attachment":"scroll","background-type":"","background-media":"","overlay-type":"","overlay-color":"","overlay-gradient":""}},"ast-content-background-meta":{"desktop":{"background-color":"var(--ast-global-color-5)","background-image":"","background-repeat":"repeat","background-position":"center center","background-size":"auto","background-attachment":"scroll","background-type":"","background-media":"","overlay-type":"","overlay-color":"","overlay-gradient":""},"tablet":{"background-color":"var(--ast-global-color-5)","background-image":"","background-repeat":"repeat","background-position":"center center","background-size":"auto","background-attachment":"scroll","background-type":"","background-media":"","overlay-type":"","overlay-color":"","overlay-gradient":""},"mobile":{"background-color":"var(--ast-global-color-5)","background-image":"","background-repeat":"repeat","background-position":"center center","background-size":"auto","background-attachment":"scroll","background-type":"","background-media":"","overlay-type":"","overlay-color":"","overlay-gradient":""}},"footnotes":""},"categories":[681,983,165,1078,104,3538,222,17785,32239],"tags":[155685,24588,23338,155686,155687,5252],"class_list":["post-71448","post","type-post","status-publish","format-standard","hentry","category-antropologia","category-antropologia-cultural","category-filosofia","category-filosofia-social","category-historia","category-historia-de-las-ideas-politicas","category-historias-especializadas","category-religion","category-teoria-de-las-ideologias","tag-alfonso-lopez-hernandez","tag-alvarez-fernandez-lluis-xavier","tag-ana-maria-leyra-soriano","tag-de-salas-ortreta-jaime","tag-fernando-galvain-renla","tag-jacobo-munoz-veiga"],"_links":{"self":[{"href":"https:\/\/www.deberes.net\/tesis\/wp-json\/wp\/v2\/posts\/71448","targetHints":{"allow":["GET"]}}],"collection":[{"href":"https:\/\/www.deberes.net\/tesis\/wp-json\/wp\/v2\/posts"}],"about":[{"href":"https:\/\/www.deberes.net\/tesis\/wp-json\/wp\/v2\/types\/post"}],"author":[{"embeddable":true,"href":"https:\/\/www.deberes.net\/tesis\/wp-json\/wp\/v2\/users\/1"}],"replies":[{"embeddable":true,"href":"https:\/\/www.deberes.net\/tesis\/wp-json\/wp\/v2\/comments?post=71448"}],"version-history":[{"count":0,"href":"https:\/\/www.deberes.net\/tesis\/wp-json\/wp\/v2\/posts\/71448\/revisions"}],"wp:attachment":[{"href":"https:\/\/www.deberes.net\/tesis\/wp-json\/wp\/v2\/media?parent=71448"}],"wp:term":[{"taxonomy":"category","embeddable":true,"href":"https:\/\/www.deberes.net\/tesis\/wp-json\/wp\/v2\/categories?post=71448"},{"taxonomy":"post_tag","embeddable":true,"href":"https:\/\/www.deberes.net\/tesis\/wp-json\/wp\/v2\/tags?post=71448"}],"curies":[{"name":"wp","href":"https:\/\/api.w.org\/{rel}","templated":true}]}}