{"id":71462,"date":"2018-03-09T23:16:07","date_gmt":"2018-03-09T23:16:07","guid":{"rendered":"https:\/\/www.deberes.net\/tesis\/sin-categoria\/cambios-del-espacio-aereo-posterior-despues-de-ciruga%c2%ada-ortognatica\/"},"modified":"2018-03-09T23:16:07","modified_gmt":"2018-03-09T23:16:07","slug":"cambios-del-espacio-aereo-posterior-despues-de-ciruga%c2%ada-ortognatica","status":"publish","type":"post","link":"https:\/\/www.deberes.net\/tesis\/ciencias-medicas\/cambios-del-espacio-aereo-posterior-despues-de-ciruga%c2%ada-ortognatica\/","title":{"rendered":"Cambios del espacio a\u00e9reo posterior despu\u00e9s de cirugia ortogn\u00e1tica."},"content":{"rendered":"<h2>Tesis doctoral de <strong>  Barea G\u00e1miz  Jos\u00e9 \u00e1ngel <\/strong><\/h2>\n<p>El prop\u00f3sito del presente estudio fue evaluar los efectos de la cirug\u00eda ortogn\u00e1tica en el espacio a\u00e9reo far\u00edngeo y en la anatom\u00eda velofar\u00edngea en pacientes intervenidos por una maloclusi\u00f3n clase iii de angle. Fueron analizados 30 pacientes asintom\u00e1ticos (19 hombres, 11 mujeres) con maloclusion clase iii de angle que se beneficiaron de una osteotom\u00eda sagital bilateral de retroceso en algunos casos asociada a una osteotom\u00eda le fort i de avance. para prop\u00f3sito de estudio los pacientes fueron  divididos en 2 grupos: grupo 1, 18 pacientes (11 hombres, 7 mujeres) con una media de edad de 20.30 a\u00f1os a los que se les realiz\u00f3 una osteotom\u00eda sagital bilateral de retroceso y grupo 2, 12 pacientes (8 hombres y 4 mujeres) con una media de edad de 22.3 a\u00f1os a los que se le realiz\u00f3 una cirug\u00eda bimaxilar asociando a la osteotom\u00eda sagital bilateral de retroceso una osteotom\u00eda maxilar le fort i de avance. Se analizaron las teleradiograf\u00edas de perfil preoperatoria y postoperatoria para correlacionar los cambios en las dimensiones del espacio a\u00e9reo far\u00edngeo y la anatom\u00eda velofar\u00edngea con los cambios en la posici\u00f3n maxilar y mandibular. La media de seguimiento fue 12.2 meses en el grupo 1 y de 19.6 meses en el grupo 2. La media del cambio quir\u00fargico en el punto a  fue 0 mm en el grupo y 3.16 mm en el grupo 2.  La media de retraso mandibular medida en el punto b fue -6.4 mm para el grupo 1 y  -6.08mm para el grupo 2. Despu\u00e9s de la cirug\u00eda, los pacientes del grupo 1 ten\u00edan una disminuci\u00f3n en el espacio a\u00e9reo far\u00edngeo igual al 23.88% para el paladar blando y al 25.03% en la base de la lengua de la cantidad de retraso mandibular. Los pacientes del grupo 2 ten\u00edan una disminuci\u00f3n en el espacio a\u00e9reo far\u00edngeo igual al 25.00% para el paladar blando y al 29.13% en la base de la lengua de la cantidad de retraso mandibular. Aunque los valores del espacio aereo posterior disminuyen hasta valores l\u00edmite despu\u00e9s de la cirug\u00eda ninguno d<\/p>\n<p>&nbsp;<\/p>\n<h3>Datos acad\u00e9micos de la tesis doctoral \u00ab<strong>Cambios del espacio a\u00e9reo posterior despu\u00e9s de cirugia ortogn\u00e1tica.<\/strong>\u00ab<\/h3>\n<ul>\n<li><strong>T\u00edtulo de la tesis:<\/strong>\u00a0 Cambios del espacio a\u00e9reo posterior despu\u00e9s de cirugia ortogn\u00e1tica. <\/li>\n<li><strong>Autor:<\/strong>\u00a0  Barea G\u00e1miz  Jos\u00e9 \u00e1ngel <\/li>\n<li><strong>Universidad:<\/strong>\u00a0 Universitat de val\u00e9ncia (estudi general)<\/li>\n<li><strong>Fecha de lectura de la tesis:<\/strong>\u00a0 26\/11\/2004<\/li>\n<\/ul>\n<p>&nbsp;<\/p>\n<h3>Direcci\u00f3n y tribunal<\/h3>\n<ul>\n<li><strong>Director de la tesis<\/strong>\n<ul>\n<li>Jos\u00e9 Vicente Bagan Sebastian<\/li>\n<\/ul>\n<\/li>\n<li><strong>Tribunal<\/strong>\n<ul>\n<li>Presidente del tribunal: Jorge Basterra alegria <\/li>\n<li>abel Garc\u00eda Garc\u00eda (vocal)<\/li>\n<li>gustavo Juan  samper (vocal)<\/li>\n<li>vicente Monle\u00f3n alegre (vocal)<\/li>\n<\/ul>\n<\/li>\n<\/ul>\n<p>&nbsp;<\/p>\n","protected":false},"excerpt":{"rendered":"<p>Tesis doctoral de Barea G\u00e1miz Jos\u00e9 \u00e1ngel El prop\u00f3sito del presente estudio fue evaluar los efectos de la cirug\u00eda ortogn\u00e1tica [&hellip;]<\/p>\n","protected":false},"author":1,"featured_media":0,"comment_status":"open","ping_status":"open","sticky":false,"template":"","format":"standard","meta":{"site-sidebar-layout":"default","site-content-layout":"","ast-site-content-layout":"","site-content-style":"default","site-sidebar-style":"default","ast-global-header-display":"","ast-banner-title-visibility":"","ast-main-header-display":"","ast-hfb-above-header-display":"","ast-hfb-below-header-display":"","ast-hfb-mobile-header-display":"","site-post-title":"","ast-breadcrumbs-content":"","ast-featured-img":"","footer-sml-layout":"","theme-transparent-header-meta":"","adv-header-id-meta":"","stick-header-meta":"","header-above-stick-meta":"","header-main-stick-meta":"","header-below-stick-meta":"","astra-migrate-meta-layouts":"default","ast-page-background-enabled":"default","ast-page-background-meta":{"desktop":{"background-color":"var(--ast-global-color-4)","background-image":"","background-repeat":"repeat","background-position":"center center","background-size":"auto","background-attachment":"scroll","background-type":"","background-media":"","overlay-type":"","overlay-color":"","overlay-gradient":""},"tablet":{"background-color":"","background-image":"","background-repeat":"repeat","background-position":"center center","background-size":"auto","background-attachment":"scroll","background-type":"","background-media":"","overlay-type":"","overlay-color":"","overlay-gradient":""},"mobile":{"background-color":"","background-image":"","background-repeat":"repeat","background-position":"center center","background-size":"auto","background-attachment":"scroll","background-type":"","background-media":"","overlay-type":"","overlay-color":"","overlay-gradient":""}},"ast-content-background-meta":{"desktop":{"background-color":"var(--ast-global-color-5)","background-image":"","background-repeat":"repeat","background-position":"center center","background-size":"auto","background-attachment":"scroll","background-type":"","background-media":"","overlay-type":"","overlay-color":"","overlay-gradient":""},"tablet":{"background-color":"var(--ast-global-color-5)","background-image":"","background-repeat":"repeat","background-position":"center center","background-size":"auto","background-attachment":"scroll","background-type":"","background-media":"","overlay-type":"","overlay-color":"","overlay-gradient":""},"mobile":{"background-color":"var(--ast-global-color-5)","background-image":"","background-repeat":"repeat","background-position":"center center","background-size":"auto","background-attachment":"scroll","background-type":"","background-media":"","overlay-type":"","overlay-color":"","overlay-gradient":""}},"footnotes":""},"categories":[9,141,7472],"tags":[48307,155713,12212,27159,11372,155714],"class_list":["post-71462","post","type-post","status-publish","format-standard","hentry","category-ciencias-medicas","category-cirugia","category-cirugia-maxilofacial","tag-abel-garcia-garcia","tag-barea-gamiz-jose-angel","tag-gustavo-juan-samper","tag-jorge-basterra-alegria","tag-jose-vicente-bagan-sebastian","tag-vicente-monleon-alegre"],"_links":{"self":[{"href":"https:\/\/www.deberes.net\/tesis\/wp-json\/wp\/v2\/posts\/71462","targetHints":{"allow":["GET"]}}],"collection":[{"href":"https:\/\/www.deberes.net\/tesis\/wp-json\/wp\/v2\/posts"}],"about":[{"href":"https:\/\/www.deberes.net\/tesis\/wp-json\/wp\/v2\/types\/post"}],"author":[{"embeddable":true,"href":"https:\/\/www.deberes.net\/tesis\/wp-json\/wp\/v2\/users\/1"}],"replies":[{"embeddable":true,"href":"https:\/\/www.deberes.net\/tesis\/wp-json\/wp\/v2\/comments?post=71462"}],"version-history":[{"count":0,"href":"https:\/\/www.deberes.net\/tesis\/wp-json\/wp\/v2\/posts\/71462\/revisions"}],"wp:attachment":[{"href":"https:\/\/www.deberes.net\/tesis\/wp-json\/wp\/v2\/media?parent=71462"}],"wp:term":[{"taxonomy":"category","embeddable":true,"href":"https:\/\/www.deberes.net\/tesis\/wp-json\/wp\/v2\/categories?post=71462"},{"taxonomy":"post_tag","embeddable":true,"href":"https:\/\/www.deberes.net\/tesis\/wp-json\/wp\/v2\/tags?post=71462"}],"curies":[{"name":"wp","href":"https:\/\/api.w.org\/{rel}","templated":true}]}}