{"id":71505,"date":"2018-03-09T23:16:07","date_gmt":"2018-03-09T23:16:07","guid":{"rendered":"https:\/\/www.deberes.net\/tesis\/sin-categoria\/estudio-de-seguimiento-de-la-encuesta-de-salud-de-cornella-diseno-metodologa%c2%ada-y-determinantes-del-tabaquismo\/"},"modified":"2018-03-09T23:16:07","modified_gmt":"2018-03-09T23:16:07","slug":"estudio-de-seguimiento-de-la-encuesta-de-salud-de-cornella-diseno-metodologa%c2%ada-y-determinantes-del-tabaquismo","status":"publish","type":"post","link":"https:\/\/www.deberes.net\/tesis\/psicologia\/estudio-de-seguimiento-de-la-encuesta-de-salud-de-cornella-diseno-metodologa%c2%ada-y-determinantes-del-tabaquismo\/","title":{"rendered":"Estudio de seguimiento de la encuesta de salud de cornell\u00c1\u00a0: dise\u00f1o, metodolog\u00eda y determinantes del tabaquismo"},"content":{"rendered":"<h2>Tesis doctoral de <strong> Montserrat Garc\u00eda Mart\u00ednez <\/strong><\/h2>\n<p>En esta memoria se presenta el dise\u00f1o y la metodolog\u00eda utilizada en el estudio de seguimiento de la encuesta de salud de cornell\u00ed\u00a0 de llobregat (es.Esc), los determinantes del abandono del consumo de tabaco y las caracter\u00edsticas asociadas a la reducci\u00f3n del consumo de tabaco durante los ocho a\u00f1os de seguimiento de la cohorte.  la cohorte original consisti\u00f3 en 2.500 sujetos (1.263 mujeres y 1.237 hombres) entrevistados en 1994 como parte de la encuesta de la salud de cornell\u00ed\u00a0. se realiz\u00f3 un registro computerizado de datos para actualizar la direcci\u00f3n y el estado vital de los miembros de la cohorte. A continuaci\u00f3n, se intent\u00f3 localizar a los miembros de la cohorte con la finalidad de entrevistarlos telef\u00f3nicamente. El an\u00e1lisis de los determinantes del abandono y la reducci\u00f3n del consumo de tabaco se restringi\u00f3 a los fumadores identificados en la entrevista basal (1994) y con informaci\u00f3n completa en la encuesta de seguimiento (2002).  la tasa de respuesta fue relativamente alta y la no participaci\u00f3n fue debida principalmente a p\u00e9rdidas naturales como la emigraci\u00f3n o el fallecimiento de los participantes. Pese a que el desgaste muestral no se produjo completamente de forma aleatoria no se observ\u00f3 un sesgo relevante en la estimaci\u00f3n del cambio y los determinantes del cambio a las p\u00e9rdidas de sujetos.  los principales determinantes del abandono del consumo de tabaco son sociodemogr\u00e1ficos (sexo, edad y nivel de estudios). Respecto a la reducci\u00f3n del consumo de tabaco cabe mencionar que es una opci\u00f3n terap\u00e9utica que podr\u00eda recomendarse a fumadores recalcitrantes que han intentado dejar de fumar en reiteradas ocasiones sin \u00e9xito alguno o a aquellos que no est\u00e1n motivados para abandonar el consumo de tabaco.<\/p>\n<p>&nbsp;<\/p>\n<h3>Datos acad\u00e9micos de la tesis doctoral \u00ab<strong>Estudio de seguimiento de la encuesta de salud de cornell\u00c1\u00a0: dise\u00f1o, metodolog\u00eda y determinantes del tabaquismo<\/strong>\u00ab<\/h3>\n<ul>\n<li><strong>T\u00edtulo de la tesis:<\/strong>\u00a0 Estudio de seguimiento de la encuesta de salud de cornell\u00c1\u00a0: dise\u00f1o, metodolog\u00eda y determinantes del tabaquismo <\/li>\n<li><strong>Autor:<\/strong>\u00a0 Montserrat Garc\u00eda Mart\u00ednez <\/li>\n<li><strong>Universidad:<\/strong>\u00a0 Barcelona<\/li>\n<li><strong>Fecha de lectura de la tesis:<\/strong>\u00a0 29\/11\/2004<\/li>\n<\/ul>\n<p>&nbsp;<\/p>\n<h3>Direcci\u00f3n y tribunal<\/h3>\n<ul>\n<li><strong>Director de la tesis<\/strong>\n<ul>\n<li>Angel Esteve Fern\u00e1ndez Mu\u00f1oz<\/li>\n<\/ul>\n<\/li>\n<li><strong>Tribunal<\/strong>\n<ul>\n<li>Presidente del tribunal: Jaime Arnau gras <\/li>\n<li>josep Mar\u00eda Dom\u00e9nech massons (vocal)<\/li>\n<li>manel Nebot adell (vocal)<\/li>\n<li>Fernando Garcia benavides (vocal)<\/li>\n<\/ul>\n<\/li>\n<\/ul>\n<p>&nbsp;<\/p>\n","protected":false},"excerpt":{"rendered":"<p>Tesis doctoral de Montserrat Garc\u00eda Mart\u00ednez En esta memoria se presenta el dise\u00f1o y la metodolog\u00eda utilizada en el estudio [&hellip;]<\/p>\n","protected":false},"author":1,"featured_media":0,"comment_status":"open","ping_status":"open","sticky":false,"template":"","format":"standard","meta":{"site-sidebar-layout":"default","site-content-layout":"","ast-site-content-layout":"","site-content-style":"default","site-sidebar-style":"default","ast-global-header-display":"","ast-banner-title-visibility":"","ast-main-header-display":"","ast-hfb-above-header-display":"","ast-hfb-below-header-display":"","ast-hfb-mobile-header-display":"","site-post-title":"","ast-breadcrumbs-content":"","ast-featured-img":"","footer-sml-layout":"","theme-transparent-header-meta":"","adv-header-id-meta":"","stick-header-meta":"","header-above-stick-meta":"","header-main-stick-meta":"","header-below-stick-meta":"","astra-migrate-meta-layouts":"default","ast-page-background-enabled":"default","ast-page-background-meta":{"desktop":{"background-color":"var(--ast-global-color-4)","background-image":"","background-repeat":"repeat","background-position":"center center","background-size":"auto","background-attachment":"scroll","background-type":"","background-media":"","overlay-type":"","overlay-color":"","overlay-gradient":""},"tablet":{"background-color":"","background-image":"","background-repeat":"repeat","background-position":"center center","background-size":"auto","background-attachment":"scroll","background-type":"","background-media":"","overlay-type":"","overlay-color":"","overlay-gradient":""},"mobile":{"background-color":"","background-image":"","background-repeat":"repeat","background-position":"center center","background-size":"auto","background-attachment":"scroll","background-type":"","background-media":"","overlay-type":"","overlay-color":"","overlay-gradient":""}},"ast-content-background-meta":{"desktop":{"background-color":"var(--ast-global-color-5)","background-image":"","background-repeat":"repeat","background-position":"center center","background-size":"auto","background-attachment":"scroll","background-type":"","background-media":"","overlay-type":"","overlay-color":"","overlay-gradient":""},"tablet":{"background-color":"var(--ast-global-color-5)","background-image":"","background-repeat":"repeat","background-position":"center center","background-size":"auto","background-attachment":"scroll","background-type":"","background-media":"","overlay-type":"","overlay-color":"","overlay-gradient":""},"mobile":{"background-color":"var(--ast-global-color-5)","background-image":"","background-repeat":"repeat","background-position":"center center","background-size":"auto","background-attachment":"scroll","background-type":"","background-media":"","overlay-type":"","overlay-color":"","overlay-gradient":""}},"footnotes":""},"categories":[951,4696,1066,7292,324],"tags":[155786,11931,3118,2688,69945,155785],"class_list":["post-71505","post","type-post","status-publish","format-standard","hentry","category-barcelona","category-caracteristicas-de-la-poblacion","category-demografia","category-metodologia-psicologica","category-psicologia","tag-angel-esteve-fernandez-munoz","tag-fernando-garcia-benavides","tag-jaime-arnau-gras","tag-josep-maria-domenech-massons","tag-manel-nebot-adell","tag-montserrat-garcia-Martinez"],"_links":{"self":[{"href":"https:\/\/www.deberes.net\/tesis\/wp-json\/wp\/v2\/posts\/71505","targetHints":{"allow":["GET"]}}],"collection":[{"href":"https:\/\/www.deberes.net\/tesis\/wp-json\/wp\/v2\/posts"}],"about":[{"href":"https:\/\/www.deberes.net\/tesis\/wp-json\/wp\/v2\/types\/post"}],"author":[{"embeddable":true,"href":"https:\/\/www.deberes.net\/tesis\/wp-json\/wp\/v2\/users\/1"}],"replies":[{"embeddable":true,"href":"https:\/\/www.deberes.net\/tesis\/wp-json\/wp\/v2\/comments?post=71505"}],"version-history":[{"count":0,"href":"https:\/\/www.deberes.net\/tesis\/wp-json\/wp\/v2\/posts\/71505\/revisions"}],"wp:attachment":[{"href":"https:\/\/www.deberes.net\/tesis\/wp-json\/wp\/v2\/media?parent=71505"}],"wp:term":[{"taxonomy":"category","embeddable":true,"href":"https:\/\/www.deberes.net\/tesis\/wp-json\/wp\/v2\/categories?post=71505"},{"taxonomy":"post_tag","embeddable":true,"href":"https:\/\/www.deberes.net\/tesis\/wp-json\/wp\/v2\/tags?post=71505"}],"curies":[{"name":"wp","href":"https:\/\/api.w.org\/{rel}","templated":true}]}}