{"id":71512,"date":"2018-03-09T23:16:07","date_gmt":"2018-03-09T23:16:07","guid":{"rendered":"https:\/\/www.deberes.net\/tesis\/sin-categoria\/la-profesion-periodistica-en-castilla-y-leon\/"},"modified":"2018-03-09T23:16:07","modified_gmt":"2018-03-09T23:16:07","slug":"la-profesion-periodistica-en-castilla-y-leon","status":"publish","type":"post","link":"https:\/\/www.deberes.net\/tesis\/sociologia\/la-profesion-periodistica-en-castilla-y-leon\/","title":{"rendered":"La profesion periodistica en castilla y leon"},"content":{"rendered":"<h2>Tesis doctoral de <strong>  Tamarit Rodriguez Ana M\u00aa <\/strong><\/h2>\n<p>El ejercicio profesional del periodismo en espa\u00f1a ha mostrado diferentes actitudes en la convivencia y relaci\u00f3n con los poderes p\u00fablicos: desde la subordinaci\u00f3n hasta la inevitable complicidad durante la dictadura franquista; desde el protagonismo en la transici\u00f3n democr\u00e1tica hasta la cr\u00edtica sistem\u00e1tica al poder, durante gran parte de los noventa. La historia del periodismo y la propia estructura de la sociedad se convierten en factores claves que permiten entender la actividad period\u00edstica como una profesi\u00f3n.  el periodista es el actor principal en la narraci\u00f3n de los hechos, es decir, a trav\u00e9s del periodista los ciudadanos construyen la percepci\u00f3n que tienen de lo que les rodea en su \u00e1mbito m\u00e1s pr\u00f3ximo y m\u00e1s lejano. Mientras el periodismo de \u00e1mbito nacional se va configurando como una profesi\u00f3n y sigue los cauces admitidos para profesionalizarlo, en el \u00e1mbito de lo local, por el contrario, los objetivos se muestran muy desdibujados e incluso inexistentes. Se tiene, incluso, la sensaci\u00f3n de que el periodismo local se concibe como un periodismo de \u00absegunda\u00bb, m\u00e1s superficial, con menos exigencias.  esta tesis doctoral, por tanto, ha pretendido conocer a los periodistas de castilla y le\u00f3n: los rasgos que los definen, sus rutinas profesionales y el desarrollo de su actividad. Al analizar sus rutinas y concepciones profesionales podemos definir qu\u00e9 modelo de periodismo es el que se ejerce en el \u00e1mbito local y regional y qu\u00e9 funciones desarrollan.<\/p>\n<p>&nbsp;<\/p>\n<h3>Datos acad\u00e9micos de la tesis doctoral \u00ab<strong>La profesion periodistica en castilla y leon<\/strong>\u00ab<\/h3>\n<ul>\n<li><strong>T\u00edtulo de la tesis:<\/strong>\u00a0 La profesion periodistica en castilla y leon <\/li>\n<li><strong>Autor:<\/strong>\u00a0  Tamarit Rodriguez Ana M\u00aa <\/li>\n<li><strong>Universidad:<\/strong>\u00a0 Salamanca<\/li>\n<li><strong>Fecha de lectura de la tesis:<\/strong>\u00a0 29\/11\/2004<\/li>\n<\/ul>\n<p>&nbsp;<\/p>\n<h3>Direcci\u00f3n y tribunal<\/h3>\n<ul>\n<li><strong>Director de la tesis<\/strong>\n<ul>\n<li>Felix Ortega Gutierrez<\/li>\n<\/ul>\n<\/li>\n<li><strong>Tribunal<\/strong>\n<ul>\n<li>Presidente del tribunal: pablo del Rio pereda <\/li>\n<li> Garcia de leon M\u00aa antonia (vocal)<\/li>\n<li>arturo Merayo perez (vocal)<\/li>\n<li>Jos\u00e9 Ortega esteban (vocal)<\/li>\n<\/ul>\n<\/li>\n<\/ul>\n<p>&nbsp;<\/p>\n","protected":false},"excerpt":{"rendered":"<p>Tesis doctoral de Tamarit Rodriguez Ana M\u00aa El ejercicio profesional del periodismo en espa\u00f1a ha mostrado diferentes actitudes en la [&hellip;]<\/p>\n","protected":false},"author":1,"featured_media":0,"comment_status":"open","ping_status":"open","sticky":false,"template":"","format":"standard","meta":{"site-sidebar-layout":"default","site-content-layout":"","ast-site-content-layout":"","site-content-style":"default","site-sidebar-style":"default","ast-global-header-display":"","ast-banner-title-visibility":"","ast-main-header-display":"","ast-hfb-above-header-display":"","ast-hfb-below-header-display":"","ast-hfb-mobile-header-display":"","site-post-title":"","ast-breadcrumbs-content":"","ast-featured-img":"","footer-sml-layout":"","theme-transparent-header-meta":"","adv-header-id-meta":"","stick-header-meta":"","header-above-stick-meta":"","header-main-stick-meta":"","header-below-stick-meta":"","astra-migrate-meta-layouts":"default","ast-page-background-enabled":"default","ast-page-background-meta":{"desktop":{"background-color":"var(--ast-global-color-4)","background-image":"","background-repeat":"repeat","background-position":"center center","background-size":"auto","background-attachment":"scroll","background-type":"","background-media":"","overlay-type":"","overlay-color":"","overlay-gradient":""},"tablet":{"background-color":"","background-image":"","background-repeat":"repeat","background-position":"center center","background-size":"auto","background-attachment":"scroll","background-type":"","background-media":"","overlay-type":"","overlay-color":"","overlay-gradient":""},"mobile":{"background-color":"","background-image":"","background-repeat":"repeat","background-position":"center center","background-size":"auto","background-attachment":"scroll","background-type":"","background-media":"","overlay-type":"","overlay-color":"","overlay-gradient":""}},"ast-content-background-meta":{"desktop":{"background-color":"var(--ast-global-color-5)","background-image":"","background-repeat":"repeat","background-position":"center center","background-size":"auto","background-attachment":"scroll","background-type":"","background-media":"","overlay-type":"","overlay-color":"","overlay-gradient":""},"tablet":{"background-color":"var(--ast-global-color-5)","background-image":"","background-repeat":"repeat","background-position":"center center","background-size":"auto","background-attachment":"scroll","background-type":"","background-media":"","overlay-type":"","overlay-color":"","overlay-gradient":""},"mobile":{"background-color":"var(--ast-global-color-5)","background-image":"","background-repeat":"repeat","background-position":"center center","background-size":"auto","background-attachment":"scroll","background-type":"","background-media":"","overlay-type":"","overlay-color":"","overlay-gradient":""}},"footnotes":""},"categories":[4735,9386,269],"tags":[7366,24156,155800,9765,4924,155799],"class_list":["post-71512","post","type-post","status-publish","format-standard","hentry","category-comunicaciones-sociales","category-salamanca","category-sociologia","tag-arturo-merayo-perez","tag-felix-ortega-gutierrez","tag-garcia-de-leon-ma-antonia","tag-jose-ortega-esteban","tag-pablo-del-rio-pereda","tag-tamarit-rodriguez-ana-ma"],"_links":{"self":[{"href":"https:\/\/www.deberes.net\/tesis\/wp-json\/wp\/v2\/posts\/71512","targetHints":{"allow":["GET"]}}],"collection":[{"href":"https:\/\/www.deberes.net\/tesis\/wp-json\/wp\/v2\/posts"}],"about":[{"href":"https:\/\/www.deberes.net\/tesis\/wp-json\/wp\/v2\/types\/post"}],"author":[{"embeddable":true,"href":"https:\/\/www.deberes.net\/tesis\/wp-json\/wp\/v2\/users\/1"}],"replies":[{"embeddable":true,"href":"https:\/\/www.deberes.net\/tesis\/wp-json\/wp\/v2\/comments?post=71512"}],"version-history":[{"count":0,"href":"https:\/\/www.deberes.net\/tesis\/wp-json\/wp\/v2\/posts\/71512\/revisions"}],"wp:attachment":[{"href":"https:\/\/www.deberes.net\/tesis\/wp-json\/wp\/v2\/media?parent=71512"}],"wp:term":[{"taxonomy":"category","embeddable":true,"href":"https:\/\/www.deberes.net\/tesis\/wp-json\/wp\/v2\/categories?post=71512"},{"taxonomy":"post_tag","embeddable":true,"href":"https:\/\/www.deberes.net\/tesis\/wp-json\/wp\/v2\/tags?post=71512"}],"curies":[{"name":"wp","href":"https:\/\/api.w.org\/{rel}","templated":true}]}}