{"id":71547,"date":"2018-03-09T23:16:12","date_gmt":"2018-03-09T23:16:12","guid":{"rendered":"https:\/\/www.deberes.net\/tesis\/sin-categoria\/la-comunidad-cucapa-un-proceso-de-formacion-social-en-la-cuenca-baja-del-colorado-gila\/"},"modified":"2018-03-09T23:16:12","modified_gmt":"2018-03-09T23:16:12","slug":"la-comunidad-cucapa-un-proceso-de-formacion-social-en-la-cuenca-baja-del-colorado-gila","status":"publish","type":"post","link":"https:\/\/www.deberes.net\/tesis\/historia-por-epocas\/la-comunidad-cucapa-un-proceso-de-formacion-social-en-la-cuenca-baja-del-colorado-gila\/","title":{"rendered":"La comunidad cucap\u00e1. un proceso de formaci\u00f3n social en la cuenca baja del colorado-gila"},"content":{"rendered":"<h2>Tesis doctoral de <strong> Agustin Ortega Esquinca <\/strong><\/h2>\n<p>Disertaci\u00f3n sobre la comunidad cucap\u00e1 del bajo delta del r\u00edo colorado, baja california, m\u00e9xico, desde una perspectiva social e interdisciplinaria que integra y contrasta an\u00e1lisis paleoclim\u00e1ticos, geogr\u00e1ficos, arqueol\u00f3gicos, hist\u00f3ricos, antropol\u00f3gicos, etnogr\u00e1ficos, ling\u00ed\u00bc\u00edsticos y del registro misional. La tesis est\u00e1 organizada en cuatro conjuntos de cap\u00edtulos, que abordan los antecedentes (1\u00aa parte), la comunidad cucap\u00e1 antes del siglo xviii (2\u00aa parte), en el siglo xviii (3\u00aa parte), propuestas finales (4\u00aa parte). Los an\u00e1lisis sustantivos est\u00e1n contenidos en las partes segunda y la tercera.     en la segunda parte, se analizan las propuestas aceptadas sobre las secuencias arqueol\u00f3gicas que dan cuenta de las culturas yumana y hohokam.  posteriormente, se reforman los datos b\u00e1sicos (arqueol\u00f3gico, paleoclim\u00e1tico y etnogr\u00e1ficos) para hacer una propuesta sobre la constituci\u00f3n de las comunidades ind\u00edgenas en el desierto de sonora. En la tercera parte, se integra la informaci\u00f3n generada entre los siglos xvi a xx sobre la comunidad cucap\u00e1, que incluye informes de exploradores del virreinato novohispano, relaciones misionales, informes al gobierno mexicano y el registro etnogr\u00e1fico, as\u00ed como los estudios hist\u00f3ricos y antropol\u00f3gicos sobre la comunidad cucap\u00e1. De la contrastaci\u00f3n de esta informaci\u00f3n, se propone una delimitaci\u00f3n geogr\u00e1fica tentativa sobre su territorio \u00e9tnico, as\u00ed como las ases para definir su modo de vida y su formaci\u00f3n social, tambi\u00e9n se presenta un estudio sobre su participaci\u00f3n en la red alianzas y conflictos regionales de la cuenca baja del colorado-gila y en la construcci\u00f3n de confederaciones tribales, as\u00ed como sobre la expansi\u00f3n de la frontera novohispana hacia el noroeste.     en el proceso de investigaci\u00f3n se consider\u00f3 a dicha comunidad en tres \u00e1mbitos sociales interrelacionados, delimitados por lo \u00e9tnico, lo regional y lo global. el primero, es el de la comunidad en si misma, considerada como to<\/p>\n<p>&nbsp;<\/p>\n<h3>Datos acad\u00e9micos de la tesis doctoral \u00ab<strong>La comunidad cucap\u00e1. un proceso de formaci\u00f3n social en la cuenca baja del colorado-gila<\/strong>\u00ab<\/h3>\n<ul>\n<li><strong>T\u00edtulo de la tesis:<\/strong>\u00a0 La comunidad cucap\u00e1. un proceso de formaci\u00f3n social en la cuenca baja del colorado-gila <\/li>\n<li><strong>Autor:<\/strong>\u00a0 Agustin Ortega Esquinca <\/li>\n<li><strong>Universidad:<\/strong>\u00a0 Sevilla<\/li>\n<li><strong>Fecha de lectura de la tesis:<\/strong>\u00a0 30\/11\/2004<\/li>\n<\/ul>\n<p>&nbsp;<\/p>\n<h3>Direcci\u00f3n y tribunal<\/h3>\n<ul>\n<li><strong>Director de la tesis<\/strong>\n<ul>\n<li>Oswaldo Arteaga Matute<\/li>\n<\/ul>\n<\/li>\n<li><strong>Tribunal<\/strong>\n<ul>\n<li>Presidente del tribunal: arturo Ruiz rodriguez <\/li>\n<li> Bate pettersen Luis felipe (vocal)<\/li>\n<li>Jos\u00e9 clemente Martin de la cruz (vocal)<\/li>\n<li>Manuel Gandara vaquez (vocal)<\/li>\n<\/ul>\n<\/li>\n<\/ul>\n<p>&nbsp;<\/p>\n","protected":false},"excerpt":{"rendered":"<p>Tesis doctoral de Agustin Ortega Esquinca Disertaci\u00f3n sobre la comunidad cucap\u00e1 del bajo delta del r\u00edo colorado, baja california, m\u00e9xico, [&hellip;]<\/p>\n","protected":false},"author":1,"featured_media":0,"comment_status":"open","ping_status":"open","sticky":false,"template":"","format":"standard","meta":{"site-sidebar-layout":"default","site-content-layout":"","ast-site-content-layout":"","site-content-style":"default","site-sidebar-style":"default","ast-global-header-display":"","ast-banner-title-visibility":"","ast-main-header-display":"","ast-hfb-above-header-display":"","ast-hfb-below-header-display":"","ast-hfb-mobile-header-display":"","site-post-title":"","ast-breadcrumbs-content":"","ast-featured-img":"","footer-sml-layout":"","theme-transparent-header-meta":"","adv-header-id-meta":"","stick-header-meta":"","header-above-stick-meta":"","header-main-stick-meta":"","header-below-stick-meta":"","astra-migrate-meta-layouts":"default","ast-page-background-enabled":"default","ast-page-background-meta":{"desktop":{"background-color":"var(--ast-global-color-4)","background-image":"","background-repeat":"repeat","background-position":"center center","background-size":"auto","background-attachment":"scroll","background-type":"","background-media":"","overlay-type":"","overlay-color":"","overlay-gradient":""},"tablet":{"background-color":"","background-image":"","background-repeat":"repeat","background-position":"center center","background-size":"auto","background-attachment":"scroll","background-type":"","background-media":"","overlay-type":"","overlay-color":"","overlay-gradient":""},"mobile":{"background-color":"","background-image":"","background-repeat":"repeat","background-position":"center center","background-size":"auto","background-attachment":"scroll","background-type":"","background-media":"","overlay-type":"","overlay-color":"","overlay-gradient":""}},"ast-content-background-meta":{"desktop":{"background-color":"var(--ast-global-color-5)","background-image":"","background-repeat":"repeat","background-position":"center center","background-size":"auto","background-attachment":"scroll","background-type":"","background-media":"","overlay-type":"","overlay-color":"","overlay-gradient":""},"tablet":{"background-color":"var(--ast-global-color-5)","background-image":"","background-repeat":"repeat","background-position":"center center","background-size":"auto","background-attachment":"scroll","background-type":"","background-media":"","overlay-type":"","overlay-color":"","overlay-gradient":""},"mobile":{"background-color":"var(--ast-global-color-5)","background-image":"","background-repeat":"repeat","background-position":"center center","background-size":"auto","background-attachment":"scroll","background-type":"","background-media":"","overlay-type":"","overlay-color":"","overlay-gradient":""}},"footnotes":""},"categories":[681,24577,220,6480,10715],"tags":[155866,27123,155867,14507,155868,35664],"class_list":["post-71547","post","type-post","status-publish","format-standard","hentry","category-antropologia","category-evolucion-de-las-sociedades","category-historia-por-epocas","category-historia-social-y-cultural-de-america","category-sevilla","tag-agustin-ortega-esquinca","tag-arturo-ruiz-rodriguez","tag-bate-pettersen-luis-felipe","tag-jose-clemente-martin-de-la-cruz","tag-manuel-gandara-vaquez","tag-oswaldo-arteaga-matute"],"_links":{"self":[{"href":"https:\/\/www.deberes.net\/tesis\/wp-json\/wp\/v2\/posts\/71547","targetHints":{"allow":["GET"]}}],"collection":[{"href":"https:\/\/www.deberes.net\/tesis\/wp-json\/wp\/v2\/posts"}],"about":[{"href":"https:\/\/www.deberes.net\/tesis\/wp-json\/wp\/v2\/types\/post"}],"author":[{"embeddable":true,"href":"https:\/\/www.deberes.net\/tesis\/wp-json\/wp\/v2\/users\/1"}],"replies":[{"embeddable":true,"href":"https:\/\/www.deberes.net\/tesis\/wp-json\/wp\/v2\/comments?post=71547"}],"version-history":[{"count":0,"href":"https:\/\/www.deberes.net\/tesis\/wp-json\/wp\/v2\/posts\/71547\/revisions"}],"wp:attachment":[{"href":"https:\/\/www.deberes.net\/tesis\/wp-json\/wp\/v2\/media?parent=71547"}],"wp:term":[{"taxonomy":"category","embeddable":true,"href":"https:\/\/www.deberes.net\/tesis\/wp-json\/wp\/v2\/categories?post=71547"},{"taxonomy":"post_tag","embeddable":true,"href":"https:\/\/www.deberes.net\/tesis\/wp-json\/wp\/v2\/tags?post=71547"}],"curies":[{"name":"wp","href":"https:\/\/api.w.org\/{rel}","templated":true}]}}