{"id":71642,"date":"2004-03-12T00:00:00","date_gmt":"2004-03-12T00:00:00","guid":{"rendered":"https:\/\/www.deberes.net\/tesis\/sin-categoria\/deteccion-de-los-riesgos-maternos-perinatales-en-la-etiologa%c2%ada-de-los-trastornos-generalizados-del-desarrollo\/"},"modified":"2004-03-12T00:00:00","modified_gmt":"2004-03-12T00:00:00","slug":"deteccion-de-los-riesgos-maternos-perinatales-en-la-etiologa%c2%ada-de-los-trastornos-generalizados-del-desarrollo","status":"publish","type":"post","link":"https:\/\/www.deberes.net\/tesis\/psicologia\/deteccion-de-los-riesgos-maternos-perinatales-en-la-etiologa%c2%ada-de-los-trastornos-generalizados-del-desarrollo\/","title":{"rendered":"Detecci\u00f3n de los riesgos maternos perinatales en la etiolog\u00eda de los trastornos generalizados del desarrollo."},"content":{"rendered":"<h2>Tesis doctoral de <strong> Santigo L\u00f3pez G\u00f3mez <\/strong><\/h2>\n<p>En el presente estudio se investig\u00f3 el impacto que tienen las complicaciones perinatales en el proceso de desarrollo y la relaci\u00f3n de estas complicaciones en la g\u00e9nesis delos trastornos generalizados del desarrollo -tgd-.  los trastornos generalizados del desarrollo hacen referencia a un conjunto de trastornos del desarrollo neuropsicol\u00f3gico de etiolog\u00eda desconocida cuya preValencia , seg\u00fan estudios recientes, se est\u00e1 multiplicando de manera alarmante.Se describen como s\u00edndromes complejos, con m\u00faltiples causas y manifestaciones graves y heterog\u00e9neas, que se observan en tres \u00e1reas principales: 1) alteraciones en la interaci\u00f3n social,2)alteraciones en el lenguaje y la comunicaci\u00f3n y 3)patrones de comportamiento , rutinas o,intereses restringidos y esterotipados.  investigaciones previas en este campo han intentado delimitar la etiolog\u00eda de los tgd y del trastorno autista en particular , valorndo la incidencia y la contribuci\u00f3n de las complicaciones perinatales.En la actualidad, se se\u00f1ala, con gran controversia y desde una amplitud de teor\u00edas, a un grupo de factores de riesgo de naturaleza biol\u00f3gica,todav\u00eda desconocida , que seg\u00fan se manera de actuar pueden contribuir a la g\u00e9nesis los tgd.Los riesgos perinatales, parecen estar implicados en distintas alteraciones y acentuar el potencial adverso de otros factores preexistentes -contextuales , gen\u00e9ticos, biol\u00f3gicos, etc, o bienn actuar con autonom\u00eda suficiente para determinar distintos trastornos, entre ellos, se considera el autismo y los tgd.  las madres de ni\u00f1os con tgd (n=94)completaron el cuestionario materno de riesgo perinatal (cmrp), un autoinforme que estudia  las complicaciones maternas durante el periodo gestacional.El cuestionario contempla seis dimensiones de riesgo:pregestacional,perigestacional, inraparto, neonatal ,psicosocial y sociodemogr\u00e1fica, a trav\u00e9s de las cuales se valor\u00f3 la presencia de riesgos perigestacionales.Un grupo de madres (n=165)<\/p>\n<p>&nbsp;<\/p>\n<h3>Datos acad\u00e9micos de la tesis doctoral \u00ab<strong>Detecci\u00f3n de los riesgos maternos perinatales en la etiolog\u00eda de los trastornos generalizados del desarrollo.<\/strong>\u00ab<\/h3>\n<ul>\n<li><strong>T\u00edtulo de la tesis:<\/strong>\u00a0 Detecci\u00f3n de los riesgos maternos perinatales en la etiolog\u00eda de los trastornos generalizados del desarrollo. <\/li>\n<li><strong>Autor:<\/strong>\u00a0 Santigo L\u00f3pez G\u00f3mez <\/li>\n<li><strong>Universidad:<\/strong>\u00a0 Santiago de compostela<\/li>\n<li><strong>Fecha de lectura de la tesis:<\/strong>\u00a0 03\/12\/2004<\/li>\n<\/ul>\n<p>&nbsp;<\/p>\n<h3>Direcci\u00f3n y tribunal<\/h3>\n<ul>\n<li><strong>Director de la tesis<\/strong>\n<ul>\n<li>Rosa Mar\u00eda Rivas Torres<\/li>\n<\/ul>\n<\/li>\n<li><strong>Tribunal<\/strong>\n<ul>\n<li>Presidente del tribunal: agust\u00edn Dosil maceira <\/li>\n<li>gualberto Buela casal (vocal)<\/li>\n<li>  (vocal)<\/li>\n<li>  (vocal)<\/li>\n<\/ul>\n<\/li>\n<\/ul>\n<p>&nbsp;<\/p>\n","protected":false},"excerpt":{"rendered":"<p>Tesis doctoral de Santigo L\u00f3pez G\u00f3mez En el presente estudio se investig\u00f3 el impacto que tienen las complicaciones perinatales en [&hellip;]<\/p>\n","protected":false},"author":1,"featured_media":0,"comment_status":"open","ping_status":"open","sticky":false,"template":"","format":"standard","meta":{"site-sidebar-layout":"default","site-content-layout":"","ast-site-content-layout":"","site-content-style":"default","site-sidebar-style":"default","ast-global-header-display":"","ast-banner-title-visibility":"","ast-main-header-display":"","ast-hfb-above-header-display":"","ast-hfb-below-header-display":"","ast-hfb-mobile-header-display":"","site-post-title":"","ast-breadcrumbs-content":"","ast-featured-img":"","footer-sml-layout":"","theme-transparent-header-meta":"","adv-header-id-meta":"","stick-header-meta":"","header-above-stick-meta":"","header-main-stick-meta":"","header-below-stick-meta":"","astra-migrate-meta-layouts":"default","ast-page-background-enabled":"default","ast-page-background-meta":{"desktop":{"background-color":"var(--ast-global-color-4)","background-image":"","background-repeat":"repeat","background-position":"center center","background-size":"auto","background-attachment":"scroll","background-type":"","background-media":"","overlay-type":"","overlay-color":"","overlay-gradient":""},"tablet":{"background-color":"","background-image":"","background-repeat":"repeat","background-position":"center center","background-size":"auto","background-attachment":"scroll","background-type":"","background-media":"","overlay-type":"","overlay-color":"","overlay-gradient":""},"mobile":{"background-color":"","background-image":"","background-repeat":"repeat","background-position":"center center","background-size":"auto","background-attachment":"scroll","background-type":"","background-media":"","overlay-type":"","overlay-color":"","overlay-gradient":""}},"ast-content-background-meta":{"desktop":{"background-color":"var(--ast-global-color-5)","background-image":"","background-repeat":"repeat","background-position":"center center","background-size":"auto","background-attachment":"scroll","background-type":"","background-media":"","overlay-type":"","overlay-color":"","overlay-gradient":""},"tablet":{"background-color":"var(--ast-global-color-5)","background-image":"","background-repeat":"repeat","background-position":"center center","background-size":"auto","background-attachment":"scroll","background-type":"","background-media":"","overlay-type":"","overlay-color":"","overlay-gradient":""},"mobile":{"background-color":"var(--ast-global-color-5)","background-image":"","background-repeat":"repeat","background-position":"center center","background-size":"auto","background-attachment":"scroll","background-type":"","background-media":"","overlay-type":"","overlay-color":"","overlay-gradient":""}},"footnotes":""},"categories":[3289,1175,324,970,2758,977],"tags":[2760,21225,21224,156046],"class_list":["post-71642","post","type-post","status-publish","format-standard","hentry","category-deficiencia-mental-del-nino-y-del-adolescente","category-evaluacion-y-diagnostico-en-psicologia","category-psicologia","category-psicologia-del-nino-y-del-adolescente","category-psicologia-evolutiva","category-santiago-de-compostela","tag-agustin-dosil-maceira","tag-gualberto-buela-casal","tag-rosa-maria-rivas-torres","tag-santigo-lopez-gomez"],"_links":{"self":[{"href":"https:\/\/www.deberes.net\/tesis\/wp-json\/wp\/v2\/posts\/71642","targetHints":{"allow":["GET"]}}],"collection":[{"href":"https:\/\/www.deberes.net\/tesis\/wp-json\/wp\/v2\/posts"}],"about":[{"href":"https:\/\/www.deberes.net\/tesis\/wp-json\/wp\/v2\/types\/post"}],"author":[{"embeddable":true,"href":"https:\/\/www.deberes.net\/tesis\/wp-json\/wp\/v2\/users\/1"}],"replies":[{"embeddable":true,"href":"https:\/\/www.deberes.net\/tesis\/wp-json\/wp\/v2\/comments?post=71642"}],"version-history":[{"count":0,"href":"https:\/\/www.deberes.net\/tesis\/wp-json\/wp\/v2\/posts\/71642\/revisions"}],"wp:attachment":[{"href":"https:\/\/www.deberes.net\/tesis\/wp-json\/wp\/v2\/media?parent=71642"}],"wp:term":[{"taxonomy":"category","embeddable":true,"href":"https:\/\/www.deberes.net\/tesis\/wp-json\/wp\/v2\/categories?post=71642"},{"taxonomy":"post_tag","embeddable":true,"href":"https:\/\/www.deberes.net\/tesis\/wp-json\/wp\/v2\/tags?post=71642"}],"curies":[{"name":"wp","href":"https:\/\/api.w.org\/{rel}","templated":true}]}}