{"id":71716,"date":"2004-10-12T00:00:00","date_gmt":"2004-10-12T00:00:00","guid":{"rendered":"https:\/\/www.deberes.net\/tesis\/sin-categoria\/las-inundaciones-historicas-en-el-centro-sur-de-la-pena%c2%adnsula-iberica-condicionantes-geomorfologicos-y-climaticos\/"},"modified":"2004-10-12T00:00:00","modified_gmt":"2004-10-12T00:00:00","slug":"las-inundaciones-historicas-en-el-centro-sur-de-la-pena%c2%adnsula-iberica-condicionantes-geomorfologicos-y-climaticos","status":"publish","type":"post","link":"https:\/\/www.deberes.net\/tesis\/ciencias-de-la-tierra-y-del-espacio\/las-inundaciones-historicas-en-el-centro-sur-de-la-pena%c2%adnsula-iberica-condicionantes-geomorfologicos-y-climaticos\/","title":{"rendered":"Las inundaciones hist\u00f3ricas en el centro-sur de la pen\u00ednsula ib\u00e9rica. condicionantes geomorfol\u00f3gicos y clim\u00e1ticos"},"content":{"rendered":"<h2>Tesis doctoral de <strong> \u00e1ngela Potenciano De Las Heras <\/strong><\/h2>\n<p>Los objetivos de esta tesis se han centrado en dos grandes aspectos: el an\u00e1lisis de las inundaciones desde un punto de vista hist\u00f3rico y su significado a nivel de cuenca. El an\u00e1lisis hist\u00f3rico ha permitido encuadrar la inundaciones en su marco clim\u00e1tico, no solo actual, sino en relaci\u00f3n con sus oscilaciones temporales y su posible relaci\u00f3n con per\u00edodos secos y h\u00famedos.  por otro lado se han interpretado los otros aspectos que condicionan el hecho de que se generen o no avenidas a nivel del propio r\u00edo. Esto es, las caracter\u00edsticas geomorfol\u00f3gicas de la cuenca de drenaje que determinan que, frente a unas condiciones clim\u00e1ticas determinadas, las respuestas de las cuencas puedan ser diferentes. Para ello se han realizado estudios de regresi\u00f3n y correlaci\u00f3n de los caudales no solo con la precipitaci\u00f3n, sino con los par\u00e1metros morfol\u00f3gicos de las distintas subcuencas relacionadas.<\/p>\n<p>&nbsp;<\/p>\n<h3>Datos acad\u00e9micos de la tesis doctoral \u00ab<strong>Las inundaciones hist\u00f3ricas en el centro-sur de la pen\u00ednsula ib\u00e9rica. condicionantes geomorfol\u00f3gicos y clim\u00e1ticos<\/strong>\u00ab<\/h3>\n<ul>\n<li><strong>T\u00edtulo de la tesis:<\/strong>\u00a0 Las inundaciones hist\u00f3ricas en el centro-sur de la pen\u00ednsula ib\u00e9rica. condicionantes geomorfol\u00f3gicos y clim\u00e1ticos <\/li>\n<li><strong>Autor:<\/strong>\u00a0 \u00e1ngela Potenciano De Las Heras <\/li>\n<li><strong>Universidad:<\/strong>\u00a0 Complutense de Madrid<\/li>\n<li><strong>Fecha de lectura de la tesis:<\/strong>\u00a0 10\/12\/2004<\/li>\n<\/ul>\n<p>&nbsp;<\/p>\n<h3>Direcci\u00f3n y tribunal<\/h3>\n<ul>\n<li><strong>Director de la tesis<\/strong>\n<ul>\n<li>Guillermina Garz\u00f3n Heydt<\/li>\n<\/ul>\n<\/li>\n<li><strong>Tribunal<\/strong>\n<ul>\n<li>Presidente del tribunal:  Pedraza gilsanz Javierde <\/li>\n<li>Juan  Jos\u00e9 Dur\u00e1n valsero (vocal)<\/li>\n<li>alfredo Arche miralles (vocal)<\/li>\n<li>montserrat Jim\u00e9nez s\u00e1nchez (vocal)<\/li>\n<\/ul>\n<\/li>\n<\/ul>\n<p>&nbsp;<\/p>\n","protected":false},"excerpt":{"rendered":"<p>Tesis doctoral de \u00e1ngela Potenciano De Las Heras Los objetivos de esta tesis se han centrado en dos grandes aspectos: [&hellip;]<\/p>\n","protected":false},"author":1,"featured_media":0,"comment_status":"open","ping_status":"open","sticky":false,"template":"","format":"standard","meta":{"site-sidebar-layout":"default","site-content-layout":"","ast-site-content-layout":"","site-content-style":"default","site-sidebar-style":"default","ast-global-header-display":"","ast-banner-title-visibility":"","ast-main-header-display":"","ast-hfb-above-header-display":"","ast-hfb-below-header-display":"","ast-hfb-mobile-header-display":"","site-post-title":"","ast-breadcrumbs-content":"","ast-featured-img":"","footer-sml-layout":"","theme-transparent-header-meta":"","adv-header-id-meta":"","stick-header-meta":"","header-above-stick-meta":"","header-main-stick-meta":"","header-below-stick-meta":"","astra-migrate-meta-layouts":"default","ast-page-background-enabled":"default","ast-page-background-meta":{"desktop":{"background-color":"var(--ast-global-color-4)","background-image":"","background-repeat":"repeat","background-position":"center center","background-size":"auto","background-attachment":"scroll","background-type":"","background-media":"","overlay-type":"","overlay-color":"","overlay-gradient":""},"tablet":{"background-color":"","background-image":"","background-repeat":"repeat","background-position":"center center","background-size":"auto","background-attachment":"scroll","background-type":"","background-media":"","overlay-type":"","overlay-color":"","overlay-gradient":""},"mobile":{"background-color":"","background-image":"","background-repeat":"repeat","background-position":"center center","background-size":"auto","background-attachment":"scroll","background-type":"","background-media":"","overlay-type":"","overlay-color":"","overlay-gradient":""}},"ast-content-background-meta":{"desktop":{"background-color":"var(--ast-global-color-5)","background-image":"","background-repeat":"repeat","background-position":"center center","background-size":"auto","background-attachment":"scroll","background-type":"","background-media":"","overlay-type":"","overlay-color":"","overlay-gradient":""},"tablet":{"background-color":"var(--ast-global-color-5)","background-image":"","background-repeat":"repeat","background-position":"center center","background-size":"auto","background-attachment":"scroll","background-type":"","background-media":"","overlay-type":"","overlay-color":"","overlay-gradient":""},"mobile":{"background-color":"var(--ast-global-color-5)","background-image":"","background-repeat":"repeat","background-position":"center center","background-size":"auto","background-attachment":"scroll","background-type":"","background-media":"","overlay-type":"","overlay-color":"","overlay-gradient":""}},"footnotes":""},"categories":[27,953,75],"tags":[6864,156185,24046,39212,9165,38972],"class_list":["post-71716","post","type-post","status-publish","format-standard","hentry","category-ciencias-de-la-tierra-y-del-espacio","category-geologia","category-geomorfologia","tag-alfredo-arche-miralles","tag-angela-potenciano-de-las-heras","tag-guillermina-garzon-heydt","tag-juan-jose-duran-valsero","tag-montserrat-jimenez-sanchez","tag-pedraza-gilsanz-javierde"],"_links":{"self":[{"href":"https:\/\/www.deberes.net\/tesis\/wp-json\/wp\/v2\/posts\/71716","targetHints":{"allow":["GET"]}}],"collection":[{"href":"https:\/\/www.deberes.net\/tesis\/wp-json\/wp\/v2\/posts"}],"about":[{"href":"https:\/\/www.deberes.net\/tesis\/wp-json\/wp\/v2\/types\/post"}],"author":[{"embeddable":true,"href":"https:\/\/www.deberes.net\/tesis\/wp-json\/wp\/v2\/users\/1"}],"replies":[{"embeddable":true,"href":"https:\/\/www.deberes.net\/tesis\/wp-json\/wp\/v2\/comments?post=71716"}],"version-history":[{"count":0,"href":"https:\/\/www.deberes.net\/tesis\/wp-json\/wp\/v2\/posts\/71716\/revisions"}],"wp:attachment":[{"href":"https:\/\/www.deberes.net\/tesis\/wp-json\/wp\/v2\/media?parent=71716"}],"wp:term":[{"taxonomy":"category","embeddable":true,"href":"https:\/\/www.deberes.net\/tesis\/wp-json\/wp\/v2\/categories?post=71716"},{"taxonomy":"post_tag","embeddable":true,"href":"https:\/\/www.deberes.net\/tesis\/wp-json\/wp\/v2\/tags?post=71716"}],"curies":[{"name":"wp","href":"https:\/\/api.w.org\/{rel}","templated":true}]}}