{"id":71731,"date":"2004-10-12T00:00:00","date_gmt":"2004-10-12T00:00:00","guid":{"rendered":"https:\/\/www.deberes.net\/tesis\/sin-categoria\/empresarios-y-cultura-empresarial-en-el-bilbao-metropolitano-18761914\/"},"modified":"2004-10-12T00:00:00","modified_gmt":"2004-10-12T00:00:00","slug":"empresarios-y-cultura-empresarial-en-el-bilbao-metropolitano-18761914","status":"publish","type":"post","link":"https:\/\/www.deberes.net\/tesis\/historia\/empresarios-y-cultura-empresarial-en-el-bilbao-metropolitano-18761914\/","title":{"rendered":"Empresarios y cultura empresarial en el bilbao metropolitano, 18761914"},"content":{"rendered":"<h2>Tesis doctoral de <strong>  Erdocia Martinez Francisco Javier <\/strong><\/h2>\n<p>Esta investigaci\u00f3n analiza la cultura empresarial promovida por la \u00e9lite econ\u00f3mica que dirigi\u00f3 la industrializaci\u00f3n del bilbao metropolitano entre 1876 y 1914. Por tal cultura se entiende un conjunto de ideas, no s\u00f3lo expresadas de modo te\u00f3rico sino tambi\u00e9n perceptibles en diferentes actuaciones, que se generaron en dicho entorno y que se manifestaron en distintos \u00e1mbitos. en primer lugar, en el econ\u00f3mico identific\u00e1ndose con postulados proteccionistas y nacionalistas, en lo social impulsando la relaci\u00f3n armoniosa entre los empresarios y los trabajadores, y considerando la educaci\u00f3n como uno de los instrumentos m\u00e1s v\u00e1lidos para alcanzar el progreso individual y colectivo, y en la esfera pol\u00edtica defendiendo en las instituciones su proyecto industrialistas y de desarrollo econ\u00f3mico.<\/p>\n<p>&nbsp;<\/p>\n<h3>Datos acad\u00e9micos de la tesis doctoral \u00ab<strong>Empresarios y cultura empresarial en el bilbao metropolitano, 18761914<\/strong>\u00ab<\/h3>\n<ul>\n<li><strong>T\u00edtulo de la tesis:<\/strong>\u00a0 Empresarios y cultura empresarial en el bilbao metropolitano, 18761914 <\/li>\n<li><strong>Autor:<\/strong>\u00a0  Erdocia Martinez Francisco Javier <\/li>\n<li><strong>Universidad:<\/strong>\u00a0 Pa\u00eds vasco\/euskal herriko unibertsitatea<\/li>\n<li><strong>Fecha de lectura de la tesis:<\/strong>\u00a0 10\/12\/2004<\/li>\n<\/ul>\n<p>&nbsp;<\/p>\n<h3>Direcci\u00f3n y tribunal<\/h3>\n<ul>\n<li><strong>Director de la tesis<\/strong>\n<ul>\n<li>Joseba Aguirreazkuenaga Zigorraga<\/li>\n<\/ul>\n<\/li>\n<li><strong>Tribunal<\/strong>\n<ul>\n<li>Presidente del tribunal: manuel Gonzalez portilla <\/li>\n<li>aurora Garrido mart\u00edn (vocal)<\/li>\n<li>angel Duarte montserrat (vocal)<\/li>\n<li>Rafael Mieza mieg (vocal)<\/li>\n<\/ul>\n<\/li>\n<\/ul>\n<p>&nbsp;<\/p>\n","protected":false},"excerpt":{"rendered":"<p>Tesis doctoral de Erdocia Martinez Francisco Javier Esta investigaci\u00f3n analiza la cultura empresarial promovida por la \u00e9lite econ\u00f3mica que dirigi\u00f3 [&hellip;]<\/p>\n","protected":false},"author":1,"featured_media":0,"comment_status":"open","ping_status":"open","sticky":false,"template":"","format":"standard","meta":{"site-sidebar-layout":"default","site-content-layout":"","ast-site-content-layout":"","site-content-style":"default","site-sidebar-style":"default","ast-global-header-display":"","ast-banner-title-visibility":"","ast-main-header-display":"","ast-hfb-above-header-display":"","ast-hfb-below-header-display":"","ast-hfb-mobile-header-display":"","site-post-title":"","ast-breadcrumbs-content":"","ast-featured-img":"","footer-sml-layout":"","theme-transparent-header-meta":"","adv-header-id-meta":"","stick-header-meta":"","header-above-stick-meta":"","header-main-stick-meta":"","header-below-stick-meta":"","astra-migrate-meta-layouts":"default","ast-page-background-enabled":"default","ast-page-background-meta":{"desktop":{"background-color":"var(--ast-global-color-4)","background-image":"","background-repeat":"repeat","background-position":"center center","background-size":"auto","background-attachment":"scroll","background-type":"","background-media":"","overlay-type":"","overlay-color":"","overlay-gradient":""},"tablet":{"background-color":"","background-image":"","background-repeat":"repeat","background-position":"center center","background-size":"auto","background-attachment":"scroll","background-type":"","background-media":"","overlay-type":"","overlay-color":"","overlay-gradient":""},"mobile":{"background-color":"","background-image":"","background-repeat":"repeat","background-position":"center center","background-size":"auto","background-attachment":"scroll","background-type":"","background-media":"","overlay-type":"","overlay-color":"","overlay-gradient":""}},"ast-content-background-meta":{"desktop":{"background-color":"var(--ast-global-color-5)","background-image":"","background-repeat":"repeat","background-position":"center center","background-size":"auto","background-attachment":"scroll","background-type":"","background-media":"","overlay-type":"","overlay-color":"","overlay-gradient":""},"tablet":{"background-color":"var(--ast-global-color-5)","background-image":"","background-repeat":"repeat","background-position":"center center","background-size":"auto","background-attachment":"scroll","background-type":"","background-media":"","overlay-type":"","overlay-color":"","overlay-gradient":""},"mobile":{"background-color":"var(--ast-global-color-5)","background-image":"","background-repeat":"repeat","background-position":"center center","background-size":"auto","background-attachment":"scroll","background-type":"","background-media":"","overlay-type":"","overlay-color":"","overlay-gradient":""}},"footnotes":""},"categories":[856,838,9374,1399,1401,104,1816,220,59060,12909],"tags":[29108,156210,156209,18112,3996,39785],"class_list":["post-71731","post","type-post","status-publish","format-standard","hentry","category-administracion-publica","category-ciencia-politica","category-demogeografia","category-geografia","category-geografia-humana","category-historia","category-historia-contemporanea","category-historia-por-epocas","category-instituciones-centrales","category-pais-vasco-euskal-herriko-unibertsitatea","tag-angel-duarte-montserrat","tag-aurora-garrido-martin","tag-erdocia-Martinez-francisco-javier","tag-joseba-aguirreazkuenaga-zigorraga","tag-manuel-gonzalez-portilla","tag-rafael-mieza-mieg"],"_links":{"self":[{"href":"https:\/\/www.deberes.net\/tesis\/wp-json\/wp\/v2\/posts\/71731","targetHints":{"allow":["GET"]}}],"collection":[{"href":"https:\/\/www.deberes.net\/tesis\/wp-json\/wp\/v2\/posts"}],"about":[{"href":"https:\/\/www.deberes.net\/tesis\/wp-json\/wp\/v2\/types\/post"}],"author":[{"embeddable":true,"href":"https:\/\/www.deberes.net\/tesis\/wp-json\/wp\/v2\/users\/1"}],"replies":[{"embeddable":true,"href":"https:\/\/www.deberes.net\/tesis\/wp-json\/wp\/v2\/comments?post=71731"}],"version-history":[{"count":0,"href":"https:\/\/www.deberes.net\/tesis\/wp-json\/wp\/v2\/posts\/71731\/revisions"}],"wp:attachment":[{"href":"https:\/\/www.deberes.net\/tesis\/wp-json\/wp\/v2\/media?parent=71731"}],"wp:term":[{"taxonomy":"category","embeddable":true,"href":"https:\/\/www.deberes.net\/tesis\/wp-json\/wp\/v2\/categories?post=71731"},{"taxonomy":"post_tag","embeddable":true,"href":"https:\/\/www.deberes.net\/tesis\/wp-json\/wp\/v2\/tags?post=71731"}],"curies":[{"name":"wp","href":"https:\/\/api.w.org\/{rel}","templated":true}]}}