{"id":71753,"date":"2004-10-12T00:00:00","date_gmt":"2004-10-12T00:00:00","guid":{"rendered":"https:\/\/www.deberes.net\/tesis\/sin-categoria\/conductas-desadaptativas-de-los-adolescentes-en-navarra-el-papel-de-la-familia-y-la-escuela\/"},"modified":"2004-10-12T00:00:00","modified_gmt":"2004-10-12T00:00:00","slug":"conductas-desadaptativas-de-los-adolescentes-en-navarra-el-papel-de-la-familia-y-la-escuela","status":"publish","type":"post","link":"https:\/\/www.deberes.net\/tesis\/psicologia\/conductas-desadaptativas-de-los-adolescentes-en-navarra-el-papel-de-la-familia-y-la-escuela\/","title":{"rendered":"Conductas desadaptativas de los adolescentes en navarra: el papel de la familia y la escuela"},"content":{"rendered":"<h2>Tesis doctoral de <strong> Esther Garc\u00eda Zabaleta <\/strong><\/h2>\n<p>El objetivo principal de este estudio es el an\u00e1lisis de las conductas desadaptativas de los adolescentes en navarra, en funci\u00f3n de variables individuales, familiares, escolares y sociales. Para ello, se ha utilizado una muestra experimental representativa de la poblaci\u00f3n adolescente de la comunidad de navarra de n=692 estudiantes de educaci\u00f3n secundaria obligatoria (eso), de edades comprendidas entre 11 y 18 a\u00f1os, de ambos sexos, de colegios p\u00fablicos y concertados y de las l\u00edneas ling\u00ed\u00bc\u00edsticas de castellano y euskera.  en el estudio experimental, se aplicaron a los alumnos nueve cuestionarios relacionados con la personalidad de los adolescentes y los contextos en los que se desenvuelven (familia, escuela y sociedad). La obtenci\u00f3n de los resultados se ha llevado a cabo mediante una serie de correlaciones can\u00f3nicas y an\u00e1lisis de regresi\u00f3n.  los an\u00e1lisis estad\u00edsticos realizados revelaron que existen diferencias significativas entre las variables: funcionamiento familiar, autoestima, salud mental y actitudes hacia la autoridad institucional formal y tres tipos de conductas desadaptativas: agresividad y conductas delictivas, consumo de drogas y victimizaci\u00f3n. Estas diferencias se encontraron en funci\u00f3n del g\u00e9nero y la edad de los participantes (adolescencia temprana de 11 a 14 a\u00f1os y adolescencia media de 15 a 18 a\u00f1os).  los resultados premiten afirmar que entre los factores que mejor explican y predicen dichas conductas desadaptativas en los adolescentes se encuentran la comunicaci\u00f3n familiar inadecuada, la agresividad familiar, las autoestimas familiar y acad\u00e9mica, el estr\u00e9s percibido, la sintomatolog\u00eda depresiva, el rechazo a la autoridad escolar y la escasa valoraci\u00f3n parental hacia la escuela. La multidimensionalidad de las variables estudiadas nos ha permitido a\u00f1adir una mayor especificidad en el estudio y la explicaci\u00f3n de las conductas desadaptativas en la adolescencia<\/p>\n<p>&nbsp;<\/p>\n<h3>Datos acad\u00e9micos de la tesis doctoral \u00ab<strong>Conductas desadaptativas de los adolescentes en navarra: el papel de la familia y la escuela<\/strong>\u00ab<\/h3>\n<ul>\n<li><strong>T\u00edtulo de la tesis:<\/strong>\u00a0 Conductas desadaptativas de los adolescentes en navarra: el papel de la familia y la escuela <\/li>\n<li><strong>Autor:<\/strong>\u00a0 Esther Garc\u00eda Zabaleta <\/li>\n<li><strong>Universidad:<\/strong>\u00a0 P\u00fablica de navarra<\/li>\n<li><strong>Fecha de lectura de la tesis:<\/strong>\u00a0 10\/12\/2004<\/li>\n<\/ul>\n<p>&nbsp;<\/p>\n<h3>Direcci\u00f3n y tribunal<\/h3>\n<ul>\n<li><strong>Director de la tesis<\/strong>\n<ul>\n<li>Pablo Sotes Ruiz<\/li>\n<\/ul>\n<\/li>\n<li><strong>Tribunal<\/strong>\n<ul>\n<li>Presidente del tribunal: florencio Jim\u00e9nez burillo <\/li>\n<li>anastasio Ovejero bernal (vocal)<\/li>\n<li>Jos\u00e9 Mar\u00eda Roman sanchez (vocal)<\/li>\n<li>Mar\u00eda carmen Gonz\u00e1lez torres (vocal)<\/li>\n<\/ul>\n<\/li>\n<\/ul>\n<p>&nbsp;<\/p>\n","protected":false},"excerpt":{"rendered":"<p>Tesis doctoral de Esther Garc\u00eda Zabaleta El objetivo principal de este estudio es el an\u00e1lisis de las conductas desadaptativas de [&hellip;]<\/p>\n","protected":false},"author":1,"featured_media":0,"comment_status":"open","ping_status":"open","sticky":false,"template":"","format":"standard","meta":{"site-sidebar-layout":"default","site-content-layout":"","ast-site-content-layout":"","site-content-style":"default","site-sidebar-style":"default","ast-global-header-display":"","ast-banner-title-visibility":"","ast-main-header-display":"","ast-hfb-above-header-display":"","ast-hfb-below-header-display":"","ast-hfb-mobile-header-display":"","site-post-title":"","ast-breadcrumbs-content":"","ast-featured-img":"","footer-sml-layout":"","theme-transparent-header-meta":"","adv-header-id-meta":"","stick-header-meta":"","header-above-stick-meta":"","header-main-stick-meta":"","header-below-stick-meta":"","astra-migrate-meta-layouts":"default","ast-page-background-enabled":"default","ast-page-background-meta":{"desktop":{"background-color":"var(--ast-global-color-4)","background-image":"","background-repeat":"repeat","background-position":"center center","background-size":"auto","background-attachment":"scroll","background-type":"","background-media":"","overlay-type":"","overlay-color":"","overlay-gradient":""},"tablet":{"background-color":"","background-image":"","background-repeat":"repeat","background-position":"center center","background-size":"auto","background-attachment":"scroll","background-type":"","background-media":"","overlay-type":"","overlay-color":"","overlay-gradient":""},"mobile":{"background-color":"","background-image":"","background-repeat":"repeat","background-position":"center center","background-size":"auto","background-attachment":"scroll","background-type":"","background-media":"","overlay-type":"","overlay-color":"","overlay-gradient":""}},"ast-content-background-meta":{"desktop":{"background-color":"var(--ast-global-color-5)","background-image":"","background-repeat":"repeat","background-position":"center center","background-size":"auto","background-attachment":"scroll","background-type":"","background-media":"","overlay-type":"","overlay-color":"","overlay-gradient":""},"tablet":{"background-color":"var(--ast-global-color-5)","background-image":"","background-repeat":"repeat","background-position":"center center","background-size":"auto","background-attachment":"scroll","background-type":"","background-media":"","overlay-type":"","overlay-color":"","overlay-gradient":""},"mobile":{"background-color":"var(--ast-global-color-5)","background-image":"","background-repeat":"repeat","background-position":"center center","background-size":"auto","background-attachment":"scroll","background-type":"","background-media":"","overlay-type":"","overlay-color":"","overlay-gradient":""}},"footnotes":""},"categories":[7071,7302,324,961,970,5174,18529],"tags":[2998,156253,6709,5139,52473,156254],"class_list":["post-71753","post","type-post","status-publish","format-standard","hentry","category-desordenes-del-comportamiento","category-procesos-cognitivos","category-psicologia","category-psicologia-de-la-anormalidad","category-psicologia-del-nino-y-del-adolescente","category-psicopedagogia","category-publica-de-navarra","tag-anastasio-ovejero-bernal","tag-esther-garcia-zabaleta","tag-florencio-jimenez-burillo","tag-jose-maria-roman-sanchez","tag-maria-carmen-gonzalez-torres","tag-pablo-sotes-ruiz"],"_links":{"self":[{"href":"https:\/\/www.deberes.net\/tesis\/wp-json\/wp\/v2\/posts\/71753","targetHints":{"allow":["GET"]}}],"collection":[{"href":"https:\/\/www.deberes.net\/tesis\/wp-json\/wp\/v2\/posts"}],"about":[{"href":"https:\/\/www.deberes.net\/tesis\/wp-json\/wp\/v2\/types\/post"}],"author":[{"embeddable":true,"href":"https:\/\/www.deberes.net\/tesis\/wp-json\/wp\/v2\/users\/1"}],"replies":[{"embeddable":true,"href":"https:\/\/www.deberes.net\/tesis\/wp-json\/wp\/v2\/comments?post=71753"}],"version-history":[{"count":0,"href":"https:\/\/www.deberes.net\/tesis\/wp-json\/wp\/v2\/posts\/71753\/revisions"}],"wp:attachment":[{"href":"https:\/\/www.deberes.net\/tesis\/wp-json\/wp\/v2\/media?parent=71753"}],"wp:term":[{"taxonomy":"category","embeddable":true,"href":"https:\/\/www.deberes.net\/tesis\/wp-json\/wp\/v2\/categories?post=71753"},{"taxonomy":"post_tag","embeddable":true,"href":"https:\/\/www.deberes.net\/tesis\/wp-json\/wp\/v2\/tags?post=71753"}],"curies":[{"name":"wp","href":"https:\/\/api.w.org\/{rel}","templated":true}]}}