{"id":71754,"date":"2004-10-12T00:00:00","date_gmt":"2004-10-12T00:00:00","guid":{"rendered":"https:\/\/www.deberes.net\/tesis\/sin-categoria\/reduccion-de-la-jornada-laboral-en-el-mercado-de-trabajo-espanol-un-enfoque-de-equilibrio-general\/"},"modified":"2004-10-12T00:00:00","modified_gmt":"2004-10-12T00:00:00","slug":"reduccion-de-la-jornada-laboral-en-el-mercado-de-trabajo-espanol-un-enfoque-de-equilibrio-general","status":"publish","type":"post","link":"https:\/\/www.deberes.net\/tesis\/ciencias-economicas\/reduccion-de-la-jornada-laboral-en-el-mercado-de-trabajo-espanol-un-enfoque-de-equilibrio-general\/","title":{"rendered":"Reducci\u00f3n de la jornada laboral en el mercado de trabajo espa\u00f1ol: un enfoque de equilibrio general"},"content":{"rendered":"<h2>Tesis doctoral de <strong> Idoya Zabaleta Arregui <\/strong><\/h2>\n<p>Esta tesis pretende realizar un an\u00e1lisis de los efectos de la reducci\u00f3n de la jornada laboral sobre diversas variables macroecon\u00f3micas y especialmente sobre el empleo.El primer cap\u00edtulo enmarca la reducci\u00f3n de la jornada laboral entre las pol\u00edticas de reparto de empleo y tambi\u00e9n estudia los modelos econ\u00f3micos utilizados en la literatura para ver los efectos sobre las principales variables macroecon\u00f3micas de la disminuci\u00f3n de las horas de trabajo. En el segundo cap\u00edtulo se utiliza un modelo de vectores autoregresivos (var) con el fin de comprobar la relaci\u00f3n din\u00e1mica que se establece entre las variables a trav\u00e9s de una aplicaci\u00f3n emp\u00edrica utilizando para ello series de datos reales de la econom\u00eda espa\u00f1ola. El inter\u00e9s principal se centra en ver la reacci\u00f3n de las variables ante un impulso negativo que reduzca la jornada laboral. En los siguientes tres cap\u00edtulos se construyen diferentes modelos te\u00f3ricos con el mismo fin. Se intenta en todos ellos caracterizar la econom\u00eda espa\u00f1ola y los resultados se contrastan con series reales de empleo, tasa de paro, tasa de actividad, etc.En el tercer cap\u00edtulo se construye un modelo sencillo de equilibrio general que recoge el efecto de la reducci\u00f3n de la jornada sobre variables que se han considerado de inter\u00e9s. Es un modelo neocl\u00e1sico con dos caracter\u00edsticas referentes a las horas de trabajo: productividad decreciente en las horas de trabajo y la existencia de costes de ajuste que disminuyen el tiempo real de trabajo.En el cuarto cap\u00edtulo se modifica el modelo anterior introduciendo creaci\u00f3n y destrucci\u00f3n de empleo, lo que habitualmente se conoce en la literatura anglosajona como \u00abfunciones de matching\u00bb. En realidad se enmarcan en modelos de b\u00fasqueda. en el quinto cap\u00edtulo se introduce heterogeneidad en la parte del modelo referente a las empresas. En concreto se divide la producci\u00f3n en dos sectores: industrial y servicios. El fin es ver si los efectos del recorte del tie<\/p>\n<p>&nbsp;<\/p>\n<h3>Datos acad\u00e9micos de la tesis doctoral \u00ab<strong>Reducci\u00f3n de la jornada laboral en el mercado de trabajo espa\u00f1ol: un enfoque de equilibrio general<\/strong>\u00ab<\/h3>\n<ul>\n<li><strong>T\u00edtulo de la tesis:<\/strong>\u00a0 Reducci\u00f3n de la jornada laboral en el mercado de trabajo espa\u00f1ol: un enfoque de equilibrio general <\/li>\n<li><strong>Autor:<\/strong>\u00a0 Idoya Zabaleta Arregui <\/li>\n<li><strong>Universidad:<\/strong>\u00a0 P\u00fablica de navarra<\/li>\n<li><strong>Fecha de lectura de la tesis:<\/strong>\u00a0 10\/12\/2004<\/li>\n<\/ul>\n<p>&nbsp;<\/p>\n<h3>Direcci\u00f3n y tribunal<\/h3>\n<ul>\n<li><strong>Director de la tesis<\/strong>\n<ul>\n<li>Emilio Dom\u00ednguez Irastorza<\/li>\n<\/ul>\n<\/li>\n<li><strong>Tribunal<\/strong>\n<ul>\n<li>Presidente del tribunal: alfonso Novales cinca <\/li>\n<li>Jes\u00fas Vazquez perez (vocal)<\/li>\n<li>Jes\u00fas Ruiz and\u00fajar (vocal)<\/li>\n<li>baltasar Manzano gonz\u00e1lez (vocal)<\/li>\n<\/ul>\n<\/li>\n<\/ul>\n<p>&nbsp;<\/p>\n","protected":false},"excerpt":{"rendered":"<p>Tesis doctoral de Idoya Zabaleta Arregui Esta tesis pretende realizar un an\u00e1lisis de los efectos de la reducci\u00f3n de la [&hellip;]<\/p>\n","protected":false},"author":1,"featured_media":0,"comment_status":"open","ping_status":"open","sticky":false,"template":"","format":"standard","meta":{"site-sidebar-layout":"default","site-content-layout":"","ast-site-content-layout":"","site-content-style":"default","site-sidebar-style":"default","ast-global-header-display":"","ast-banner-title-visibility":"","ast-main-header-display":"","ast-hfb-above-header-display":"","ast-hfb-below-header-display":"","ast-hfb-mobile-header-display":"","site-post-title":"","ast-breadcrumbs-content":"","ast-featured-img":"","footer-sml-layout":"","theme-transparent-header-meta":"","adv-header-id-meta":"","stick-header-meta":"","header-above-stick-meta":"","header-main-stick-meta":"","header-below-stick-meta":"","astra-migrate-meta-layouts":"default","ast-page-background-enabled":"default","ast-page-background-meta":{"desktop":{"background-color":"var(--ast-global-color-4)","background-image":"","background-repeat":"repeat","background-position":"center center","background-size":"auto","background-attachment":"scroll","background-type":"","background-media":"","overlay-type":"","overlay-color":"","overlay-gradient":""},"tablet":{"background-color":"","background-image":"","background-repeat":"repeat","background-position":"center center","background-size":"auto","background-attachment":"scroll","background-type":"","background-media":"","overlay-type":"","overlay-color":"","overlay-gradient":""},"mobile":{"background-color":"","background-image":"","background-repeat":"repeat","background-position":"center center","background-size":"auto","background-attachment":"scroll","background-type":"","background-media":"","overlay-type":"","overlay-color":"","overlay-gradient":""}},"ast-content-background-meta":{"desktop":{"background-color":"var(--ast-global-color-5)","background-image":"","background-repeat":"repeat","background-position":"center center","background-size":"auto","background-attachment":"scroll","background-type":"","background-media":"","overlay-type":"","overlay-color":"","overlay-gradient":""},"tablet":{"background-color":"var(--ast-global-color-5)","background-image":"","background-repeat":"repeat","background-position":"center center","background-size":"auto","background-attachment":"scroll","background-type":"","background-media":"","overlay-type":"","overlay-color":"","overlay-gradient":""},"mobile":{"background-color":"var(--ast-global-color-5)","background-image":"","background-repeat":"repeat","background-position":"center center","background-size":"auto","background-attachment":"scroll","background-type":"","background-media":"","overlay-type":"","overlay-color":"","overlay-gradient":""}},"footnotes":""},"categories":[82,974,19323,524,18529,737,4725],"tags":[23088,156257,156256,156255,56927,54542],"class_list":["post-71754","post","type-post","status-publish","format-standard","hentry","category-ciencias-economicas","category-econometria","category-equilibrio-economico","category-modelos-econometricos","category-publica-de-navarra","category-teoria-economica","category-teoria-y-modelos-de-empleo","tag-alfonso-novales-cinca","tag-baltasar-manzano-gonzalez","tag-emilio-dominguez-irastorza","tag-idoya-zabaleta-arregui","tag-jesus-ruiz-andujar","tag-jesus-vazquez-perez"],"_links":{"self":[{"href":"https:\/\/www.deberes.net\/tesis\/wp-json\/wp\/v2\/posts\/71754","targetHints":{"allow":["GET"]}}],"collection":[{"href":"https:\/\/www.deberes.net\/tesis\/wp-json\/wp\/v2\/posts"}],"about":[{"href":"https:\/\/www.deberes.net\/tesis\/wp-json\/wp\/v2\/types\/post"}],"author":[{"embeddable":true,"href":"https:\/\/www.deberes.net\/tesis\/wp-json\/wp\/v2\/users\/1"}],"replies":[{"embeddable":true,"href":"https:\/\/www.deberes.net\/tesis\/wp-json\/wp\/v2\/comments?post=71754"}],"version-history":[{"count":0,"href":"https:\/\/www.deberes.net\/tesis\/wp-json\/wp\/v2\/posts\/71754\/revisions"}],"wp:attachment":[{"href":"https:\/\/www.deberes.net\/tesis\/wp-json\/wp\/v2\/media?parent=71754"}],"wp:term":[{"taxonomy":"category","embeddable":true,"href":"https:\/\/www.deberes.net\/tesis\/wp-json\/wp\/v2\/categories?post=71754"},{"taxonomy":"post_tag","embeddable":true,"href":"https:\/\/www.deberes.net\/tesis\/wp-json\/wp\/v2\/tags?post=71754"}],"curies":[{"name":"wp","href":"https:\/\/api.w.org\/{rel}","templated":true}]}}