{"id":71845,"date":"2018-03-09T23:16:34","date_gmt":"2018-03-09T23:16:34","guid":{"rendered":"https:\/\/www.deberes.net\/tesis\/sin-categoria\/recerques-silenccioses-espirituals-a-laart-dels-1980-2000-intercomunicacio-amb-el-meu-proces-creatiu\/"},"modified":"2018-03-09T23:16:34","modified_gmt":"2018-03-09T23:16:34","slug":"recerques-silenccioses-espirituals-a-laart-dels-1980-2000-intercomunicacio-amb-el-meu-proces-creatiu","status":"publish","type":"post","link":"https:\/\/www.deberes.net\/tesis\/historia\/recerques-silenccioses-espirituals-a-laart-dels-1980-2000-intercomunicacio-amb-el-meu-proces-creatiu\/","title":{"rendered":"Recerques silenccioses &#8211; espirituals a l\u00c2\u00bfart dels 1980 -2000. intercomunicaci\u00f3 amb el meu proc\u00e9s creatiu"},"content":{"rendered":"<h2>Tesis doctoral de <strong> Josep Pedros Ginestar <\/strong><\/h2>\n<p>En la tesis intentamos mostrar como a lo largo de las vanguardias el arte ha continuado teniendo inter\u00e9s, al menos en algunas de sus ramas, por la trascendencia, por la sed de metaf\u00edsica. Si bien es cierto que el cristianismo, en el mundo occidental ha perdido su fuerza creativa, y ya no es fuente inspiradora para un gran arte, si en cambio continua habiendo creativos cuyo trabajo art\u00edstico toma como referencias ese mundo de la espiritualidad presente en visiones menos absolutistas. La tesis est\u00e1 dividida en dos mitades, en una primera analizamos distintas tem\u00e1ticas referentes a la continuidad de la b\u00fasqueda metaf\u00edsica en la modernidad y que despu\u00e9s describiremos m\u00e1s detenidamente y en una segunda parte la tesis aborda temas que guardan relaci\u00f3n m\u00e1s espec\u00edficamente con nuestro trabajo creativo personal.  la primera parte del trabajo est\u00e1 al mismo tiempo dividida en distintos subapartados, uno en el que analizamos la crisis de este mundo contempor\u00e1neo venido desde la ilustraci\u00f3n, el vacio del hombre alejado de cualquier preocupaci\u00f3n metaf\u00edsica, la de simbolizaci\u00f3n de la propia existencia, reducida a pura materia, as\u00ed como la destrucci\u00f3n de la naturaleza motivada entre otros factores, por la propia de simbolizaci\u00f3n, o de sacralizaci\u00f3n de la misma. en el segundo apartado vamos a incidir b\u00e1sicamente sobre la pl\u00e1stica, hablando del arte de las vanguardias hasta los a\u00f1os 80, primeramente, y en segundo lugar analizando con m\u00e1s profundidad y detenimiento lo realizado desde esa d\u00e9cada de los 80 hasta la actualidad. La modernidad ha construido otras maneras de mostrar o incluso de realizar el arte, as\u00ed ha habido artistas que han trabajado en templos, capillas, etc. Una de esas maneras de mostrar el arte con inquietudes metaf\u00edsicas el \u00abla ruta de les ermites\u00bb de la cual hablaremos en un cap\u00edtulo. Hemos intentado mostrar como el arte de las vanguardias, aqu\u00e9l arte en principio \u00abdescre\u00eddo\u00bb al margen totalmente de cualq<\/p>\n<p>&nbsp;<\/p>\n<h3>Datos acad\u00e9micos de la tesis doctoral \u00ab<strong>Recerques silenccioses &#8211; espirituals a l\u00c2\u00bfart dels 1980 -2000. intercomunicaci\u00f3 amb el meu proc\u00e9s creatiu<\/strong>\u00ab<\/h3>\n<ul>\n<li><strong>T\u00edtulo de la tesis:<\/strong>\u00a0 Recerques silenccioses &#8211; espirituals a l\u00c2\u00bfart dels 1980 -2000. intercomunicaci\u00f3 amb el meu proc\u00e9s creatiu <\/li>\n<li><strong>Autor:<\/strong>\u00a0 Josep Pedros Ginestar <\/li>\n<li><strong>Universidad:<\/strong>\u00a0 Polit\u00e9cnica de Valencia<\/li>\n<li><strong>Fecha de lectura de la tesis:<\/strong>\u00a0 14\/12\/2004<\/li>\n<\/ul>\n<p>&nbsp;<\/p>\n<h3>Direcci\u00f3n y tribunal<\/h3>\n<ul>\n<li><strong>Director de la tesis<\/strong>\n<ul>\n<li> Albelda Raga Jos\u00e9 Lu\u00eds<\/li>\n<\/ul>\n<\/li>\n<li><strong>Tribunal<\/strong>\n<ul>\n<li>Presidente del tribunal: rom\u00ed\u00a0 De la calle de la calle <\/li>\n<li>pere L\u00f3pez vidal (vocal)<\/li>\n<li>Juan Llaver\u00eda arasa (vocal)<\/li>\n<li>Fernando Machado baldasano (vocal)<\/li>\n<\/ul>\n<\/li>\n<\/ul>\n<p>&nbsp;<\/p>\n","protected":false},"excerpt":{"rendered":"<p>Tesis doctoral de Josep Pedros Ginestar En la tesis intentamos mostrar como a lo largo de las vanguardias el arte [&hellip;]<\/p>\n","protected":false},"author":1,"featured_media":0,"comment_status":"open","ping_status":"open","sticky":false,"template":"","format":"standard","meta":{"site-sidebar-layout":"default","site-content-layout":"","ast-site-content-layout":"","site-content-style":"default","site-sidebar-style":"default","ast-global-header-display":"","ast-banner-title-visibility":"","ast-main-header-display":"","ast-hfb-above-header-display":"","ast-hfb-below-header-display":"","ast-hfb-mobile-header-display":"","site-post-title":"","ast-breadcrumbs-content":"","ast-featured-img":"","footer-sml-layout":"","theme-transparent-header-meta":"","adv-header-id-meta":"","stick-header-meta":"","header-above-stick-meta":"","header-main-stick-meta":"","header-below-stick-meta":"","astra-migrate-meta-layouts":"default","ast-page-background-enabled":"default","ast-page-background-meta":{"desktop":{"background-color":"var(--ast-global-color-4)","background-image":"","background-repeat":"repeat","background-position":"center center","background-size":"auto","background-attachment":"scroll","background-type":"","background-media":"","overlay-type":"","overlay-color":"","overlay-gradient":""},"tablet":{"background-color":"","background-image":"","background-repeat":"repeat","background-position":"center center","background-size":"auto","background-attachment":"scroll","background-type":"","background-media":"","overlay-type":"","overlay-color":"","overlay-gradient":""},"mobile":{"background-color":"","background-image":"","background-repeat":"repeat","background-position":"center center","background-size":"auto","background-attachment":"scroll","background-type":"","background-media":"","overlay-type":"","overlay-color":"","overlay-gradient":""}},"ast-content-background-meta":{"desktop":{"background-color":"var(--ast-global-color-5)","background-image":"","background-repeat":"repeat","background-position":"center center","background-size":"auto","background-attachment":"scroll","background-type":"","background-media":"","overlay-type":"","overlay-color":"","overlay-gradient":""},"tablet":{"background-color":"var(--ast-global-color-5)","background-image":"","background-repeat":"repeat","background-position":"center center","background-size":"auto","background-attachment":"scroll","background-type":"","background-media":"","overlay-type":"","overlay-color":"","overlay-gradient":""},"mobile":{"background-color":"var(--ast-global-color-5)","background-image":"","background-repeat":"repeat","background-position":"center center","background-size":"auto","background-attachment":"scroll","background-type":"","background-media":"","overlay-type":"","overlay-color":"","overlay-gradient":""}},"footnotes":""},"categories":[147,104,1014,2563,222,3806,16820,1111],"tags":[150799,16941,156427,31232,31323,16851],"class_list":["post-71845","post","type-post","status-publish","format-standard","hentry","category-ciencias-de-las-artes-y-las-letras","category-historia","category-historia-del-arte","category-historia-del-arte-de-los-siglos-xix-y-xx","category-historias-especializadas","category-pintura","category-politecnica-de-valencia","category-teoria-analisis-y-critica-de-las-bellas-artes","tag-albelda-raga-jose-luis","tag-fernando-machado-baldasano","tag-josep-pedros-ginestar","tag-juan-llaveria-arasa","tag-pere-lopez-vidal","tag-romi-de-la-calle-de-la-calle"],"_links":{"self":[{"href":"https:\/\/www.deberes.net\/tesis\/wp-json\/wp\/v2\/posts\/71845","targetHints":{"allow":["GET"]}}],"collection":[{"href":"https:\/\/www.deberes.net\/tesis\/wp-json\/wp\/v2\/posts"}],"about":[{"href":"https:\/\/www.deberes.net\/tesis\/wp-json\/wp\/v2\/types\/post"}],"author":[{"embeddable":true,"href":"https:\/\/www.deberes.net\/tesis\/wp-json\/wp\/v2\/users\/1"}],"replies":[{"embeddable":true,"href":"https:\/\/www.deberes.net\/tesis\/wp-json\/wp\/v2\/comments?post=71845"}],"version-history":[{"count":0,"href":"https:\/\/www.deberes.net\/tesis\/wp-json\/wp\/v2\/posts\/71845\/revisions"}],"wp:attachment":[{"href":"https:\/\/www.deberes.net\/tesis\/wp-json\/wp\/v2\/media?parent=71845"}],"wp:term":[{"taxonomy":"category","embeddable":true,"href":"https:\/\/www.deberes.net\/tesis\/wp-json\/wp\/v2\/categories?post=71845"},{"taxonomy":"post_tag","embeddable":true,"href":"https:\/\/www.deberes.net\/tesis\/wp-json\/wp\/v2\/tags?post=71845"}],"curies":[{"name":"wp","href":"https:\/\/api.w.org\/{rel}","templated":true}]}}