{"id":71850,"date":"2018-03-09T23:16:34","date_gmt":"2018-03-09T23:16:34","guid":{"rendered":"https:\/\/www.deberes.net\/tesis\/sin-categoria\/miradas-tura%c2%adsticas-a-la-ciudad-analisis-del-comportamiento-de-los-visitantes-del-barrio-antiguo-de-girona\/"},"modified":"2018-03-09T23:16:34","modified_gmt":"2018-03-09T23:16:34","slug":"miradas-tura%c2%adsticas-a-la-ciudad-analisis-del-comportamiento-de-los-visitantes-del-barrio-antiguo-de-girona","status":"publish","type":"post","link":"https:\/\/www.deberes.net\/tesis\/sociologia\/miradas-tura%c2%adsticas-a-la-ciudad-analisis-del-comportamiento-de-los-visitantes-del-barrio-antiguo-de-girona\/","title":{"rendered":"Miradas tur\u00edsticas a la ciudad. an\u00e1lisis del comportamiento de los visitantes del barrio antiguo de girona"},"content":{"rendered":"<h2>Tesis doctoral de <strong> Nuria Gal\u00ed Espelt <\/strong><\/h2>\n<p>Investigaci\u00f3n centrada en el estudio del comportamiento del turismo en las ciudades monumentales, a partir de la experiencia de los visitantes del barrio viejo de girona.  el trabajo se ha sustentado en una metodolog\u00eda de estudio basada en la observaci\u00f3n directa de los visitantes durante sus recorridos. As\u00ed, se ha recopilado toda la informaci\u00f3n b\u00e1sica relativa al itinerario, monumentos visitados, actitudes, tiempos&#8230;  los resultados obtenidos nos han permitido:  1- determinar la forma como los visitantes entran en contacto con el patrimonio monumental  2- identificar los factores que influyen en el comportamiento de los turistas durante sus visitas  3- definir modelos de itinerarios  4- demostrar que la relaci\u00f3n entre le turista y el patrimonio monumental responde a cuatro formas de consumo diferenciadas<\/p>\n<p>&nbsp;<\/p>\n<h3>Datos acad\u00e9micos de la tesis doctoral \u00ab<strong>Miradas tur\u00edsticas a la ciudad. an\u00e1lisis del comportamiento de los visitantes del barrio antiguo de girona<\/strong>\u00ab<\/h3>\n<ul>\n<li><strong>T\u00edtulo de la tesis:<\/strong>\u00a0 Miradas tur\u00edsticas a la ciudad. an\u00e1lisis del comportamiento de los visitantes del barrio antiguo de girona <\/li>\n<li><strong>Autor:<\/strong>\u00a0 Nuria Gal\u00ed Espelt <\/li>\n<li><strong>Universidad:<\/strong>\u00a0 Girona<\/li>\n<li><strong>Fecha de lectura de la tesis:<\/strong>\u00a0 14\/12\/2004<\/li>\n<\/ul>\n<p>&nbsp;<\/p>\n<h3>Direcci\u00f3n y tribunal<\/h3>\n<ul>\n<li><strong>Director de la tesis<\/strong>\n<ul>\n<li> Donaire Benito Jos\u00e9 Antonio<\/li>\n<\/ul>\n<\/li>\n<li><strong>Tribunal<\/strong>\n<ul>\n<li>Presidente del tribunal: Jos\u00e9 fernando Vera rebollo <\/li>\n<li>salvador Anton clav\u00e9 (vocal)<\/li>\n<li>josep m. Nolla brufau (vocal)<\/li>\n<li>francesc xavier Roige ventura (vocal)<\/li>\n<\/ul>\n<\/li>\n<\/ul>\n<p>&nbsp;<\/p>\n","protected":false},"excerpt":{"rendered":"<p>Tesis doctoral de Nuria Gal\u00ed Espelt Investigaci\u00f3n centrada en el estudio del comportamiento del turismo en las ciudades monumentales, a [&hellip;]<\/p>\n","protected":false},"author":1,"featured_media":0,"comment_status":"open","ping_status":"open","sticky":false,"template":"","format":"standard","meta":{"site-sidebar-layout":"default","site-content-layout":"","ast-site-content-layout":"","site-content-style":"default","site-sidebar-style":"default","ast-global-header-display":"","ast-banner-title-visibility":"","ast-main-header-display":"","ast-hfb-above-header-display":"","ast-hfb-below-header-display":"","ast-hfb-mobile-header-display":"","site-post-title":"","ast-breadcrumbs-content":"","ast-featured-img":"","footer-sml-layout":"","theme-transparent-header-meta":"","adv-header-id-meta":"","stick-header-meta":"","header-above-stick-meta":"","header-main-stick-meta":"","header-below-stick-meta":"","astra-migrate-meta-layouts":"default","ast-page-background-enabled":"default","ast-page-background-meta":{"desktop":{"background-color":"var(--ast-global-color-4)","background-image":"","background-repeat":"repeat","background-position":"center center","background-size":"auto","background-attachment":"scroll","background-type":"","background-media":"","overlay-type":"","overlay-color":"","overlay-gradient":""},"tablet":{"background-color":"","background-image":"","background-repeat":"repeat","background-position":"center center","background-size":"auto","background-attachment":"scroll","background-type":"","background-media":"","overlay-type":"","overlay-color":"","overlay-gradient":""},"mobile":{"background-color":"","background-image":"","background-repeat":"repeat","background-position":"center center","background-size":"auto","background-attachment":"scroll","background-type":"","background-media":"","overlay-type":"","overlay-color":"","overlay-gradient":""}},"ast-content-background-meta":{"desktop":{"background-color":"var(--ast-global-color-5)","background-image":"","background-repeat":"repeat","background-position":"center center","background-size":"auto","background-attachment":"scroll","background-type":"","background-media":"","overlay-type":"","overlay-color":"","overlay-gradient":""},"tablet":{"background-color":"var(--ast-global-color-5)","background-image":"","background-repeat":"repeat","background-position":"center center","background-size":"auto","background-attachment":"scroll","background-type":"","background-media":"","overlay-type":"","overlay-color":"","overlay-gradient":""},"mobile":{"background-color":"var(--ast-global-color-5)","background-image":"","background-repeat":"repeat","background-position":"center center","background-size":"auto","background-attachment":"scroll","background-type":"","background-media":"","overlay-type":"","overlay-color":"","overlay-gradient":""}},"footnotes":""},"categories":[681,983,1399,3090,8151,18809,23290,12931,269,2232],"tags":[156434,156435,22527,20385,156433,38456],"class_list":["post-71850","post","type-post","status-publish","format-standard","hentry","category-antropologia","category-antropologia-cultural","category-geografia","category-geografia-regional","category-geografia-urbana","category-girona","category-museologia","category-relaciones-culturales","category-sociologia","category-sociologia-cultural","tag-donaire-benito-jose-antonio","tag-francesc-xavier-roige-ventura","tag-jose-fernando-vera-rebollo","tag-josep-m-nolla-brufau","tag-nuria-gali-espelt","tag-salvador-anton-clave"],"_links":{"self":[{"href":"https:\/\/www.deberes.net\/tesis\/wp-json\/wp\/v2\/posts\/71850","targetHints":{"allow":["GET"]}}],"collection":[{"href":"https:\/\/www.deberes.net\/tesis\/wp-json\/wp\/v2\/posts"}],"about":[{"href":"https:\/\/www.deberes.net\/tesis\/wp-json\/wp\/v2\/types\/post"}],"author":[{"embeddable":true,"href":"https:\/\/www.deberes.net\/tesis\/wp-json\/wp\/v2\/users\/1"}],"replies":[{"embeddable":true,"href":"https:\/\/www.deberes.net\/tesis\/wp-json\/wp\/v2\/comments?post=71850"}],"version-history":[{"count":0,"href":"https:\/\/www.deberes.net\/tesis\/wp-json\/wp\/v2\/posts\/71850\/revisions"}],"wp:attachment":[{"href":"https:\/\/www.deberes.net\/tesis\/wp-json\/wp\/v2\/media?parent=71850"}],"wp:term":[{"taxonomy":"category","embeddable":true,"href":"https:\/\/www.deberes.net\/tesis\/wp-json\/wp\/v2\/categories?post=71850"},{"taxonomy":"post_tag","embeddable":true,"href":"https:\/\/www.deberes.net\/tesis\/wp-json\/wp\/v2\/tags?post=71850"}],"curies":[{"name":"wp","href":"https:\/\/api.w.org\/{rel}","templated":true}]}}