{"id":71868,"date":"2018-03-09T23:16:34","date_gmt":"2018-03-09T23:16:34","guid":{"rendered":"https:\/\/www.deberes.net\/tesis\/sin-categoria\/la-formacion-permanente-del-profesorado-para-la-integracion-de-las-tecnologias-de-la-informacion-y-la-comunicacion-en-la-comunidad-autonoma-de-canarias\/"},"modified":"2018-03-09T23:16:34","modified_gmt":"2018-03-09T23:16:34","slug":"la-formacion-permanente-del-profesorado-para-la-integracion-de-las-tecnologias-de-la-informacion-y-la-comunicacion-en-la-comunidad-autonoma-de-canarias","status":"publish","type":"post","link":"https:\/\/www.deberes.net\/tesis\/matematicas\/la-formacion-permanente-del-profesorado-para-la-integracion-de-las-tecnologias-de-la-informacion-y-la-comunicacion-en-la-comunidad-autonoma-de-canarias\/","title":{"rendered":"La formacion permanente del profesorado para la integracion de las tecnolog\u00edas de la informacion y la comunicacion en la comunidad autonoma de canarias"},"content":{"rendered":"<h2>Tesis doctoral de <strong>  Sanabria Mesa Ana Luisa <\/strong><\/h2>\n<p>En esta investigaci\u00f3n se reconstruyen y analizan las pol\u00edticas de formaci\u00f3n permanente del profesorado para la integraci\u00f3n curricular de las t.I.C.S, puestas en marcha durante los a\u00f1os ochenta y noventa en la comunidad aut\u00f3noma de canarias.  el marco te\u00f3rico se estructura en tres cap\u00edtulos. En el primero, se aborda la relaci\u00f3n entre las sociedades de la informacin, las tecnolog\u00edas de la informaci\u00f3n y la comunicaci\u00f3n y la educaci\u00f3n escolar. El segundo, se adentra en las pol\u00edticas de integraci\u00f3n pedag\u00f3gica puestas en marcha por las instituciones internacionales, nacionales, locales o regionales. Desde los a\u00f1os ochenta hasta principios de dos mil. Por \u00faltimo, en el tercer cap\u00edtulo se aborda la formaci\u00f3n del profesorado para la integraci\u00f3n curricular de las tics, y se recoge las pol\u00edticas de formaci\u00f3n permanente desarrolladas en espa\u00f1a desde los a\u00f1os sesenta hasta principios de dos mil, as\u00ed como las dimensiones formativas que deben contemplarse en los modelos de formaci\u00f3n dle profesorado.  la investigaci\u00f3n queda estructurada en tres estudios, en los cuales se abordan las distintas acciones institucionales y actividades de formaci\u00f3n del profesorado para la integraci\u00f3n curricular de las tics, puestas en marcha por la consejer\u00eda de educaci\u00f3n, cultura y deportes del gobierno de canarias, durante los a\u00f1os ochenta y noventa. En este sentido, en el primer estudio se analizan los cursos de perfeccionamiento y proyectos de innovaci\u00f3n; en el segundo, se reconstruyen y analiza el desarrollo de los programas institucionales para la integraci\u00f3n curricular de estas tecnolog\u00edas, siendo objeto de estudio el proyecto \u00e1baco, el programa de medios audiovisuales y el proyecto de nueas tecnolog\u00edas; y en el tercer estudio se reconstruyen y analizan las caracter\u00edsticas y la evoluci\u00f3n de los sistemas de apoyo de los centros de profesores en el \u00e1mbito de las tics.  los resultados generales de la investigaci\u00f3n se\u00f1alan que<\/p>\n<p>&nbsp;<\/p>\n<h3>Datos acad\u00e9micos de la tesis doctoral \u00ab<strong>La formacion permanente del profesorado para la integracion de las tecnolog\u00edas de la informacion y la comunicacion en la comunidad autonoma de canarias<\/strong>\u00ab<\/h3>\n<ul>\n<li><strong>T\u00edtulo de la tesis:<\/strong>\u00a0 La formacion permanente del profesorado para la integracion de las tecnolog\u00edas de la informacion y la comunicacion en la comunidad autonoma de canarias <\/li>\n<li><strong>Autor:<\/strong>\u00a0  Sanabria Mesa Ana Luisa <\/li>\n<li><strong>Universidad:<\/strong>\u00a0 La laguna<\/li>\n<li><strong>Fecha de lectura de la tesis:<\/strong>\u00a0 15\/12\/2004<\/li>\n<\/ul>\n<p>&nbsp;<\/p>\n<h3>Direcci\u00f3n y tribunal<\/h3>\n<ul>\n<li><strong>Director de la tesis<\/strong>\n<ul>\n<li>Manuel Area Moreira<\/li>\n<\/ul>\n<\/li>\n<li><strong>Tribunal<\/strong>\n<ul>\n<li>Presidente del tribunal: Javier Marrero acosta <\/li>\n<li>Juan a Mar\u00eda Sancho gil (vocal)<\/li>\n<li> De pablo pons Juan (vocal)<\/li>\n<li>Fernando Martin galan (vocal)<\/li>\n<\/ul>\n<\/li>\n<\/ul>\n<p>&nbsp;<\/p>\n","protected":false},"excerpt":{"rendered":"<p>Tesis doctoral de Sanabria Mesa Ana Luisa En esta investigaci\u00f3n se reconstruyen y analizan las pol\u00edticas de formaci\u00f3n permanente del [&hellip;]<\/p>\n","protected":false},"author":1,"featured_media":0,"comment_status":"open","ping_status":"open","sticky":false,"template":"","format":"standard","meta":{"site-sidebar-layout":"default","site-content-layout":"","ast-site-content-layout":"","site-content-style":"default","site-sidebar-style":"default","ast-global-header-display":"","ast-banner-title-visibility":"","ast-main-header-display":"","ast-hfb-above-header-display":"","ast-hfb-below-header-display":"","ast-hfb-mobile-header-display":"","site-post-title":"","ast-breadcrumbs-content":"","ast-featured-img":"","footer-sml-layout":"","theme-transparent-header-meta":"","adv-header-id-meta":"","stick-header-meta":"","header-above-stick-meta":"","header-main-stick-meta":"","header-below-stick-meta":"","astra-migrate-meta-layouts":"default","ast-page-background-enabled":"default","ast-page-background-meta":{"desktop":{"background-color":"var(--ast-global-color-4)","background-image":"","background-repeat":"repeat","background-position":"center center","background-size":"auto","background-attachment":"scroll","background-type":"","background-media":"","overlay-type":"","overlay-color":"","overlay-gradient":""},"tablet":{"background-color":"","background-image":"","background-repeat":"repeat","background-position":"center center","background-size":"auto","background-attachment":"scroll","background-type":"","background-media":"","overlay-type":"","overlay-color":"","overlay-gradient":""},"mobile":{"background-color":"","background-image":"","background-repeat":"repeat","background-position":"center center","background-size":"auto","background-attachment":"scroll","background-type":"","background-media":"","overlay-type":"","overlay-color":"","overlay-gradient":""}},"ast-content-background-meta":{"desktop":{"background-color":"var(--ast-global-color-5)","background-image":"","background-repeat":"repeat","background-position":"center center","background-size":"auto","background-attachment":"scroll","background-type":"","background-media":"","overlay-type":"","overlay-color":"","overlay-gradient":""},"tablet":{"background-color":"var(--ast-global-color-5)","background-image":"","background-repeat":"repeat","background-position":"center center","background-size":"auto","background-attachment":"scroll","background-type":"","background-media":"","overlay-type":"","overlay-color":"","overlay-gradient":""},"mobile":{"background-color":"var(--ast-global-color-5)","background-image":"","background-repeat":"repeat","background-position":"center center","background-size":"auto","background-attachment":"scroll","background-type":"","background-media":"","overlay-type":"","overlay-color":"","overlay-gradient":""}},"footnotes":""},"categories":[1890,1892,1140,9915,126,4907,1141,1288,1341],"tags":[156466,70447,1145,1143,10163,156465],"class_list":["post-71868","post","type-post","status-publish","format-standard","hentry","category-ciencia-de-los-ordenadores","category-ensenanza-con-ayuda-de-ordenador","category-formacion-y-empleo-de-profesores","category-la-laguna","category-matematicas","category-metodos-audiovisuales-en-pedagogia","category-pedagogia","category-preparacion-de-profesores","category-teoria-y-metodos-educativos","tag-de-pablo-pons-juan","tag-fernando-martin-galan","tag-javier-marrero-acosta","tag-juan-a-maria-sancho-gil","tag-manuel-area-moreira","tag-sanabria-mesa-ana-luisa"],"_links":{"self":[{"href":"https:\/\/www.deberes.net\/tesis\/wp-json\/wp\/v2\/posts\/71868","targetHints":{"allow":["GET"]}}],"collection":[{"href":"https:\/\/www.deberes.net\/tesis\/wp-json\/wp\/v2\/posts"}],"about":[{"href":"https:\/\/www.deberes.net\/tesis\/wp-json\/wp\/v2\/types\/post"}],"author":[{"embeddable":true,"href":"https:\/\/www.deberes.net\/tesis\/wp-json\/wp\/v2\/users\/1"}],"replies":[{"embeddable":true,"href":"https:\/\/www.deberes.net\/tesis\/wp-json\/wp\/v2\/comments?post=71868"}],"version-history":[{"count":0,"href":"https:\/\/www.deberes.net\/tesis\/wp-json\/wp\/v2\/posts\/71868\/revisions"}],"wp:attachment":[{"href":"https:\/\/www.deberes.net\/tesis\/wp-json\/wp\/v2\/media?parent=71868"}],"wp:term":[{"taxonomy":"category","embeddable":true,"href":"https:\/\/www.deberes.net\/tesis\/wp-json\/wp\/v2\/categories?post=71868"},{"taxonomy":"post_tag","embeddable":true,"href":"https:\/\/www.deberes.net\/tesis\/wp-json\/wp\/v2\/tags?post=71868"}],"curies":[{"name":"wp","href":"https:\/\/api.w.org\/{rel}","templated":true}]}}