{"id":71870,"date":"2018-03-09T23:16:34","date_gmt":"2018-03-09T23:16:34","guid":{"rendered":"https:\/\/www.deberes.net\/tesis\/sin-categoria\/elementos-para-una-psicologa%c2%ada-de-la-accion\/"},"modified":"2018-03-09T23:16:34","modified_gmt":"2018-03-09T23:16:34","slug":"elementos-para-una-psicologa%c2%ada-de-la-accion","status":"publish","type":"post","link":"https:\/\/www.deberes.net\/tesis\/psicologia\/elementos-para-una-psicologa%c2%ada-de-la-accion\/","title":{"rendered":"Elementos para una psicolog\u00eda de la acci\u00f3n"},"content":{"rendered":"<h2>Tesis doctoral de <strong>  Rojas Martin Jos\u00e9 Oriol <\/strong><\/h2>\n<p>En el trabajo se vincula el paradigma de la complejidad con las teorias de la psicolog\u00eda ecologica de barker, a fin de obtener unos instrumentos conceptuales que permitan abordar el problema de la acci\u00f3n desde una perspectiva\/ecologica y por tanto compleja.  se propone la noci\u00f3n de espisodio de acci\u00f3n social.<\/p>\n<p>&nbsp;<\/p>\n<h3>Datos acad\u00e9micos de la tesis doctoral \u00ab<strong>Elementos para una psicolog\u00eda de la acci\u00f3n<\/strong>\u00ab<\/h3>\n<ul>\n<li><strong>T\u00edtulo de la tesis:<\/strong>\u00a0 Elementos para una psicolog\u00eda de la acci\u00f3n <\/li>\n<li><strong>Autor:<\/strong>\u00a0  Rojas Martin Jos\u00e9 Oriol <\/li>\n<li><strong>Universidad:<\/strong>\u00a0 Aut\u00f3noma de barcelona<\/li>\n<li><strong>Fecha de lectura de la tesis:<\/strong>\u00a0 15\/12\/2004<\/li>\n<\/ul>\n<p>&nbsp;<\/p>\n<h3>Direcci\u00f3n y tribunal<\/h3>\n<ul>\n<li><strong>Director de la tesis<\/strong>\n<ul>\n<li>Tomas Iba\u00f1ez Gracia<\/li>\n<\/ul>\n<\/li>\n<li><strong>Tribunal<\/strong>\n<ul>\n<li>Presidente del tribunal: lupicinio I\u00f1iguez rueda <\/li>\n<li> Not\u00f3 i brullas pere (vocal)<\/li>\n<li> Lalueza sazatornil Jos\u00e9 Luis (vocal)<\/li>\n<li>pilar Albertin carbo (vocal)<\/li>\n<\/ul>\n<\/li>\n<\/ul>\n<p>&nbsp;<\/p>\n","protected":false},"excerpt":{"rendered":"<p>Tesis doctoral de Rojas Martin Jos\u00e9 Oriol En el trabajo se vincula el paradigma de la complejidad con las teorias [&hellip;]<\/p>\n","protected":false},"author":1,"featured_media":0,"comment_status":"open","ping_status":"open","sticky":false,"template":"","format":"standard","meta":{"site-sidebar-layout":"default","site-content-layout":"","ast-site-content-layout":"","site-content-style":"default","site-sidebar-style":"default","ast-global-header-display":"","ast-banner-title-visibility":"","ast-main-header-display":"","ast-hfb-above-header-display":"","ast-hfb-below-header-display":"","ast-hfb-mobile-header-display":"","site-post-title":"","ast-breadcrumbs-content":"","ast-featured-img":"","footer-sml-layout":"","theme-transparent-header-meta":"","adv-header-id-meta":"","stick-header-meta":"","header-above-stick-meta":"","header-main-stick-meta":"","header-below-stick-meta":"","astra-migrate-meta-layouts":"default","ast-page-background-enabled":"default","ast-page-background-meta":{"desktop":{"background-color":"var(--ast-global-color-4)","background-image":"","background-repeat":"repeat","background-position":"center center","background-size":"auto","background-attachment":"scroll","background-type":"","background-media":"","overlay-type":"","overlay-color":"","overlay-gradient":""},"tablet":{"background-color":"","background-image":"","background-repeat":"repeat","background-position":"center center","background-size":"auto","background-attachment":"scroll","background-type":"","background-media":"","overlay-type":"","overlay-color":"","overlay-gradient":""},"mobile":{"background-color":"","background-image":"","background-repeat":"repeat","background-position":"center center","background-size":"auto","background-attachment":"scroll","background-type":"","background-media":"","overlay-type":"","overlay-color":"","overlay-gradient":""}},"ast-content-background-meta":{"desktop":{"background-color":"var(--ast-global-color-5)","background-image":"","background-repeat":"repeat","background-position":"center center","background-size":"auto","background-attachment":"scroll","background-type":"","background-media":"","overlay-type":"","overlay-color":"","overlay-gradient":""},"tablet":{"background-color":"var(--ast-global-color-5)","background-image":"","background-repeat":"repeat","background-position":"center center","background-size":"auto","background-attachment":"scroll","background-type":"","background-media":"","overlay-type":"","overlay-color":"","overlay-gradient":""},"mobile":{"background-color":"var(--ast-global-color-5)","background-image":"","background-repeat":"repeat","background-position":"center center","background-size":"auto","background-attachment":"scroll","background-type":"","background-media":"","overlay-type":"","overlay-color":"","overlay-gradient":""}},"footnotes":""},"categories":[8178,324,996],"tags":[56930,1171,156471,151427,156470,6711],"class_list":["post-71870","post","type-post","status-publish","format-standard","hentry","category-interaccion-de-grupos","category-psicologia","category-psicologia-social","tag-lalueza-sazatornil-jose-luis","tag-lupicinio-iniguez-rueda","tag-noto-i-brullas-pere","tag-pilar-albertin-carbo","tag-rojas-martin-jose-oriol","tag-tomas-ibanez-gracia"],"_links":{"self":[{"href":"https:\/\/www.deberes.net\/tesis\/wp-json\/wp\/v2\/posts\/71870","targetHints":{"allow":["GET"]}}],"collection":[{"href":"https:\/\/www.deberes.net\/tesis\/wp-json\/wp\/v2\/posts"}],"about":[{"href":"https:\/\/www.deberes.net\/tesis\/wp-json\/wp\/v2\/types\/post"}],"author":[{"embeddable":true,"href":"https:\/\/www.deberes.net\/tesis\/wp-json\/wp\/v2\/users\/1"}],"replies":[{"embeddable":true,"href":"https:\/\/www.deberes.net\/tesis\/wp-json\/wp\/v2\/comments?post=71870"}],"version-history":[{"count":0,"href":"https:\/\/www.deberes.net\/tesis\/wp-json\/wp\/v2\/posts\/71870\/revisions"}],"wp:attachment":[{"href":"https:\/\/www.deberes.net\/tesis\/wp-json\/wp\/v2\/media?parent=71870"}],"wp:term":[{"taxonomy":"category","embeddable":true,"href":"https:\/\/www.deberes.net\/tesis\/wp-json\/wp\/v2\/categories?post=71870"},{"taxonomy":"post_tag","embeddable":true,"href":"https:\/\/www.deberes.net\/tesis\/wp-json\/wp\/v2\/tags?post=71870"}],"curies":[{"name":"wp","href":"https:\/\/api.w.org\/{rel}","templated":true}]}}