{"id":71885,"date":"2018-03-09T23:16:38","date_gmt":"2018-03-09T23:16:38","guid":{"rendered":"https:\/\/www.deberes.net\/tesis\/sin-categoria\/la-accion-civil-en-el-proceso-penal-elemenos-subjetivos\/"},"modified":"2018-03-09T23:16:38","modified_gmt":"2018-03-09T23:16:38","slug":"la-accion-civil-en-el-proceso-penal-elemenos-subjetivos","status":"publish","type":"post","link":"https:\/\/www.deberes.net\/tesis\/ciencias-juridicas-y-derecho\/la-accion-civil-en-el-proceso-penal-elemenos-subjetivos\/","title":{"rendered":"La accion civil en el proceso penal. elemenos subjetivos"},"content":{"rendered":"<h2>Tesis doctoral de <strong> Amaya Arnaiz Serrano <\/strong><\/h2>\n<p>La regulaci\u00f3n actual relativa al ejercicio acumulado de la acci\u00f3n civil a la penal en una causa criminal resulta a todas luces anacr\u00f3nica. Esto es as\u00ed porque es evidente que el proceso penal actual no ha de limitarse a ser exclusivamente el escenario para el ejercicio del ius puniendi del estado, sino que debe ser adem\u00e1s el lugar de encuentro de todas aquellas personas afectadas por la comisi\u00f3n de un il\u00edcito penal, facilitando as\u00ed la obtenci\u00f3n de la justicia proclamada por el estado social. En el presente trabajo hemos tratado de analizar cu\u00e1l es el alcance y contenido que la acci\u00f3n civil ejercitable en el proceso penal ha cobrado en nuestros d\u00edas.  la apuesta del legislador penal por la instituci\u00f3n de la acumulaci\u00f3n heterog\u00e9nea de acciones, que nos ha situado a la cabeza de los sistemas m\u00e1s modernos en protecci\u00f3n a las v\u00edctimas de delitos, requiere en este momento de un nuevo impulso que permita adecuarla a las nuevas tendencias y necesidades de la justicia penal. De nada servir\u00eda el acierto del legislador de 1882 al dise\u00f1ar una instituci\u00f3n tan encomiable como \u00e9sta, si la misma permaneciese inalterable frente a los nuevos tiempos que corren.<\/p>\n<p>&nbsp;<\/p>\n<h3>Datos acad\u00e9micos de la tesis doctoral \u00ab<strong>La accion civil en el proceso penal. elemenos subjetivos<\/strong>\u00ab<\/h3>\n<ul>\n<li><strong>T\u00edtulo de la tesis:<\/strong>\u00a0 La accion civil en el proceso penal. elemenos subjetivos <\/li>\n<li><strong>Autor:<\/strong>\u00a0 Amaya Arnaiz Serrano <\/li>\n<li><strong>Universidad:<\/strong>\u00a0 Carlos III de Madrid<\/li>\n<li><strong>Fecha de lectura de la tesis:<\/strong>\u00a0 15\/12\/2004<\/li>\n<\/ul>\n<p>&nbsp;<\/p>\n<h3>Direcci\u00f3n y tribunal<\/h3>\n<ul>\n<li><strong>Director de la tesis<\/strong>\n<ul>\n<li>Victor Moreno Catena<\/li>\n<\/ul>\n<\/li>\n<li><strong>Tribunal<\/strong>\n<ul>\n<li>Presidente del tribunal: Andr\u00e9s de la Oliva santos <\/li>\n<li>gonzalo Quintero olivares (vocal)<\/li>\n<li>Juan Montero aroca (vocal)<\/li>\n<li>valentin Cortes dominguez (vocal)<\/li>\n<\/ul>\n<\/li>\n<\/ul>\n<p>&nbsp;<\/p>\n","protected":false},"excerpt":{"rendered":"<p>Tesis doctoral de Amaya Arnaiz Serrano La regulaci\u00f3n actual relativa al ejercicio acumulado de la acci\u00f3n civil a la penal [&hellip;]<\/p>\n","protected":false},"author":1,"featured_media":0,"comment_status":"open","ping_status":"open","sticky":false,"template":"","format":"standard","meta":{"site-sidebar-layout":"default","site-content-layout":"","ast-site-content-layout":"","site-content-style":"default","site-sidebar-style":"default","ast-global-header-display":"","ast-banner-title-visibility":"","ast-main-header-display":"","ast-hfb-above-header-display":"","ast-hfb-below-header-display":"","ast-hfb-mobile-header-display":"","site-post-title":"","ast-breadcrumbs-content":"","ast-featured-img":"","footer-sml-layout":"","theme-transparent-header-meta":"","adv-header-id-meta":"","stick-header-meta":"","header-above-stick-meta":"","header-main-stick-meta":"","header-below-stick-meta":"","astra-migrate-meta-layouts":"default","ast-page-background-enabled":"default","ast-page-background-meta":{"desktop":{"background-color":"var(--ast-global-color-4)","background-image":"","background-repeat":"repeat","background-position":"center center","background-size":"auto","background-attachment":"scroll","background-type":"","background-media":"","overlay-type":"","overlay-color":"","overlay-gradient":""},"tablet":{"background-color":"","background-image":"","background-repeat":"repeat","background-position":"center center","background-size":"auto","background-attachment":"scroll","background-type":"","background-media":"","overlay-type":"","overlay-color":"","overlay-gradient":""},"mobile":{"background-color":"","background-image":"","background-repeat":"repeat","background-position":"center center","background-size":"auto","background-attachment":"scroll","background-type":"","background-media":"","overlay-type":"","overlay-color":"","overlay-gradient":""}},"ast-content-background-meta":{"desktop":{"background-color":"var(--ast-global-color-5)","background-image":"","background-repeat":"repeat","background-position":"center center","background-size":"auto","background-attachment":"scroll","background-type":"","background-media":"","overlay-type":"","overlay-color":"","overlay-gradient":""},"tablet":{"background-color":"var(--ast-global-color-5)","background-image":"","background-repeat":"repeat","background-position":"center center","background-size":"auto","background-attachment":"scroll","background-type":"","background-media":"","overlay-type":"","overlay-color":"","overlay-gradient":""},"mobile":{"background-color":"var(--ast-global-color-5)","background-image":"","background-repeat":"repeat","background-position":"center center","background-size":"auto","background-attachment":"scroll","background-type":"","background-media":"","overlay-type":"","overlay-color":"","overlay-gradient":""}},"footnotes":""},"categories":[18550,612,3620,5964,979,3621],"tags":[156498,3626,10950,12325,9850,11249],"class_list":["post-71885","post","type-post","status-publish","format-standard","hentry","category-carlos-iii-de-madrid","category-ciencias-juridicas-y-derecho","category-derecho-procesal","category-derecho-publico","category-derecho-y-legislacion-nacionales","category-organizacion-juridica","tag-amaya-arnaiz-serrano","tag-andres-de-la-oliva-santos","tag-gonzalo-quintero-olivares","tag-juan-montero-aroca","tag-valentin-cortes-dominguez","tag-victor-moreno-catena"],"_links":{"self":[{"href":"https:\/\/www.deberes.net\/tesis\/wp-json\/wp\/v2\/posts\/71885","targetHints":{"allow":["GET"]}}],"collection":[{"href":"https:\/\/www.deberes.net\/tesis\/wp-json\/wp\/v2\/posts"}],"about":[{"href":"https:\/\/www.deberes.net\/tesis\/wp-json\/wp\/v2\/types\/post"}],"author":[{"embeddable":true,"href":"https:\/\/www.deberes.net\/tesis\/wp-json\/wp\/v2\/users\/1"}],"replies":[{"embeddable":true,"href":"https:\/\/www.deberes.net\/tesis\/wp-json\/wp\/v2\/comments?post=71885"}],"version-history":[{"count":0,"href":"https:\/\/www.deberes.net\/tesis\/wp-json\/wp\/v2\/posts\/71885\/revisions"}],"wp:attachment":[{"href":"https:\/\/www.deberes.net\/tesis\/wp-json\/wp\/v2\/media?parent=71885"}],"wp:term":[{"taxonomy":"category","embeddable":true,"href":"https:\/\/www.deberes.net\/tesis\/wp-json\/wp\/v2\/categories?post=71885"},{"taxonomy":"post_tag","embeddable":true,"href":"https:\/\/www.deberes.net\/tesis\/wp-json\/wp\/v2\/tags?post=71885"}],"curies":[{"name":"wp","href":"https:\/\/api.w.org\/{rel}","templated":true}]}}