{"id":71904,"date":"2018-03-09T23:16:38","date_gmt":"2018-03-09T23:16:38","guid":{"rendered":"https:\/\/www.deberes.net\/tesis\/sin-categoria\/teoria-de-la-mente-y-lenguaje-de-referencia-mental-estudio-ontogenetico\/"},"modified":"2018-03-09T23:16:38","modified_gmt":"2018-03-09T23:16:38","slug":"teoria-de-la-mente-y-lenguaje-de-referencia-mental-estudio-ontogenetico","status":"publish","type":"post","link":"https:\/\/www.deberes.net\/tesis\/psicologia-evolutiva\/teoria-de-la-mente-y-lenguaje-de-referencia-mental-estudio-ontogenetico\/","title":{"rendered":"Teoria de la mente y lenguaje de referencia mental estudio ontogenetico"},"content":{"rendered":"<h2>Tesis doctoral de <strong> Mar\u00eda  Belen Pascual Melgosa <\/strong><\/h2>\n<p>En esta tesis doctoral se analizan las relaciones entre la producci\u00f3n y comprensi\u00f3n del lenguaje de referencia mental y la \u00abteor\u00eda de la mente\u00bb   en el desarrollo ontogen\u00e9tico de ni\u00f1os monoling\u00ed\u00bces espa\u00f1oles. El estudio comienza planteando las teor\u00edas que explican el desarrollo de la comprensi\u00f3n de la mente por parte de los ni\u00f1os, poniendo especial \u00e9nfasis en el papel de los procesos del lenguaje. Se hipotetiz\u00f3 que la adquisici\u00f3n de la sintaxis de las oraciones de complemento y las propiedades sem\u00e1nticas de los verbos mentales podr\u00edan facilitar el desarrollo de una teor\u00eda de la mente representacional mejor que la competencia ling\u00ed\u00bc\u00edstica general. Se realiz\u00f3 un estudio longitudinal para mostrar el desarrollo de la capacidad de atribuir creencias falsas y de varios \u00edndices de medida de la producci\u00f3n de lenguaje espont\u00e1neo en el intervalo comprendido entre los tres y los cinco a\u00f1os. Los participantes fueron 25 ni\u00f1os con un desarrollo evolutivo t\u00edpico, de tres a\u00f1os de edad al comienzo del estudio. A cada ni\u00f1o se le administr\u00f3 una tarea de creencia falsa y varios \u00edndices sint\u00e1cticos y sem\u00e1nticos referidos tanto a las habilidades ling\u00ed\u00bc\u00edsticas generales como al lenguaje de referencia mental en cinco sesiones diferentes. Asimismo, se realiz\u00f3 un estudio transversal para analizar la comprensi\u00f3n del lenguaje en general y en especial, de las propiedades sem\u00e1nticas de los verbos de referencia mental epist\u00e9micos en relaci\u00f3n con la capacidad de atribuir creencias falsas. Los participantes fueron 150 ni\u00f1os con un desarrollo evolutivo t\u00edpico de tres, tres y medio, cuatro, cuatro y medio y cinco a\u00f1os de edad. A cada ni\u00f1o se le administr\u00f3 una bater\u00eda de tareas de creencia falsa, tres test para medir la competencia ling\u00ed\u00bc\u00edstica general y tres tareas para medir la comprensi\u00f3n de las propiedades sem\u00e1nticas de los verbos epist\u00e9micos. Los resultados sugieren que la adquisici\u00f3n de la sem\u00e1ntica de los verbos mentales en producci\u00f3n y comprensi\u00f3n es una condici\u00f3n necesaria para resolver las tareas de creencia falsa. Estos resultados son congruentes con la tesis de que el lenguaje es esencial para el desarrollo de la \u00abteor\u00eda de la mente\u00bb.<\/p>\n<p>&nbsp;<\/p>\n<h3>Datos acad\u00e9micos de la tesis doctoral \u00ab<strong>Teoria de la mente y lenguaje de referencia mental estudio ontogenetico<\/strong>\u00ab<\/h3>\n<ul>\n<li><strong>T\u00edtulo de la tesis:<\/strong>\u00a0 Teoria de la mente y lenguaje de referencia mental estudio ontogenetico <\/li>\n<li><strong>Autor:<\/strong>\u00a0 Mar\u00eda  Belen Pascual Melgosa <\/li>\n<li><strong>Universidad:<\/strong>\u00a0 Navarra<\/li>\n<li><strong>Fecha de lectura de la tesis:<\/strong>\u00a0 15\/12\/2004<\/li>\n<\/ul>\n<p>&nbsp;<\/p>\n<h3>Direcci\u00f3n y tribunal<\/h3>\n<ul>\n<li><strong>Director de la tesis<\/strong>\n<ul>\n<li>Gerardo Aguado Alonso<\/li>\n<\/ul>\n<\/li>\n<li><strong>Tribunal<\/strong>\n<ul>\n<li>Presidente del tribunal: jose Masdeu puche <\/li>\n<li>Ana t Perez leroux (vocal)<\/li>\n<li>mercedes Belinchon carmona (vocal)<\/li>\n<li>pilar Soto rodriguez (vocal)<\/li>\n<\/ul>\n<\/li>\n<\/ul>\n<p>&nbsp;<\/p>\n","protected":false},"excerpt":{"rendered":"<p>Tesis doctoral de Mar\u00eda Belen Pascual Melgosa En esta tesis doctoral se analizan las relaciones entre la producci\u00f3n y comprensi\u00f3n [&hellip;]<\/p>\n","protected":false},"author":1,"featured_media":0,"comment_status":"open","ping_status":"open","sticky":false,"template":"","format":"standard","meta":{"site-sidebar-layout":"default","site-content-layout":"","ast-site-content-layout":"","site-content-style":"default","site-sidebar-style":"default","ast-global-header-display":"","ast-banner-title-visibility":"","ast-main-header-display":"","ast-hfb-above-header-display":"","ast-hfb-below-header-display":"","ast-hfb-mobile-header-display":"","site-post-title":"","ast-breadcrumbs-content":"","ast-featured-img":"","footer-sml-layout":"","theme-transparent-header-meta":"","adv-header-id-meta":"","stick-header-meta":"","header-above-stick-meta":"","header-main-stick-meta":"","header-below-stick-meta":"","astra-migrate-meta-layouts":"default","ast-page-background-enabled":"default","ast-page-background-meta":{"desktop":{"background-color":"var(--ast-global-color-4)","background-image":"","background-repeat":"repeat","background-position":"center center","background-size":"auto","background-attachment":"scroll","background-type":"","background-media":"","overlay-type":"","overlay-color":"","overlay-gradient":""},"tablet":{"background-color":"","background-image":"","background-repeat":"repeat","background-position":"center center","background-size":"auto","background-attachment":"scroll","background-type":"","background-media":"","overlay-type":"","overlay-color":"","overlay-gradient":""},"mobile":{"background-color":"","background-image":"","background-repeat":"repeat","background-position":"center center","background-size":"auto","background-attachment":"scroll","background-type":"","background-media":"","overlay-type":"","overlay-color":"","overlay-gradient":""}},"ast-content-background-meta":{"desktop":{"background-color":"var(--ast-global-color-5)","background-image":"","background-repeat":"repeat","background-position":"center center","background-size":"auto","background-attachment":"scroll","background-type":"","background-media":"","overlay-type":"","overlay-color":"","overlay-gradient":""},"tablet":{"background-color":"var(--ast-global-color-5)","background-image":"","background-repeat":"repeat","background-position":"center center","background-size":"auto","background-attachment":"scroll","background-type":"","background-media":"","overlay-type":"","overlay-color":"","overlay-gradient":""},"mobile":{"background-color":"var(--ast-global-color-5)","background-image":"","background-repeat":"repeat","background-position":"center center","background-size":"auto","background-attachment":"scroll","background-type":"","background-media":"","overlay-type":"","overlay-color":"","overlay-gradient":""}},"footnotes":""},"categories":[6414,17749,7302,5262,2758],"tags":[156527,32026,54719,156526,17168,9334],"class_list":["post-71904","post","type-post","status-publish","format-standard","hentry","category-logopedia","category-navarra","category-procesos-cognitivos","category-procesos-mentales","category-psicologia-evolutiva","tag-ana-t-perez-leroux","tag-gerardo-aguado-alonso","tag-jose-masdeu-puche","tag-maria-belen-pascual-melgosa","tag-mercedes-belinchon-carmona","tag-pilar-soto-rodriguez"],"_links":{"self":[{"href":"https:\/\/www.deberes.net\/tesis\/wp-json\/wp\/v2\/posts\/71904","targetHints":{"allow":["GET"]}}],"collection":[{"href":"https:\/\/www.deberes.net\/tesis\/wp-json\/wp\/v2\/posts"}],"about":[{"href":"https:\/\/www.deberes.net\/tesis\/wp-json\/wp\/v2\/types\/post"}],"author":[{"embeddable":true,"href":"https:\/\/www.deberes.net\/tesis\/wp-json\/wp\/v2\/users\/1"}],"replies":[{"embeddable":true,"href":"https:\/\/www.deberes.net\/tesis\/wp-json\/wp\/v2\/comments?post=71904"}],"version-history":[{"count":0,"href":"https:\/\/www.deberes.net\/tesis\/wp-json\/wp\/v2\/posts\/71904\/revisions"}],"wp:attachment":[{"href":"https:\/\/www.deberes.net\/tesis\/wp-json\/wp\/v2\/media?parent=71904"}],"wp:term":[{"taxonomy":"category","embeddable":true,"href":"https:\/\/www.deberes.net\/tesis\/wp-json\/wp\/v2\/categories?post=71904"},{"taxonomy":"post_tag","embeddable":true,"href":"https:\/\/www.deberes.net\/tesis\/wp-json\/wp\/v2\/tags?post=71904"}],"curies":[{"name":"wp","href":"https:\/\/api.w.org\/{rel}","templated":true}]}}