{"id":71933,"date":"2018-03-09T23:16:38","date_gmt":"2018-03-09T23:16:38","guid":{"rendered":"https:\/\/www.deberes.net\/tesis\/sin-categoria\/los-acuerdos-de-libre-comercio-en-la-pola%c2%adtica-comercial-mexicana-a-la-luz-de-sus-objetivos-contenidos-y-tendencias\/"},"modified":"2018-03-09T23:16:38","modified_gmt":"2018-03-09T23:16:38","slug":"los-acuerdos-de-libre-comercio-en-la-pola%c2%adtica-comercial-mexicana-a-la-luz-de-sus-objetivos-contenidos-y-tendencias","status":"publish","type":"post","link":"https:\/\/www.deberes.net\/tesis\/ciencias-economicas\/los-acuerdos-de-libre-comercio-en-la-pola%c2%adtica-comercial-mexicana-a-la-luz-de-sus-objetivos-contenidos-y-tendencias\/","title":{"rendered":"Los acuerdos de libre comercio en la pol\u00edtica comercial mexicana: a la luz, de sus objetivos contenidos y tendencias"},"content":{"rendered":"<h2>Tesis doctoral de <strong>  Herrera Mart\u00ednez Luis Enrique <\/strong><\/h2>\n<p>Se realiza un an\u00e1lisis desde el punto de vista hist\u00f3rico, jur\u00eddico, pol\u00edtico y econ\u00f3mico de la pol\u00edtica comercial mexicana, en la importancia de sus dos grandes etapas: la proteccionista y la de la liberalizaci\u00f3n comercial; enfocando principalmente las dos \u00faltimas d\u00e9cadas del siglo xx.  del mismo mode se estudian los acuerdos del libre comercio concluidos por m\u00e9xico en esta materia y su papel en la aplicaci\u00f3n de dicha pol\u00edtica, como la comparaci\u00f3n entre dichos acuerdos desde el punto de vista jur\u00eddico para obtener puntos de similitud entre los mismos, as\u00ed como las diferencias.<\/p>\n<p>&nbsp;<\/p>\n<h3>Datos acad\u00e9micos de la tesis doctoral \u00ab<strong>Los acuerdos de libre comercio en la pol\u00edtica comercial mexicana: a la luz, de sus objetivos contenidos y tendencias<\/strong>\u00ab<\/h3>\n<ul>\n<li><strong>T\u00edtulo de la tesis:<\/strong>\u00a0 Los acuerdos de libre comercio en la pol\u00edtica comercial mexicana: a la luz, de sus objetivos contenidos y tendencias <\/li>\n<li><strong>Autor:<\/strong>\u00a0  Herrera Mart\u00ednez Luis Enrique <\/li>\n<li><strong>Universidad:<\/strong>\u00a0 Aut\u00f3noma de barcelona<\/li>\n<li><strong>Fecha de lectura de la tesis:<\/strong>\u00a0 16\/12\/2004<\/li>\n<\/ul>\n<p>&nbsp;<\/p>\n<h3>Direcci\u00f3n y tribunal<\/h3>\n<ul>\n<li><strong>Director de la tesis<\/strong>\n<ul>\n<li>Albert Galinsoga Jorda<\/li>\n<\/ul>\n<\/li>\n<li><strong>Tribunal<\/strong>\n<ul>\n<li>Presidente del tribunal: francesc Granell trias <\/li>\n<li>Mar\u00eda Rodes Jes\u00fas (vocal)<\/li>\n<li> Pi\u00f1oll rull joan Luis (vocal)<\/li>\n<li>jaume Munich gasa (vocal)<\/li>\n<\/ul>\n<\/li>\n<\/ul>\n<p>&nbsp;<\/p>\n","protected":false},"excerpt":{"rendered":"<p>Tesis doctoral de Herrera Mart\u00ednez Luis Enrique Se realiza un an\u00e1lisis desde el punto de vista hist\u00f3rico, jur\u00eddico, pol\u00edtico y [&hellip;]<\/p>\n","protected":false},"author":1,"featured_media":0,"comment_status":"open","ping_status":"open","sticky":false,"template":"","format":"standard","meta":{"site-sidebar-layout":"default","site-content-layout":"","ast-site-content-layout":"","site-content-style":"default","site-sidebar-style":"default","ast-global-header-display":"","ast-banner-title-visibility":"","ast-main-header-display":"","ast-hfb-above-header-display":"","ast-hfb-below-header-display":"","ast-hfb-mobile-header-display":"","site-post-title":"","ast-breadcrumbs-content":"","ast-featured-img":"","footer-sml-layout":"","theme-transparent-header-meta":"","adv-header-id-meta":"","stick-header-meta":"","header-above-stick-meta":"","header-main-stick-meta":"","header-below-stick-meta":"","astra-migrate-meta-layouts":"default","ast-page-background-enabled":"default","ast-page-background-meta":{"desktop":{"background-color":"var(--ast-global-color-4)","background-image":"","background-repeat":"repeat","background-position":"center center","background-size":"auto","background-attachment":"scroll","background-type":"","background-media":"","overlay-type":"","overlay-color":"","overlay-gradient":""},"tablet":{"background-color":"","background-image":"","background-repeat":"repeat","background-position":"center center","background-size":"auto","background-attachment":"scroll","background-type":"","background-media":"","overlay-type":"","overlay-color":"","overlay-gradient":""},"mobile":{"background-color":"","background-image":"","background-repeat":"repeat","background-position":"center center","background-size":"auto","background-attachment":"scroll","background-type":"","background-media":"","overlay-type":"","overlay-color":"","overlay-gradient":""}},"ast-content-background-meta":{"desktop":{"background-color":"var(--ast-global-color-5)","background-image":"","background-repeat":"repeat","background-position":"center center","background-size":"auto","background-attachment":"scroll","background-type":"","background-media":"","overlay-type":"","overlay-color":"","overlay-gradient":""},"tablet":{"background-color":"var(--ast-global-color-5)","background-image":"","background-repeat":"repeat","background-position":"center center","background-size":"auto","background-attachment":"scroll","background-type":"","background-media":"","overlay-type":"","overlay-color":"","overlay-gradient":""},"mobile":{"background-color":"var(--ast-global-color-5)","background-image":"","background-repeat":"repeat","background-position":"center center","background-size":"auto","background-attachment":"scroll","background-type":"","background-media":"","overlay-type":"","overlay-color":"","overlay-gradient":""}},"footnotes":""},"categories":[772,82,14764,910,13381,12677,2825,6830,737],"tags":[29451,20103,156571,156573,81013,156572],"class_list":["post-71933","post","type-post","status-publish","format-standard","hentry","category-actividad-economica","category-ciencias-economicas","category-comercio-interior","category-economia-internacional","category-integracion-economica","category-negocios-internacionales","category-organizacion-industrial-y-sector-publico","category-teoria-del-comercio-internacional","category-teoria-economica","tag-albert-galinsoga-jorda","tag-francesc-granell-trias","tag-herrera-Martinez-luis-enrique","tag-jaume-munich-gasa","tag-maria-rodes-jesus","tag-pinoll-rull-joan-luis"],"_links":{"self":[{"href":"https:\/\/www.deberes.net\/tesis\/wp-json\/wp\/v2\/posts\/71933","targetHints":{"allow":["GET"]}}],"collection":[{"href":"https:\/\/www.deberes.net\/tesis\/wp-json\/wp\/v2\/posts"}],"about":[{"href":"https:\/\/www.deberes.net\/tesis\/wp-json\/wp\/v2\/types\/post"}],"author":[{"embeddable":true,"href":"https:\/\/www.deberes.net\/tesis\/wp-json\/wp\/v2\/users\/1"}],"replies":[{"embeddable":true,"href":"https:\/\/www.deberes.net\/tesis\/wp-json\/wp\/v2\/comments?post=71933"}],"version-history":[{"count":0,"href":"https:\/\/www.deberes.net\/tesis\/wp-json\/wp\/v2\/posts\/71933\/revisions"}],"wp:attachment":[{"href":"https:\/\/www.deberes.net\/tesis\/wp-json\/wp\/v2\/media?parent=71933"}],"wp:term":[{"taxonomy":"category","embeddable":true,"href":"https:\/\/www.deberes.net\/tesis\/wp-json\/wp\/v2\/categories?post=71933"},{"taxonomy":"post_tag","embeddable":true,"href":"https:\/\/www.deberes.net\/tesis\/wp-json\/wp\/v2\/tags?post=71933"}],"curies":[{"name":"wp","href":"https:\/\/api.w.org\/{rel}","templated":true}]}}